{"id":16424,"date":"2026-04-27T09:29:21","date_gmt":"2026-04-27T07:29:21","guid":{"rendered":"https:\/\/serveiseducatius.xtec.cat\/solsones\/?p=16424"},"modified":"2026-04-27T09:37:28","modified_gmt":"2026-04-27T07:37:28","slug":"oferta-de-cicles-formatius-al-territori-adlsolcar","status":"publish","type":"post","link":"https:\/\/serveiseducatius.xtec.cat\/solsones\/general\/oferta-de-cicles-formatius-al-territori-adlsolcar\/","title":{"rendered":"Oferta de Cicles Formatius al territori ADLSOLCAR"},"content":{"rendered":"<p>Amb motiu de l&#8217;edici\u00f3 de la Fira Informa&#8217;t 2025,\u00a0 l&#8217;Ag\u00e8ncia de Desenvolupament Local de Solsona i Cardona, ADLSOLCAR, ha editat dos v\u00eddeos, un que recull l\u2019<strong><a href=\"https:\/\/drive.google.com\/drive\/u\/0\/folders\/1jWIEYzEdOV7IQES8V8zVrY3K7YszUdnC\">Oferta de cicles formatius del territori<\/a>\u00a0<\/strong> i un altre on l<strong><a href=\"https:\/\/drive.google.com\/drive\/u\/0\/folders\/1jWIEYzEdOV7IQES8V8zVrY3K7YszUdnC\">&#8216;alumnat explica la seva experi\u00e8ncia<\/a> <\/strong>i per qu\u00e8 han escollit estudiar formaci\u00f3 professional al territori.<\/p>\n<p>&nbsp;<\/p>\n<pre><a href=\"https:\/\/drive.google.com\/drive\/u\/0\/folders\/1jWIEYzEdOV7IQES8V8zVrY3K7YszUdnC\"><img loading=\"lazy\" decoding=\"async\" class=\"alignnone size-full wp-image-16459\" src=\"https:\/\/serveiseducatius.xtec.cat\/solsones\/wp-content\/uploads\/usu1176\/2026\/04\/Captura-de-pantalla-2026-04-20-102724.jpg\" alt=\"\" width=\"336\" height=\"595\" srcset=\"https:\/\/serveiseducatius.xtec.cat\/solsones\/wp-content\/uploads\/usu1176\/2026\/04\/Captura-de-pantalla-2026-04-20-102724.jpg 336w, https:\/\/serveiseducatius.xtec.cat\/solsones\/wp-content\/uploads\/usu1176\/2026\/04\/Captura-de-pantalla-2026-04-20-102724-169x300.jpg 169w\" sizes=\"auto, (max-width: 336px) 100vw, 336px\" \/>  V\u00eddeo 1 \u00a0\u00a0\u00a0\u00a0\u00a0 \u00a0\u00a0\u00a0\u00a0\u00a0\u00a0 <\/a> <a href=\"https:\/\/drive.google.com\/drive\/u\/0\/folders\/1jWIEYzEdOV7IQES8V8zVrY3K7YszUdnC\"><img loading=\"lazy\" decoding=\"async\" class=\"alignnone size-full wp-image-16460\" src=\"https:\/\/serveiseducatius.xtec.cat\/solsones\/wp-content\/uploads\/usu1176\/2026\/04\/Captura-de-pantalla-2026-04-20-103652.jpg\" alt=\"\" width=\"333\" height=\"598\" srcset=\"https:\/\/serveiseducatius.xtec.cat\/solsones\/wp-content\/uploads\/usu1176\/2026\/04\/Captura-de-pantalla-2026-04-20-103652.jpg 333w, https:\/\/serveiseducatius.xtec.cat\/solsones\/wp-content\/uploads\/usu1176\/2026\/04\/Captura-de-pantalla-2026-04-20-103652-167x300.jpg 167w\" sizes=\"auto, (max-width: 333px) 100vw, 333px\" \/>  Video 2<\/a><\/pre>\n","protected":false},"excerpt":{"rendered":"<p>Amb motiu de l&#8217;edici\u00f3 de la Fira Informa&#8217;t 2025,\u00a0 l&#8217;Ag\u00e8ncia de Desenvolupament Local de Solsona i Cardona, ADLSOLCAR, ha editat dos v\u00eddeos, un que recull l\u2019Oferta de cicles formatius del territori\u00a0 i un altre on l&#8216;alumnat explica la seva experi\u00e8ncia i per qu\u00e8 han escollit estudiar formaci\u00f3 professional al territori. &nbsp; V\u00eddeo 1 \u00a0\u00a0\u00a0\u00a0\u00a0 \u00a0\u00a0\u00a0\u00a0\u00a0\u00a0 [&hellip;]<\/p>\n","protected":false},"author":1,"featured_media":16496,"comment_status":"closed","ping_status":"open","sticky":false,"template":"","format":"standard","meta":{"_bbp_topic_count":0,"_bbp_reply_count":0,"_bbp_total_topic_count":0,"_bbp_total_reply_count":0,"_bbp_voice_count":0,"_bbp_anonymous_reply_count":0,"_bbp_topic_count_hidden":0,"_bbp_reply_count_hidden":0,"_bbp_forum_subforum_count":0,"site-sidebar-layout":"default","site-content-layout":"","ast-site-content-layout":"default","site-content-style":"default","site-sidebar-style":"default","ast-global-header-display":"","ast-banner-title-visibility":"","ast-main-header-display":"","ast-hfb-above-header-display":"","ast-hfb-below-header-display":"","ast-hfb-mobile-header-display":"","site-post-title":"","ast-breadcrumbs-content":"","ast-featured-img":"","footer-sml-layout":"","theme-transparent-header-meta":"default","adv-header-id-meta":"","stick-header-meta":"","header-above-stick-meta":"","header-main-stick-meta":"","header-below-stick-meta":"","astra-migrate-meta-layouts":"set","ast-page-background-enabled":"default","ast-page-background-meta":{"desktop":{"background-color":"var(--ast-global-color-4)","background-image":"","background-repeat":"repeat","background-position":"center center","background-size":"auto","background-attachment":"scroll","background-type":"","background-media":"","overlay-type":"","overlay-color":"","overlay-opacity":"","overlay-gradient":""},"tablet":{"background-color":"","background-image":"","background-repeat":"repeat","background-position":"center center","background-size":"auto","background-attachment":"scroll","background-type":"","background-media":"","overlay-type":"","overlay-color":"","overlay-opacity":"","overlay-gradient":""},"mobile":{"background-color":"","background-image":"","background-repeat":"repeat","background-position":"center center","background-size":"auto","background-attachment":"scroll","background-type":"","background-media":"","overlay-type":"","overlay-color":"","overlay-opacity":"","overlay-gradient":""}},"ast-content-background-meta":{"desktop":{"background-color":"var(--ast-global-color-5)","background-image":"","background-repeat":"repeat","background-position":"center center","background-size":"auto","background-attachment":"scroll","background-type":"","background-media":"","overlay-type":"","overlay-color":"","overlay-opacity":"","overlay-gradient":""},"tablet":{"background-color":"var(--ast-global-color-5)","background-image":"","background-repeat":"repeat","background-position":"center center","background-size":"auto","background-attachment":"scroll","background-type":"","background-media":"","overlay-type":"","overlay-color":"","overlay-opacity":"","overlay-gradient":""},"mobile":{"background-color":"var(--ast-global-color-5)","background-image":"","background-repeat":"repeat","background-position":"center center","background-size":"auto","background-attachment":"scroll","background-type":"","background-media":"","overlay-type":"","overlay-color":"","overlay-opacity":"","overlay-gradient":""}},"footnotes":""},"categories":[64,980,1022,154,1,268,272,29,271],"tags":[1119,1073,1115,1116,952,1117,1118,397],"class_list":["post-16424","post","type-post","status-publish","format-standard","has-post-thumbnail","hentry","category-comunitat","category-els-centres-fan","category-fira-informat","category-formacio","category-general","category-noticies-generals","category-orientacio-academica-i-professional","category-portada","category-serveis-educatius","tag-adlsolcar","tag-centre-de-formacio-dadults","tag-escola-agraria-del-solsones","tag-escola-arrels","tag-fira-informat","tag-institut-francesc-ribalta","tag-institut-sant-ramon","tag-orientacio-educativa"],"post_mailing_queue_ids":[],"_links":{"self":[{"href":"https:\/\/serveiseducatius.xtec.cat\/solsones\/wp-json\/wp\/v2\/posts\/16424","targetHints":{"allow":["GET"]}}],"collection":[{"href":"https:\/\/serveiseducatius.xtec.cat\/solsones\/wp-json\/wp\/v2\/posts"}],"about":[{"href":"https:\/\/serveiseducatius.xtec.cat\/solsones\/wp-json\/wp\/v2\/types\/post"}],"author":[{"embeddable":true,"href":"https:\/\/serveiseducatius.xtec.cat\/solsones\/wp-json\/wp\/v2\/users\/1"}],"replies":[{"embeddable":true,"href":"https:\/\/serveiseducatius.xtec.cat\/solsones\/wp-json\/wp\/v2\/comments?post=16424"}],"version-history":[{"count":5,"href":"https:\/\/serveiseducatius.xtec.cat\/solsones\/wp-json\/wp\/v2\/posts\/16424\/revisions"}],"predecessor-version":[{"id":16493,"href":"https:\/\/serveiseducatius.xtec.cat\/solsones\/wp-json\/wp\/v2\/posts\/16424\/revisions\/16493"}],"wp:featuredmedia":[{"embeddable":true,"href":"https:\/\/serveiseducatius.xtec.cat\/solsones\/wp-json\/wp\/v2\/media\/16496"}],"wp:attachment":[{"href":"https:\/\/serveiseducatius.xtec.cat\/solsones\/wp-json\/wp\/v2\/media?parent=16424"}],"wp:term":[{"taxonomy":"category","embeddable":true,"href":"https:\/\/serveiseducatius.xtec.cat\/solsones\/wp-json\/wp\/v2\/categories?post=16424"},{"taxonomy":"post_tag","embeddable":true,"href":"https:\/\/serveiseducatius.xtec.cat\/solsones\/wp-json\/wp\/v2\/tags?post=16424"}],"curies":[{"name":"wp","href":"https:\/\/api.w.org\/{rel}","templated":true}]}}