{"id":16245,"date":"2026-02-17T13:55:45","date_gmt":"2026-02-17T12:55:45","guid":{"rendered":"https:\/\/serveiseducatius.xtec.cat\/solsones\/?p=16245"},"modified":"2026-02-17T13:55:45","modified_gmt":"2026-02-17T12:55:45","slug":"arriba-al-solsones-la-xerrada-espectacle-fisica-pop-aprendre-sorprendres-i-descobrir-la-ciencia-des-de-dins","status":"publish","type":"post","link":"https:\/\/serveiseducatius.xtec.cat\/solsones\/general\/arriba-al-solsones-la-xerrada-espectacle-fisica-pop-aprendre-sorprendres-i-descobrir-la-ciencia-des-de-dins\/","title":{"rendered":"Arriba al Solson\u00e8s la xerrada-espectacle &#8216;F\u00edsica Pop: aprendre, sorprendre\u2019s i descobrir la ci\u00e8ncia des de dins&#8217;"},"content":{"rendered":"<p><a href=\"https:\/\/serveiseducatius.xtec.cat\/solsones\/wp-content\/uploads\/usu1176\/2026\/02\/foto-Anicet-per-a-la-difusio.png\"><img loading=\"lazy\" decoding=\"async\" class=\"alignnone size-full wp-image-16247\" src=\"https:\/\/serveiseducatius.xtec.cat\/solsones\/wp-content\/uploads\/usu1176\/2026\/02\/foto-Anicet-per-a-la-difusio.png\" alt=\"\" width=\"999\" height=\"706\" srcset=\"https:\/\/serveiseducatius.xtec.cat\/solsones\/wp-content\/uploads\/usu1176\/2026\/02\/foto-Anicet-per-a-la-difusio.png 999w, https:\/\/serveiseducatius.xtec.cat\/solsones\/wp-content\/uploads\/usu1176\/2026\/02\/foto-Anicet-per-a-la-difusio-300x212.png 300w, https:\/\/serveiseducatius.xtec.cat\/solsones\/wp-content\/uploads\/usu1176\/2026\/02\/foto-Anicet-per-a-la-difusio-768x543.png 768w\" sizes=\"auto, (max-width: 999px) 100vw, 999px\" \/><\/a><\/p>\n<p>Durant els mesos de febrer i mar\u00e7, els <strong>centres de secund\u00e0ria<\/strong> de la comarca del Solson\u00e8s rebran la visita d&#8217;Anicet Cosialls amb la seva <strong>xerrada-espectacle &#8216;F\u00edsica Pop: aprendre, sorprendre\u2019s i descobrir la ci\u00e8ncia des de dins<\/strong>&#8216;.<\/p>\n<p><span style=\"font-weight: 400;\">L&#8217;objectiu d&#8217;aquesta activitat \u00e9s descobrir com la f\u00edsica i la qu\u00edmica poden fascinar i divertir alhora. La xerrada consta <strong>d\u2019experiments, demostracions creatives i curiositats cient\u00edfiques<\/strong> que trenquen les etiquetes de la ci\u00e8ncia \u201cdura\u201d. Una<\/span><span style=\"font-weight: 400;\"> proposta que busca apropar la ci\u00e8ncia a tothom d\u2019una manera propera, divertida i participativa. El p\u00fablic interactua, pregunta, riu i s\u2019imagina com seria fer d\u2019investigador per un moment. \u00c9s una experi\u00e8ncia per gaudir, per <strong>despertar la curiositat i per mostrar que darrere de cada fenomen quotidi\u00e0 hi ha una f\u00edsica fascinant.<\/strong><\/span><\/p>\n<p><span style=\"font-weight: 400;\"><br \/>\n<\/span><span style=\"font-weight: 400;\">Anicet Cosialls, professor jubilat de F\u00edsica i Qu\u00edmica i divulgador apassionat, <\/span><span style=\"font-weight: 400;\">\u00e9s llicenciat en Ci\u00e8ncies Qu\u00edmiques i ha dedicat quaranta anys a la doc\u00e8ncia de la f\u00edsica i la qu\u00edmica en centres p\u00fablics i concertats de Catalunya, tant a l\u2019antiga Formaci\u00f3 Professional com a l\u2019ESO i el Batxillerat.\u00a0<\/span><span style=\"font-weight: 400;\">Ha estat professor formador en nombrosos cursos i tallers de f\u00edsica i qu\u00edmica experimental adre\u00e7ats al professorat de secund\u00e0ria, organitzats per institucions com el Departament d\u2019Educaci\u00f3, el Col\u00b7legi de Llicenciats i el Moviment d\u2019Innovaci\u00f3 Educativa (MIE). La seva producci\u00f3 de recursos, pr\u00e0ctiques i experi\u00e8ncies ha contribu\u00eft significativament a la renovaci\u00f3 pedag\u00f2gica en l\u2019ensenyament de les ci\u00e8ncies.<\/span><\/p>\n<p><span style=\"font-weight: 400;\">Un dels trets m\u00e9s destacats de la seva carrera \u00e9s l\u2019extraordinari acompanyament de l\u2019alumnat en els seus Treballs de Recerca. Els projectes tutoritzats han obtingut m\u00e9s de <\/span>100 reconeixements<span style=\"font-weight: 400;\"> en convocat\u00f2ries nacionals i internacionals, entre els quals destaquen:<\/span><\/p>\n<p><span style=\"font-weight: 400;\">En l\u2019\u00e0mbit de l\u2019astronomia, els seus alumnes han estat premiats internacionalment en concursos com <\/span>Catch a Star (7)<span style=\"font-weight: 400;\"> i <\/span>Adopta una Estrella (17)<span style=\"font-weight: 400;\">.<\/span><\/p>\n<p><span style=\"font-weight: 400;\">Comprom\u00e8s amb l\u2019apropament de la ci\u00e8ncia a la societat, ha estat promotor i motor de la jornada <\/span>Ci\u00e8ncia al Carrer<span style=\"font-weight: 400;\">, que se celebra anualment a Lleida i que s\u2019ha convertit en un referent de la divulgaci\u00f3 cient\u00edfica participativa. Tamb\u00e9 ha participat activament en fires i esdeveniments com <\/span>Ci\u00e8ncia entre tots (Girona), Portem la Ci\u00e8ncia al Carrer (El Vendrell), Ciencia en Acci\u00f3n, Science on Stage (Brussel\u00b7les, 2012), YOMO, Mercatec, la Setmana de la Ci\u00e8ncia, entre d\u2019altres.<\/p>\n<p><span style=\"font-weight: 400;\">A m\u00e9s, ha publicat diversos articles centrats en la did\u00e0ctica experimental de les ci\u00e8ncies i ha impartit confer\u00e8ncies arreu del territori.<\/span><\/p>\n<p><span style=\"font-weight: 400;\">La seva traject\u00f2ria ha estat distingida amb guardons com:<\/span><\/p>\n<ul>\n<li style=\"font-weight: 400;\" aria-level=\"1\"><b>Premi Catalunya d\u2019Educaci\u00f3 (2009)<\/b><\/li>\n<li style=\"font-weight: 400;\" aria-level=\"1\"><b>Medalla d\u2019Or al M\u00e8rit Educatiu de la Paeria de Lleida (2010)<\/b><\/li>\n<li style=\"font-weight: 400;\" aria-level=\"1\"><b>Medalla d\u2019Honor de Ciencia en Acci\u00f3n (2010)<\/b><\/li>\n<li style=\"font-weight: 400;\" aria-level=\"1\"><b>Premi Honor\u00edfic Mensa Lleida al Coneixement (2015)<\/b><\/li>\n<\/ul>\n","protected":false},"excerpt":{"rendered":"<p>Durant els mesos de febrer i mar\u00e7, els centres de secund\u00e0ria de la comarca del Solson\u00e8s rebran la visita d&#8217;Anicet Cosialls amb la seva xerrada-espectacle &#8216;F\u00edsica Pop: aprendre, sorprendre\u2019s i descobrir la ci\u00e8ncia des de dins&#8216;. L&#8217;objectiu d&#8217;aquesta activitat \u00e9s descobrir com la f\u00edsica i la qu\u00edmica poden fascinar i divertir alhora. La xerrada consta [&hellip;]<\/p>\n","protected":false},"author":1,"featured_media":16247,"comment_status":"closed","ping_status":"open","sticky":false,"template":"","format":"standard","meta":{"_bbp_topic_count":0,"_bbp_reply_count":0,"_bbp_total_topic_count":0,"_bbp_total_reply_count":0,"_bbp_voice_count":0,"_bbp_anonymous_reply_count":0,"_bbp_topic_count_hidden":0,"_bbp_reply_count_hidden":0,"_bbp_forum_subforum_count":0,"site-sidebar-layout":"default","site-content-layout":"","ast-site-content-layout":"","site-content-style":"default","site-sidebar-style":"default","ast-global-header-display":"","ast-banner-title-visibility":"","ast-main-header-display":"","ast-hfb-above-header-display":"","ast-hfb-below-header-display":"","ast-hfb-mobile-header-display":"","site-post-title":"","ast-breadcrumbs-content":"","ast-featured-img":"","footer-sml-layout":"","theme-transparent-header-meta":"","adv-header-id-meta":"","stick-header-meta":"","header-above-stick-meta":"","header-main-stick-meta":"","header-below-stick-meta":"","astra-migrate-meta-layouts":"default","ast-page-background-enabled":"default","ast-page-background-meta":{"desktop":{"background-color":"var(--ast-global-color-4)","background-image":"","background-repeat":"repeat","background-position":"center center","background-size":"auto","background-attachment":"scroll","background-type":"","background-media":"","overlay-type":"","overlay-color":"","overlay-opacity":"","overlay-gradient":""},"tablet":{"background-color":"","background-image":"","background-repeat":"repeat","background-position":"center center","background-size":"auto","background-attachment":"scroll","background-type":"","background-media":"","overlay-type":"","overlay-color":"","overlay-opacity":"","overlay-gradient":""},"mobile":{"background-color":"","background-image":"","background-repeat":"repeat","background-position":"center center","background-size":"auto","background-attachment":"scroll","background-type":"","background-media":"","overlay-type":"","overlay-color":"","overlay-opacity":"","overlay-gradient":""}},"ast-content-background-meta":{"desktop":{"background-color":"var(--ast-global-color-5)","background-image":"","background-repeat":"repeat","background-position":"center center","background-size":"auto","background-attachment":"scroll","background-type":"","background-media":"","overlay-type":"","overlay-color":"","overlay-opacity":"","overlay-gradient":""},"tablet":{"background-color":"var(--ast-global-color-5)","background-image":"","background-repeat":"repeat","background-position":"center center","background-size":"auto","background-attachment":"scroll","background-type":"","background-media":"","overlay-type":"","overlay-color":"","overlay-opacity":"","overlay-gradient":""},"mobile":{"background-color":"var(--ast-global-color-5)","background-image":"","background-repeat":"repeat","background-position":"center center","background-size":"auto","background-attachment":"scroll","background-type":"","background-media":"","overlay-type":"","overlay-color":"","overlay-opacity":"","overlay-gradient":""}},"footnotes":""},"categories":[64,66,1,268,29],"tags":[250,1094,1095,723],"class_list":["post-16245","post","type-post","status-publish","format-standard","has-post-thumbnail","hentry","category-comunitat","category-dinamitzacio","category-general","category-noticies-generals","category-portada","tag-ciencia","tag-espectacle","tag-institut-estudis-ilerdencs","tag-xerrada"],"post_mailing_queue_ids":[],"_links":{"self":[{"href":"https:\/\/serveiseducatius.xtec.cat\/solsones\/wp-json\/wp\/v2\/posts\/16245","targetHints":{"allow":["GET"]}}],"collection":[{"href":"https:\/\/serveiseducatius.xtec.cat\/solsones\/wp-json\/wp\/v2\/posts"}],"about":[{"href":"https:\/\/serveiseducatius.xtec.cat\/solsones\/wp-json\/wp\/v2\/types\/post"}],"author":[{"embeddable":true,"href":"https:\/\/serveiseducatius.xtec.cat\/solsones\/wp-json\/wp\/v2\/users\/1"}],"replies":[{"embeddable":true,"href":"https:\/\/serveiseducatius.xtec.cat\/solsones\/wp-json\/wp\/v2\/comments?post=16245"}],"version-history":[{"count":6,"href":"https:\/\/serveiseducatius.xtec.cat\/solsones\/wp-json\/wp\/v2\/posts\/16245\/revisions"}],"predecessor-version":[{"id":16252,"href":"https:\/\/serveiseducatius.xtec.cat\/solsones\/wp-json\/wp\/v2\/posts\/16245\/revisions\/16252"}],"wp:featuredmedia":[{"embeddable":true,"href":"https:\/\/serveiseducatius.xtec.cat\/solsones\/wp-json\/wp\/v2\/media\/16247"}],"wp:attachment":[{"href":"https:\/\/serveiseducatius.xtec.cat\/solsones\/wp-json\/wp\/v2\/media?parent=16245"}],"wp:term":[{"taxonomy":"category","embeddable":true,"href":"https:\/\/serveiseducatius.xtec.cat\/solsones\/wp-json\/wp\/v2\/categories?post=16245"},{"taxonomy":"post_tag","embeddable":true,"href":"https:\/\/serveiseducatius.xtec.cat\/solsones\/wp-json\/wp\/v2\/tags?post=16245"}],"curies":[{"name":"wp","href":"https:\/\/api.w.org\/{rel}","templated":true}]}}