{"id":16187,"date":"2026-02-04T12:16:17","date_gmt":"2026-02-04T11:16:17","guid":{"rendered":"https:\/\/serveiseducatius.xtec.cat\/solsones\/?p=16187"},"modified":"2026-02-04T12:16:17","modified_gmt":"2026-02-04T11:16:17","slug":"calendari-de-presentacio-de-sollicituds-per-a-la-preinscripcio-del-curs-2026-2027","status":"publish","type":"post","link":"https:\/\/serveiseducatius.xtec.cat\/solsones\/general\/calendari-de-presentacio-de-sollicituds-per-a-la-preinscripcio-del-curs-2026-2027\/","title":{"rendered":"Calendari de presentaci\u00f3 de sol\u00b7licituds per a la preinscripci\u00f3 del curs 2026-2027"},"content":{"rendered":"<p><strong>Educaci\u00f3 infantil de primer cicle<\/strong><\/p>\n<p>del 8 al 22 de maig de 2026 (o les dates que estableixi el municipi)<\/p>\n<p>&nbsp;<\/p>\n<p><strong>Educaci\u00f3 infantil de segon cicle i educaci\u00f3 prim\u00e0ria*<\/strong><\/p>\n<p>del 4 al 18 de mar\u00e7 de 2026<\/p>\n<p>&nbsp;<\/p>\n<p><strong>Educaci\u00f3 secund\u00e0ria obligat\u00f2ria*<\/strong><\/p>\n<p>del 6 al 18 de mar\u00e7 de 2026<\/p>\n<p>&nbsp;<\/p>\n<p><strong>Batxillerat**<\/strong><\/p>\n<p>del 9 al 16 d&#8217;abril de 2026<\/p>\n<p>&nbsp;<\/p>\n<p><strong>Ensenyaments professionals de m\u00fasica o dansa<\/strong><\/p>\n<p>del 18 al 27 de mar\u00e7 de 2026<\/p>\n<p>&nbsp;<\/p>\n<p><strong>Ensenyaments art\u00edstics superiors<\/strong><\/p>\n<p>Les dates que estableixi cada centre i que es publicaran abans del 13 de mar\u00e7 de 2026.<\/p>\n<p>&nbsp;<\/p>\n<p><span style=\"font-family: inherit; font-size: 1em;\">\u00a0 <em>* Inclou els centres amb ensenyaments integrats de m\u00fasica i dansa.<\/em><\/span><\/p>\n<p><em><span style=\"font-family: inherit; font-size: 1em;\">** Inclou els centres integrats amb ensenyaments art\u00edstics.<\/span><\/em><\/p>\n<div class=\"row\">\n<div class=\"col-sm-4 col-xs-12 pd-md-0\"><\/div>\n<\/div>\n","protected":false},"excerpt":{"rendered":"<p>Educaci\u00f3 infantil de primer cicle del 8 al 22 de maig de 2026 (o les dates que estableixi el municipi) &nbsp; Educaci\u00f3 infantil de segon cicle i educaci\u00f3 prim\u00e0ria* del 4 al 18 de mar\u00e7 de 2026 &nbsp; Educaci\u00f3 secund\u00e0ria obligat\u00f2ria* del 6 al 18 de mar\u00e7 de 2026 &nbsp; Batxillerat** del 9 al 16 [&hellip;]<\/p>\n","protected":false},"author":1,"featured_media":0,"comment_status":"closed","ping_status":"open","sticky":false,"template":"","format":"standard","meta":{"_bbp_topic_count":0,"_bbp_reply_count":0,"_bbp_total_topic_count":0,"_bbp_total_reply_count":0,"_bbp_voice_count":0,"_bbp_anonymous_reply_count":0,"_bbp_topic_count_hidden":0,"_bbp_reply_count_hidden":0,"_bbp_forum_subforum_count":0,"site-sidebar-layout":"default","site-content-layout":"","ast-site-content-layout":"","site-content-style":"default","site-sidebar-style":"default","ast-global-header-display":"","ast-banner-title-visibility":"","ast-main-header-display":"","ast-hfb-above-header-display":"","ast-hfb-below-header-display":"","ast-hfb-mobile-header-display":"","site-post-title":"","ast-breadcrumbs-content":"","ast-featured-img":"","footer-sml-layout":"","theme-transparent-header-meta":"","adv-header-id-meta":"","stick-header-meta":"","header-above-stick-meta":"","header-main-stick-meta":"","header-below-stick-meta":"","astra-migrate-meta-layouts":"default","ast-page-background-enabled":"default","ast-page-background-meta":{"desktop":{"background-color":"var(--ast-global-color-4)","background-image":"","background-repeat":"repeat","background-position":"center center","background-size":"auto","background-attachment":"scroll","background-type":"","background-media":"","overlay-type":"","overlay-color":"","overlay-opacity":"","overlay-gradient":""},"tablet":{"background-color":"","background-image":"","background-repeat":"repeat","background-position":"center center","background-size":"auto","background-attachment":"scroll","background-type":"","background-media":"","overlay-type":"","overlay-color":"","overlay-opacity":"","overlay-gradient":""},"mobile":{"background-color":"","background-image":"","background-repeat":"repeat","background-position":"center center","background-size":"auto","background-attachment":"scroll","background-type":"","background-media":"","overlay-type":"","overlay-color":"","overlay-opacity":"","overlay-gradient":""}},"ast-content-background-meta":{"desktop":{"background-color":"var(--ast-global-color-5)","background-image":"","background-repeat":"repeat","background-position":"center center","background-size":"auto","background-attachment":"scroll","background-type":"","background-media":"","overlay-type":"","overlay-color":"","overlay-opacity":"","overlay-gradient":""},"tablet":{"background-color":"var(--ast-global-color-5)","background-image":"","background-repeat":"repeat","background-position":"center center","background-size":"auto","background-attachment":"scroll","background-type":"","background-media":"","overlay-type":"","overlay-color":"","overlay-opacity":"","overlay-gradient":""},"mobile":{"background-color":"var(--ast-global-color-5)","background-image":"","background-repeat":"repeat","background-position":"center center","background-size":"auto","background-attachment":"scroll","background-type":"","background-media":"","overlay-type":"","overlay-color":"","overlay-opacity":"","overlay-gradient":""}},"footnotes":""},"categories":[1,268,29,271],"tags":[1088],"class_list":["post-16187","post","type-post","status-publish","format-standard","hentry","category-general","category-noticies-generals","category-portada","category-serveis-educatius","tag-preinscripcions-2026-2027"],"post_mailing_queue_ids":[],"_links":{"self":[{"href":"https:\/\/serveiseducatius.xtec.cat\/solsones\/wp-json\/wp\/v2\/posts\/16187","targetHints":{"allow":["GET"]}}],"collection":[{"href":"https:\/\/serveiseducatius.xtec.cat\/solsones\/wp-json\/wp\/v2\/posts"}],"about":[{"href":"https:\/\/serveiseducatius.xtec.cat\/solsones\/wp-json\/wp\/v2\/types\/post"}],"author":[{"embeddable":true,"href":"https:\/\/serveiseducatius.xtec.cat\/solsones\/wp-json\/wp\/v2\/users\/1"}],"replies":[{"embeddable":true,"href":"https:\/\/serveiseducatius.xtec.cat\/solsones\/wp-json\/wp\/v2\/comments?post=16187"}],"version-history":[{"count":2,"href":"https:\/\/serveiseducatius.xtec.cat\/solsones\/wp-json\/wp\/v2\/posts\/16187\/revisions"}],"predecessor-version":[{"id":16194,"href":"https:\/\/serveiseducatius.xtec.cat\/solsones\/wp-json\/wp\/v2\/posts\/16187\/revisions\/16194"}],"wp:attachment":[{"href":"https:\/\/serveiseducatius.xtec.cat\/solsones\/wp-json\/wp\/v2\/media?parent=16187"}],"wp:term":[{"taxonomy":"category","embeddable":true,"href":"https:\/\/serveiseducatius.xtec.cat\/solsones\/wp-json\/wp\/v2\/categories?post=16187"},{"taxonomy":"post_tag","embeddable":true,"href":"https:\/\/serveiseducatius.xtec.cat\/solsones\/wp-json\/wp\/v2\/tags?post=16187"}],"curies":[{"name":"wp","href":"https:\/\/api.w.org\/{rel}","templated":true}]}}