{"id":16053,"date":"2025-11-12T12:15:40","date_gmt":"2025-11-12T11:15:40","guid":{"rendered":"https:\/\/serveiseducatius.xtec.cat\/solsones\/?p=16053"},"modified":"2025-11-20T09:15:08","modified_gmt":"2025-11-20T08:15:08","slug":"seminari-de-suport-a-la-inclusio-visita-al-centre-jeroni-de-moragas","status":"publish","type":"post","link":"https:\/\/serveiseducatius.xtec.cat\/solsones\/general\/seminari-de-suport-a-la-inclusio-visita-al-centre-jeroni-de-moragas\/","title":{"rendered":"Seminari de Suport a la Inclusi\u00f3. Visita al centre Jeroni de Moragas"},"content":{"rendered":"<p><a href=\"https:\/\/serveiseducatius.xtec.cat\/solsones\/wp-content\/uploads\/usu1176\/2025\/11\/SEMINARI-DINCLUSIO-El-text-del-paragraf.png\"><img loading=\"lazy\" decoding=\"async\" class=\" wp-image-16056 alignleft\" src=\"https:\/\/serveiseducatius.xtec.cat\/solsones\/wp-content\/uploads\/usu1176\/2025\/11\/SEMINARI-DINCLUSIO-El-text-del-paragraf.png\" alt=\"\" width=\"585\" height=\"731\" srcset=\"https:\/\/serveiseducatius.xtec.cat\/solsones\/wp-content\/uploads\/usu1176\/2025\/11\/SEMINARI-DINCLUSIO-El-text-del-paragraf.png 1080w, https:\/\/serveiseducatius.xtec.cat\/solsones\/wp-content\/uploads\/usu1176\/2025\/11\/SEMINARI-DINCLUSIO-El-text-del-paragraf-240x300.png 240w, https:\/\/serveiseducatius.xtec.cat\/solsones\/wp-content\/uploads\/usu1176\/2025\/11\/SEMINARI-DINCLUSIO-El-text-del-paragraf-819x1024.png 819w, https:\/\/serveiseducatius.xtec.cat\/solsones\/wp-content\/uploads\/usu1176\/2025\/11\/SEMINARI-DINCLUSIO-El-text-del-paragraf-768x960.png 768w\" sizes=\"auto, (max-width: 585px) 100vw, 585px\" \/><\/a><\/p>\n<p>El Seminari de Suport a la Inclusi\u00f3 del Solson\u00e8s arrenca amb una visita a l&#8217;Escola Jeroni de Moragas el dia <strong>19 de novembre de 18h a 20h<\/strong>.<\/p>\n<p>La sessi\u00f3 s&#8217;enfocar\u00e0 als <strong>recursos per a l&#8217;atenci\u00f3<\/strong> i ser\u00e0 condu\u00efda per Alba Cortina, Directora del centre d&#8217;Educaci\u00f3 Especial.<\/p>\n<p>Els\/les docents interessades podeu fer la vostra <strong><a href=\"https:\/\/aplicacions.gestioeducativa.gencat.cat\/pls\/soloas\/inscripcionsnp?codi=B050061B05&amp;curs=2025-2026\">inscripci\u00f3<\/a> <\/strong>a trav\u00e9s del Pla de Formaci\u00f3 de Zona del Solson\u00e8s.<\/p>\n","protected":false},"excerpt":{"rendered":"<p>El Seminari de Suport a la Inclusi\u00f3 del Solson\u00e8s arrenca amb una visita a l&#8217;Escola Jeroni de Moragas el dia 19 de novembre de 18h a 20h. La sessi\u00f3 s&#8217;enfocar\u00e0 als recursos per a l&#8217;atenci\u00f3 i ser\u00e0 condu\u00efda per Alba Cortina, Directora del centre d&#8217;Educaci\u00f3 Especial. Els\/les docents interessades podeu fer la vostra inscripci\u00f3 a [&hellip;]<\/p>\n","protected":false},"author":1,"featured_media":16056,"comment_status":"closed","ping_status":"open","sticky":false,"template":"","format":"standard","meta":{"_bbp_topic_count":0,"_bbp_reply_count":0,"_bbp_total_topic_count":0,"_bbp_total_reply_count":0,"_bbp_voice_count":0,"_bbp_anonymous_reply_count":0,"_bbp_topic_count_hidden":0,"_bbp_reply_count_hidden":0,"_bbp_forum_subforum_count":0,"site-sidebar-layout":"default","site-content-layout":"","ast-site-content-layout":"","site-content-style":"default","site-sidebar-style":"default","ast-global-header-display":"","ast-banner-title-visibility":"","ast-main-header-display":"","ast-hfb-above-header-display":"","ast-hfb-below-header-display":"","ast-hfb-mobile-header-display":"","site-post-title":"","ast-breadcrumbs-content":"","ast-featured-img":"","footer-sml-layout":"","theme-transparent-header-meta":"","adv-header-id-meta":"","stick-header-meta":"","header-above-stick-meta":"","header-main-stick-meta":"","header-below-stick-meta":"","astra-migrate-meta-layouts":"default","ast-page-background-enabled":"default","ast-page-background-meta":{"desktop":{"background-color":"var(--ast-global-color-4)","background-image":"","background-repeat":"repeat","background-position":"center center","background-size":"auto","background-attachment":"scroll","background-type":"","background-media":"","overlay-type":"","overlay-color":"","overlay-opacity":"","overlay-gradient":""},"tablet":{"background-color":"","background-image":"","background-repeat":"repeat","background-position":"center center","background-size":"auto","background-attachment":"scroll","background-type":"","background-media":"","overlay-type":"","overlay-color":"","overlay-opacity":"","overlay-gradient":""},"mobile":{"background-color":"","background-image":"","background-repeat":"repeat","background-position":"center center","background-size":"auto","background-attachment":"scroll","background-type":"","background-media":"","overlay-type":"","overlay-color":"","overlay-opacity":"","overlay-gradient":""}},"ast-content-background-meta":{"desktop":{"background-color":"var(--ast-global-color-5)","background-image":"","background-repeat":"repeat","background-position":"center center","background-size":"auto","background-attachment":"scroll","background-type":"","background-media":"","overlay-type":"","overlay-color":"","overlay-opacity":"","overlay-gradient":""},"tablet":{"background-color":"var(--ast-global-color-5)","background-image":"","background-repeat":"repeat","background-position":"center center","background-size":"auto","background-attachment":"scroll","background-type":"","background-media":"","overlay-type":"","overlay-color":"","overlay-opacity":"","overlay-gradient":""},"mobile":{"background-color":"var(--ast-global-color-5)","background-image":"","background-repeat":"repeat","background-position":"center center","background-size":"auto","background-attachment":"scroll","background-type":"","background-media":"","overlay-type":"","overlay-color":"","overlay-opacity":"","overlay-gradient":""}},"footnotes":""},"categories":[67,154,1,269,153,29,271],"tags":[215,429,1053],"class_list":["post-16053","post","type-post","status-publish","format-standard","has-post-thumbnail","hentry","category-eap","category-formacio","category-general","category-noticies-se","category-pfz","category-portada","category-serveis-educatius","tag-formacio-permanent-del-professorat","tag-inclusio","tag-suport-a-la-inclusio"],"post_mailing_queue_ids":[],"_links":{"self":[{"href":"https:\/\/serveiseducatius.xtec.cat\/solsones\/wp-json\/wp\/v2\/posts\/16053","targetHints":{"allow":["GET"]}}],"collection":[{"href":"https:\/\/serveiseducatius.xtec.cat\/solsones\/wp-json\/wp\/v2\/posts"}],"about":[{"href":"https:\/\/serveiseducatius.xtec.cat\/solsones\/wp-json\/wp\/v2\/types\/post"}],"author":[{"embeddable":true,"href":"https:\/\/serveiseducatius.xtec.cat\/solsones\/wp-json\/wp\/v2\/users\/1"}],"replies":[{"embeddable":true,"href":"https:\/\/serveiseducatius.xtec.cat\/solsones\/wp-json\/wp\/v2\/comments?post=16053"}],"version-history":[{"count":1,"href":"https:\/\/serveiseducatius.xtec.cat\/solsones\/wp-json\/wp\/v2\/posts\/16053\/revisions"}],"predecessor-version":[{"id":16057,"href":"https:\/\/serveiseducatius.xtec.cat\/solsones\/wp-json\/wp\/v2\/posts\/16053\/revisions\/16057"}],"wp:featuredmedia":[{"embeddable":true,"href":"https:\/\/serveiseducatius.xtec.cat\/solsones\/wp-json\/wp\/v2\/media\/16056"}],"wp:attachment":[{"href":"https:\/\/serveiseducatius.xtec.cat\/solsones\/wp-json\/wp\/v2\/media?parent=16053"}],"wp:term":[{"taxonomy":"category","embeddable":true,"href":"https:\/\/serveiseducatius.xtec.cat\/solsones\/wp-json\/wp\/v2\/categories?post=16053"},{"taxonomy":"post_tag","embeddable":true,"href":"https:\/\/serveiseducatius.xtec.cat\/solsones\/wp-json\/wp\/v2\/tags?post=16053"}],"curies":[{"name":"wp","href":"https:\/\/api.w.org\/{rel}","templated":true}]}}