{"id":15986,"date":"2025-10-13T16:56:58","date_gmt":"2025-10-13T14:56:58","guid":{"rendered":"https:\/\/serveiseducatius.xtec.cat\/solsones\/?p=15986"},"modified":"2025-10-13T17:01:33","modified_gmt":"2025-10-13T15:01:33","slug":"novetats-a-la-tercera-edicio-del-seminari-de-suport-a-la-inclusio-2025-2026","status":"publish","type":"post","link":"https:\/\/serveiseducatius.xtec.cat\/solsones\/general\/novetats-a-la-tercera-edicio-del-seminari-de-suport-a-la-inclusio-2025-2026\/","title":{"rendered":"Novetats a la tercera edici\u00f3 del Seminari de Suport a la Inclusi\u00f3 2025-2026"},"content":{"rendered":"<p><a href=\"https:\/\/serveiseducatius.xtec.cat\/solsones\/wp-content\/uploads\/usu1176\/2025\/10\/Pindoles-formatives-per-compartir-recursos.jpg\"><img loading=\"lazy\" decoding=\"async\" class=\" wp-image-15988 alignleft\" src=\"https:\/\/serveiseducatius.xtec.cat\/solsones\/wp-content\/uploads\/usu1176\/2025\/10\/Pindoles-formatives-per-compartir-recursos.jpg\" alt=\"\" width=\"660\" height=\"660\" srcset=\"https:\/\/serveiseducatius.xtec.cat\/solsones\/wp-content\/uploads\/usu1176\/2025\/10\/Pindoles-formatives-per-compartir-recursos.jpg 1080w, https:\/\/serveiseducatius.xtec.cat\/solsones\/wp-content\/uploads\/usu1176\/2025\/10\/Pindoles-formatives-per-compartir-recursos-300x300.jpg 300w, https:\/\/serveiseducatius.xtec.cat\/solsones\/wp-content\/uploads\/usu1176\/2025\/10\/Pindoles-formatives-per-compartir-recursos-1024x1024.jpg 1024w, https:\/\/serveiseducatius.xtec.cat\/solsones\/wp-content\/uploads\/usu1176\/2025\/10\/Pindoles-formatives-per-compartir-recursos-150x150.jpg 150w, https:\/\/serveiseducatius.xtec.cat\/solsones\/wp-content\/uploads\/usu1176\/2025\/10\/Pindoles-formatives-per-compartir-recursos-768x768.jpg 768w\" sizes=\"auto, (max-width: 660px) 100vw, 660px\" \/><\/a><\/p>\n<p>Enguany el Seminari de Suport a la Inclusi\u00f3 canvia de format per oferir un seguit d&#8217;activitats que engloben diferents \u00e0mbits de la inclusi\u00f3. L&#8217;activitat, que constar\u00e0 de quatre p\u00edndoles formatives, ha estat organitzada per l&#8217;EAP del Solson\u00e8s conjuntament amb el CEEPSIR.<\/p>\n<p>&nbsp;<\/p>\n<p>La primera sessi\u00f3, &#8216;Recursos per a l&#8217;atenci\u00f3 educativa&#8217;, ser\u00e0 el dia 19 de novembre i constar\u00e0 d&#8217;una xerrada i una visita al centre Jeroni de Moragas. La segona sessi\u00f3 &#8216;Sistemes augmentatius i alternatius de la comunicaci\u00f3&#8217;, es realitzar\u00e0 als Serveis Educatius del Solson\u00e8s i anir\u00e0 a c\u00e0rrec de Rosalina Re\u00f1\u00e9. La tercera sessi\u00f3 la realitzar\u00e0 l&#8217;Alba Cortina, d&#8217;AMPANS, i es basar\u00e0 en l&#8217;etapa postobligat\u00f2ria de l&#8217;alumnat amb NEE. Finalment, la darrera sessi\u00f3 se centrar\u00e0 en la integraci\u00f3 sensorial i com treballar-la des de l&#8217;escola, i anir\u00e0 a c\u00e0rrec d&#8217;Alba Sagu\u00e9s.<\/p>\n<p>&nbsp;<\/p>\n<p><a href=\"https:\/\/aplicacions.gestioeducativa.gencat.cat\/ords\/pls\/soloas\/inscripcionsnp?codi=B050061B05&amp;curs=2025-2026\">Inscripcions obertes<\/a> fins el 18 de novembre al Pla de Formaci\u00f3 de Zona.<\/p>\n","protected":false},"excerpt":{"rendered":"<p>Enguany el Seminari de Suport a la Inclusi\u00f3 canvia de format per oferir un seguit d&#8217;activitats que engloben diferents \u00e0mbits de la inclusi\u00f3. L&#8217;activitat, que constar\u00e0 de quatre p\u00edndoles formatives, ha estat organitzada per l&#8217;EAP del Solson\u00e8s conjuntament amb el CEEPSIR. &nbsp; La primera sessi\u00f3, &#8216;Recursos per a l&#8217;atenci\u00f3 educativa&#8217;, ser\u00e0 el dia 19 de [&hellip;]<\/p>\n","protected":false},"author":1,"featured_media":15988,"comment_status":"closed","ping_status":"open","sticky":false,"template":"","format":"standard","meta":{"_bbp_topic_count":0,"_bbp_reply_count":0,"_bbp_total_topic_count":0,"_bbp_total_reply_count":0,"_bbp_voice_count":0,"_bbp_anonymous_reply_count":0,"_bbp_topic_count_hidden":0,"_bbp_reply_count_hidden":0,"_bbp_forum_subforum_count":0,"site-sidebar-layout":"default","site-content-layout":"","ast-site-content-layout":"","site-content-style":"default","site-sidebar-style":"default","ast-global-header-display":"","ast-banner-title-visibility":"","ast-main-header-display":"","ast-hfb-above-header-display":"","ast-hfb-below-header-display":"","ast-hfb-mobile-header-display":"","site-post-title":"","ast-breadcrumbs-content":"","ast-featured-img":"","footer-sml-layout":"","theme-transparent-header-meta":"","adv-header-id-meta":"","stick-header-meta":"","header-above-stick-meta":"","header-main-stick-meta":"","header-below-stick-meta":"","astra-migrate-meta-layouts":"default","ast-page-background-enabled":"default","ast-page-background-meta":{"desktop":{"background-color":"var(--ast-global-color-4)","background-image":"","background-repeat":"repeat","background-position":"center center","background-size":"auto","background-attachment":"scroll","background-type":"","background-media":"","overlay-type":"","overlay-color":"","overlay-opacity":"","overlay-gradient":""},"tablet":{"background-color":"","background-image":"","background-repeat":"repeat","background-position":"center center","background-size":"auto","background-attachment":"scroll","background-type":"","background-media":"","overlay-type":"","overlay-color":"","overlay-opacity":"","overlay-gradient":""},"mobile":{"background-color":"","background-image":"","background-repeat":"repeat","background-position":"center center","background-size":"auto","background-attachment":"scroll","background-type":"","background-media":"","overlay-type":"","overlay-color":"","overlay-opacity":"","overlay-gradient":""}},"ast-content-background-meta":{"desktop":{"background-color":"var(--ast-global-color-5)","background-image":"","background-repeat":"repeat","background-position":"center center","background-size":"auto","background-attachment":"scroll","background-type":"","background-media":"","overlay-type":"","overlay-color":"","overlay-opacity":"","overlay-gradient":""},"tablet":{"background-color":"var(--ast-global-color-5)","background-image":"","background-repeat":"repeat","background-position":"center center","background-size":"auto","background-attachment":"scroll","background-type":"","background-media":"","overlay-type":"","overlay-color":"","overlay-opacity":"","overlay-gradient":""},"mobile":{"background-color":"var(--ast-global-color-5)","background-image":"","background-repeat":"repeat","background-position":"center center","background-size":"auto","background-attachment":"scroll","background-type":"","background-media":"","overlay-type":"","overlay-color":"","overlay-opacity":"","overlay-gradient":""}},"footnotes":""},"categories":[537,67,1,268,269,235,153,29,271],"tags":[429,320,1054,1053],"class_list":["post-15986","post","type-post","status-publish","format-standard","has-post-thumbnail","hentry","category-diversitat","category-eap","category-general","category-noticies-generals","category-noticies-se","category-formacio_ins","category-pfz","category-portada","category-serveis-educatius","tag-inclusio","tag-pla-de-formacio-de-zona","tag-seminaris","tag-suport-a-la-inclusio"],"post_mailing_queue_ids":[],"_links":{"self":[{"href":"https:\/\/serveiseducatius.xtec.cat\/solsones\/wp-json\/wp\/v2\/posts\/15986","targetHints":{"allow":["GET"]}}],"collection":[{"href":"https:\/\/serveiseducatius.xtec.cat\/solsones\/wp-json\/wp\/v2\/posts"}],"about":[{"href":"https:\/\/serveiseducatius.xtec.cat\/solsones\/wp-json\/wp\/v2\/types\/post"}],"author":[{"embeddable":true,"href":"https:\/\/serveiseducatius.xtec.cat\/solsones\/wp-json\/wp\/v2\/users\/1"}],"replies":[{"embeddable":true,"href":"https:\/\/serveiseducatius.xtec.cat\/solsones\/wp-json\/wp\/v2\/comments?post=15986"}],"version-history":[{"count":4,"href":"https:\/\/serveiseducatius.xtec.cat\/solsones\/wp-json\/wp\/v2\/posts\/15986\/revisions"}],"predecessor-version":[{"id":15991,"href":"https:\/\/serveiseducatius.xtec.cat\/solsones\/wp-json\/wp\/v2\/posts\/15986\/revisions\/15991"}],"wp:featuredmedia":[{"embeddable":true,"href":"https:\/\/serveiseducatius.xtec.cat\/solsones\/wp-json\/wp\/v2\/media\/15988"}],"wp:attachment":[{"href":"https:\/\/serveiseducatius.xtec.cat\/solsones\/wp-json\/wp\/v2\/media?parent=15986"}],"wp:term":[{"taxonomy":"category","embeddable":true,"href":"https:\/\/serveiseducatius.xtec.cat\/solsones\/wp-json\/wp\/v2\/categories?post=15986"},{"taxonomy":"post_tag","embeddable":true,"href":"https:\/\/serveiseducatius.xtec.cat\/solsones\/wp-json\/wp\/v2\/tags?post=15986"}],"curies":[{"name":"wp","href":"https:\/\/api.w.org\/{rel}","templated":true}]}}