{"id":15918,"date":"2025-09-29T13:01:44","date_gmt":"2025-09-29T11:01:44","guid":{"rendered":"https:\/\/serveiseducatius.xtec.cat\/solsones\/?p=15918"},"modified":"2025-09-29T13:01:44","modified_gmt":"2025-09-29T11:01:44","slug":"guia-per-acompanyar-les-families-en-lus-dels-mobils-en-infants-i-joves","status":"publish","type":"post","link":"https:\/\/serveiseducatius.xtec.cat\/solsones\/portada\/guia-per-acompanyar-les-families-en-lus-dels-mobils-en-infants-i-joves\/","title":{"rendered":"Guia per acompanyar les fam\u00edlies en l\u2019\u00fas dels m\u00f2bils en infants i joves"},"content":{"rendered":"<p>El Departament d\u2019Educaci\u00f3 i Formaci\u00f3 Professional acaba de publicar aquesta guia dintre de les mesures del\u00a0<a href=\"https:\/\/objenv.gencat.cat\/v4\/public\/estadisticas\/link\/gencat_educacio\/2095\/4\/527590\/d5b3f698e4bb9c1f15136c98e354f6af\/\" target=\"_blank\" rel=\"noreferrer noopener\">Pla de digitalitzaci\u00f3 responsable<\/a>. Una eina \u00fatil per donar suport a les fam\u00edlies a l\u2019hora d\u2019introduir els infants i joves en l\u2019\u00fas responsable dels dispositius. Aquesta publicaci\u00f3 tamb\u00e9 vol fomentar la corresponsabilitat en aquesta educaci\u00f3, que va m\u00e9s enll\u00e0 de l\u2019escola. El document recull recomanacions i aspectes a tenir en compte sobre l\u2019\u00fas dels dispositius per etapes i sobre com gestionar-los, aix\u00ed com informaci\u00f3 sobre els seus beneficis i riscos.<\/p>\n<figure class=\"wp-block-image aligncenter size-full is-resized\"><a href=\"https:\/\/projectes.xtec.cat\/digital\/noticies\/portada\/guia-per-acompanyar-les-families-en-lus-dels-mobils-en-infants-i-joves\/\"><img loading=\"lazy\" decoding=\"async\" class=\"wp-image-31276\" src=\"https:\/\/serveiseducatius.xtec.cat\/baixllobregat6\/wp-content\/uploads\/usu778\/2025\/09\/pladigital252.jpg\" sizes=\"auto, (max-width: 802px) 100vw, 802px\" srcset=\"https:\/\/serveiseducatius.xtec.cat\/baixllobregat6\/wp-content\/uploads\/usu778\/2025\/09\/pladigital252.jpg 802w, https:\/\/serveiseducatius.xtec.cat\/baixllobregat6\/wp-content\/uploads\/usu778\/2025\/09\/pladigital252-520x475.jpg 520w, https:\/\/serveiseducatius.xtec.cat\/baixllobregat6\/wp-content\/uploads\/usu778\/2025\/09\/pladigital252-768x701.jpg 768w\" alt=\"\" width=\"802\" height=\"732\" \/><\/a><\/figure>\n","protected":false},"excerpt":{"rendered":"<p>El Departament d\u2019Educaci\u00f3 i Formaci\u00f3 Professional acaba de publicar aquesta guia dintre de les mesures del\u00a0Pla de digitalitzaci\u00f3 responsable. Una eina \u00fatil per donar suport a les fam\u00edlies a l\u2019hora d\u2019introduir els infants i joves en l\u2019\u00fas responsable dels dispositius. Aquesta publicaci\u00f3 tamb\u00e9 vol fomentar la corresponsabilitat en aquesta educaci\u00f3, que va m\u00e9s enll\u00e0 de [&hellip;]<\/p>\n","protected":false},"author":1,"featured_media":15923,"comment_status":"closed","ping_status":"open","sticky":false,"template":"","format":"standard","meta":{"_bbp_topic_count":0,"_bbp_reply_count":0,"_bbp_total_topic_count":0,"_bbp_total_reply_count":0,"_bbp_voice_count":0,"_bbp_anonymous_reply_count":0,"_bbp_topic_count_hidden":0,"_bbp_reply_count_hidden":0,"_bbp_forum_subforum_count":0,"site-sidebar-layout":"default","site-content-layout":"","ast-site-content-layout":"","site-content-style":"default","site-sidebar-style":"default","ast-global-header-display":"","ast-banner-title-visibility":"","ast-main-header-display":"","ast-hfb-above-header-display":"","ast-hfb-below-header-display":"","ast-hfb-mobile-header-display":"","site-post-title":"","ast-breadcrumbs-content":"","ast-featured-img":"","footer-sml-layout":"","theme-transparent-header-meta":"","adv-header-id-meta":"","stick-header-meta":"","header-above-stick-meta":"","header-main-stick-meta":"","header-below-stick-meta":"","astra-migrate-meta-layouts":"default","ast-page-background-enabled":"default","ast-page-background-meta":{"desktop":{"background-color":"var(--ast-global-color-4)","background-image":"","background-repeat":"repeat","background-position":"center center","background-size":"auto","background-attachment":"scroll","background-type":"","background-media":"","overlay-type":"","overlay-color":"","overlay-opacity":"","overlay-gradient":""},"tablet":{"background-color":"","background-image":"","background-repeat":"repeat","background-position":"center center","background-size":"auto","background-attachment":"scroll","background-type":"","background-media":"","overlay-type":"","overlay-color":"","overlay-opacity":"","overlay-gradient":""},"mobile":{"background-color":"","background-image":"","background-repeat":"repeat","background-position":"center center","background-size":"auto","background-attachment":"scroll","background-type":"","background-media":"","overlay-type":"","overlay-color":"","overlay-opacity":"","overlay-gradient":""}},"ast-content-background-meta":{"desktop":{"background-color":"var(--ast-global-color-5)","background-image":"","background-repeat":"repeat","background-position":"center center","background-size":"auto","background-attachment":"scroll","background-type":"","background-media":"","overlay-type":"","overlay-color":"","overlay-opacity":"","overlay-gradient":""},"tablet":{"background-color":"var(--ast-global-color-5)","background-image":"","background-repeat":"repeat","background-position":"center center","background-size":"auto","background-attachment":"scroll","background-type":"","background-media":"","overlay-type":"","overlay-color":"","overlay-opacity":"","overlay-gradient":""},"mobile":{"background-color":"var(--ast-global-color-5)","background-image":"","background-repeat":"repeat","background-position":"center center","background-size":"auto","background-attachment":"scroll","background-type":"","background-media":"","overlay-type":"","overlay-color":"","overlay-opacity":"","overlay-gradient":""}},"footnotes":""},"categories":[1043,825,826,824,827,268,29,938,78,828],"tags":[1044,740],"class_list":["post-15918","post","type-post","status-publish","format-standard","has-post-thumbnail","hentry","category-competencia-digital-alumnat","category-cdd","category-cdc","category-cultura-digital","category-edc","category-noticies-generals","category-portada","category-steam","category-tac","category-xtcd","tag-mobils","tag-pantalles"],"post_mailing_queue_ids":[],"_links":{"self":[{"href":"https:\/\/serveiseducatius.xtec.cat\/solsones\/wp-json\/wp\/v2\/posts\/15918","targetHints":{"allow":["GET"]}}],"collection":[{"href":"https:\/\/serveiseducatius.xtec.cat\/solsones\/wp-json\/wp\/v2\/posts"}],"about":[{"href":"https:\/\/serveiseducatius.xtec.cat\/solsones\/wp-json\/wp\/v2\/types\/post"}],"author":[{"embeddable":true,"href":"https:\/\/serveiseducatius.xtec.cat\/solsones\/wp-json\/wp\/v2\/users\/1"}],"replies":[{"embeddable":true,"href":"https:\/\/serveiseducatius.xtec.cat\/solsones\/wp-json\/wp\/v2\/comments?post=15918"}],"version-history":[{"count":1,"href":"https:\/\/serveiseducatius.xtec.cat\/solsones\/wp-json\/wp\/v2\/posts\/15918\/revisions"}],"predecessor-version":[{"id":15919,"href":"https:\/\/serveiseducatius.xtec.cat\/solsones\/wp-json\/wp\/v2\/posts\/15918\/revisions\/15919"}],"wp:featuredmedia":[{"embeddable":true,"href":"https:\/\/serveiseducatius.xtec.cat\/solsones\/wp-json\/wp\/v2\/media\/15923"}],"wp:attachment":[{"href":"https:\/\/serveiseducatius.xtec.cat\/solsones\/wp-json\/wp\/v2\/media?parent=15918"}],"wp:term":[{"taxonomy":"category","embeddable":true,"href":"https:\/\/serveiseducatius.xtec.cat\/solsones\/wp-json\/wp\/v2\/categories?post=15918"},{"taxonomy":"post_tag","embeddable":true,"href":"https:\/\/serveiseducatius.xtec.cat\/solsones\/wp-json\/wp\/v2\/tags?post=15918"}],"curies":[{"name":"wp","href":"https:\/\/api.w.org\/{rel}","templated":true}]}}