{"id":15895,"date":"2025-09-17T15:20:09","date_gmt":"2025-09-17T13:20:09","guid":{"rendered":"https:\/\/serveiseducatius.xtec.cat\/solsones\/?p=15895"},"modified":"2025-09-17T15:20:09","modified_gmt":"2025-09-17T13:20:09","slug":"bona-valoracio-de-la-iv-jornada-educativa-del-museu-de-solsona","status":"publish","type":"post","link":"https:\/\/serveiseducatius.xtec.cat\/solsones\/general\/bona-valoracio-de-la-iv-jornada-educativa-del-museu-de-solsona\/","title":{"rendered":"Bona valoraci\u00f3 de la IV Jornada Educativa del Museu de Solsona"},"content":{"rendered":"<h6><\/h6>\n<h6><a href=\"https:\/\/serveiseducatius.xtec.cat\/solsones\/wp-content\/uploads\/usu1176\/2025\/09\/WhatsApp-Image-2025-09-17-at-09.36.36.jpeg\"><img loading=\"lazy\" decoding=\"async\" class=\"alignnone wp-image-15896\" src=\"https:\/\/serveiseducatius.xtec.cat\/solsones\/wp-content\/uploads\/usu1176\/2025\/09\/WhatsApp-Image-2025-09-17-at-09.36.36.jpeg\" alt=\"\" width=\"858\" height=\"644\" srcset=\"https:\/\/serveiseducatius.xtec.cat\/solsones\/wp-content\/uploads\/usu1176\/2025\/09\/WhatsApp-Image-2025-09-17-at-09.36.36.jpeg 1600w, https:\/\/serveiseducatius.xtec.cat\/solsones\/wp-content\/uploads\/usu1176\/2025\/09\/WhatsApp-Image-2025-09-17-at-09.36.36-300x225.jpeg 300w, https:\/\/serveiseducatius.xtec.cat\/solsones\/wp-content\/uploads\/usu1176\/2025\/09\/WhatsApp-Image-2025-09-17-at-09.36.36-1024x768.jpeg 1024w, https:\/\/serveiseducatius.xtec.cat\/solsones\/wp-content\/uploads\/usu1176\/2025\/09\/WhatsApp-Image-2025-09-17-at-09.36.36-768x576.jpeg 768w, https:\/\/serveiseducatius.xtec.cat\/solsones\/wp-content\/uploads\/usu1176\/2025\/09\/WhatsApp-Image-2025-09-17-at-09.36.36-1536x1152.jpeg 1536w, https:\/\/serveiseducatius.xtec.cat\/solsones\/wp-content\/uploads\/usu1176\/2025\/09\/WhatsApp-Image-2025-09-17-at-09.36.36-200x150.jpeg 200w\" sizes=\"auto, (max-width: 858px) 100vw, 858px\" \/><\/a><\/h6>\n<p><a href=\"https:\/\/serveiseducatius.xtec.cat\/solsones\/wp-content\/uploads\/usu1176\/2025\/09\/WhatsApp-Image-2025-09-17-at-09.37.15.jpeg\"><img loading=\"lazy\" decoding=\"async\" class=\"alignnone wp-image-15897\" src=\"https:\/\/serveiseducatius.xtec.cat\/solsones\/wp-content\/uploads\/usu1176\/2025\/09\/WhatsApp-Image-2025-09-17-at-09.37.15.jpeg\" alt=\"\" width=\"854\" height=\"641\" srcset=\"https:\/\/serveiseducatius.xtec.cat\/solsones\/wp-content\/uploads\/usu1176\/2025\/09\/WhatsApp-Image-2025-09-17-at-09.37.15.jpeg 1600w, https:\/\/serveiseducatius.xtec.cat\/solsones\/wp-content\/uploads\/usu1176\/2025\/09\/WhatsApp-Image-2025-09-17-at-09.37.15-300x225.jpeg 300w, https:\/\/serveiseducatius.xtec.cat\/solsones\/wp-content\/uploads\/usu1176\/2025\/09\/WhatsApp-Image-2025-09-17-at-09.37.15-1024x768.jpeg 1024w, https:\/\/serveiseducatius.xtec.cat\/solsones\/wp-content\/uploads\/usu1176\/2025\/09\/WhatsApp-Image-2025-09-17-at-09.37.15-768x576.jpeg 768w, https:\/\/serveiseducatius.xtec.cat\/solsones\/wp-content\/uploads\/usu1176\/2025\/09\/WhatsApp-Image-2025-09-17-at-09.37.15-1536x1152.jpeg 1536w, https:\/\/serveiseducatius.xtec.cat\/solsones\/wp-content\/uploads\/usu1176\/2025\/09\/WhatsApp-Image-2025-09-17-at-09.37.15-200x150.jpeg 200w\" sizes=\"auto, (max-width: 854px) 100vw, 854px\" \/><\/a><\/p>\n<p style=\"text-align: justify;\">Dimarts 16 de setembre els Serveis Educatius del Museu Dioces\u00e0 i Comarcal de Solsona van oferir la IV Trobada amb docents del Museu de Solsona, una jornada plena de nous descobriments: l&#8217;exposici\u00f3 i nova activitat educativa \u201cAiguafina: els camins de l&#8217;aigua\u201d i la xerrada sobre diversitat cultural i religiosa, amb la soci\u00f2loga i fundadora del projecte Lal\u00e8, Clara Fons Duocastella, una pon\u00e8ncia que va captivar el p\u00fablic assistent, que en va sortir entusiasmat.<\/p>\n","protected":false},"excerpt":{"rendered":"<p>Dimarts 16 de setembre els Serveis Educatius del Museu Dioces\u00e0 i Comarcal de Solsona van oferir la IV Trobada amb docents del Museu de Solsona, una jornada plena de nous descobriments: l&#8217;exposici\u00f3 i nova activitat educativa \u201cAiguafina: els camins de l&#8217;aigua\u201d i la xerrada sobre diversitat cultural i religiosa, amb la soci\u00f2loga i fundadora del [&hellip;]<\/p>\n","protected":false},"author":1,"featured_media":15902,"comment_status":"closed","ping_status":"open","sticky":false,"template":"","format":"standard","meta":{"_bbp_topic_count":0,"_bbp_reply_count":0,"_bbp_total_topic_count":0,"_bbp_total_reply_count":0,"_bbp_voice_count":0,"_bbp_anonymous_reply_count":0,"_bbp_topic_count_hidden":0,"_bbp_reply_count_hidden":0,"_bbp_forum_subforum_count":0,"site-sidebar-layout":"default","site-content-layout":"","ast-site-content-layout":"","site-content-style":"default","site-sidebar-style":"default","ast-global-header-display":"","ast-banner-title-visibility":"","ast-main-header-display":"","ast-hfb-above-header-display":"","ast-hfb-below-header-display":"","ast-hfb-mobile-header-display":"","site-post-title":"","ast-breadcrumbs-content":"","ast-featured-img":"","footer-sml-layout":"","theme-transparent-header-meta":"","adv-header-id-meta":"","stick-header-meta":"","header-above-stick-meta":"","header-main-stick-meta":"","header-below-stick-meta":"","astra-migrate-meta-layouts":"default","ast-page-background-enabled":"default","ast-page-background-meta":{"desktop":{"background-color":"var(--ast-global-color-4)","background-image":"","background-repeat":"repeat","background-position":"center center","background-size":"auto","background-attachment":"scroll","background-type":"","background-media":"","overlay-type":"","overlay-color":"","overlay-opacity":"","overlay-gradient":""},"tablet":{"background-color":"","background-image":"","background-repeat":"repeat","background-position":"center center","background-size":"auto","background-attachment":"scroll","background-type":"","background-media":"","overlay-type":"","overlay-color":"","overlay-opacity":"","overlay-gradient":""},"mobile":{"background-color":"","background-image":"","background-repeat":"repeat","background-position":"center center","background-size":"auto","background-attachment":"scroll","background-type":"","background-media":"","overlay-type":"","overlay-color":"","overlay-opacity":"","overlay-gradient":""}},"ast-content-background-meta":{"desktop":{"background-color":"var(--ast-global-color-5)","background-image":"","background-repeat":"repeat","background-position":"center center","background-size":"auto","background-attachment":"scroll","background-type":"","background-media":"","overlay-type":"","overlay-color":"","overlay-opacity":"","overlay-gradient":""},"tablet":{"background-color":"var(--ast-global-color-5)","background-image":"","background-repeat":"repeat","background-position":"center center","background-size":"auto","background-attachment":"scroll","background-type":"","background-media":"","overlay-type":"","overlay-color":"","overlay-opacity":"","overlay-gradient":""},"mobile":{"background-color":"var(--ast-global-color-5)","background-image":"","background-repeat":"repeat","background-position":"center center","background-size":"auto","background-attachment":"scroll","background-type":"","background-media":"","overlay-type":"","overlay-color":"","overlay-opacity":"","overlay-gradient":""}},"footnotes":""},"categories":[65,66,1006,154,1,268,269,235,153,29],"tags":[466,1039,363,226,1041,701,1040],"class_list":["post-15895","post","type-post","status-publish","format-standard","has-post-thumbnail","hentry","category-crp","category-dinamitzacio","category-exposicions","category-formacio","category-general","category-noticies-generals","category-noticies-se","category-formacio_ins","category-pfz","category-portada","tag-art","tag-diversitat-religiosa","tag-exposicio","tag-formacio","tag-museu-diocesa-i-comarcal-de-solsona","tag-recursos-pedagogics","tag-tolerancia"],"post_mailing_queue_ids":[],"_links":{"self":[{"href":"https:\/\/serveiseducatius.xtec.cat\/solsones\/wp-json\/wp\/v2\/posts\/15895","targetHints":{"allow":["GET"]}}],"collection":[{"href":"https:\/\/serveiseducatius.xtec.cat\/solsones\/wp-json\/wp\/v2\/posts"}],"about":[{"href":"https:\/\/serveiseducatius.xtec.cat\/solsones\/wp-json\/wp\/v2\/types\/post"}],"author":[{"embeddable":true,"href":"https:\/\/serveiseducatius.xtec.cat\/solsones\/wp-json\/wp\/v2\/users\/1"}],"replies":[{"embeddable":true,"href":"https:\/\/serveiseducatius.xtec.cat\/solsones\/wp-json\/wp\/v2\/comments?post=15895"}],"version-history":[{"count":6,"href":"https:\/\/serveiseducatius.xtec.cat\/solsones\/wp-json\/wp\/v2\/posts\/15895\/revisions"}],"predecessor-version":[{"id":15910,"href":"https:\/\/serveiseducatius.xtec.cat\/solsones\/wp-json\/wp\/v2\/posts\/15895\/revisions\/15910"}],"wp:featuredmedia":[{"embeddable":true,"href":"https:\/\/serveiseducatius.xtec.cat\/solsones\/wp-json\/wp\/v2\/media\/15902"}],"wp:attachment":[{"href":"https:\/\/serveiseducatius.xtec.cat\/solsones\/wp-json\/wp\/v2\/media?parent=15895"}],"wp:term":[{"taxonomy":"category","embeddable":true,"href":"https:\/\/serveiseducatius.xtec.cat\/solsones\/wp-json\/wp\/v2\/categories?post=15895"},{"taxonomy":"post_tag","embeddable":true,"href":"https:\/\/serveiseducatius.xtec.cat\/solsones\/wp-json\/wp\/v2\/tags?post=15895"}],"curies":[{"name":"wp","href":"https:\/\/api.w.org\/{rel}","templated":true}]}}