{"id":15836,"date":"2025-06-28T18:14:42","date_gmt":"2025-06-28T16:14:42","guid":{"rendered":"https:\/\/serveiseducatius.xtec.cat\/solsones\/?p=15836"},"modified":"2025-06-28T18:14:42","modified_gmt":"2025-06-28T16:14:42","slug":"ix-jornada-pedagogica-de-la-catalunya-central","status":"publish","type":"post","link":"https:\/\/serveiseducatius.xtec.cat\/solsones\/general\/ix-jornada-pedagogica-de-la-catalunya-central\/","title":{"rendered":"IX Jornada Pedag\u00f2gica de la Catalunya Central"},"content":{"rendered":"<h4 style=\"text-align: justify;\"><strong>Els beneficis de la lectura i la necessitat de tenir una mirada\u00a0<\/strong><strong>decolonial en l\u2019educaci\u00f3 centren l\u2019IX Jornada Pedag\u00f2gica de la\u00a0<\/strong><strong>Catalunya central<\/strong><\/h4>\n<h4 style=\"text-align: justify;\"><strong><a href=\"https:\/\/serveiseducatius.xtec.cat\/solsones\/wp-content\/uploads\/usu1176\/2025\/06\/WhatsApp-Image-2025-06-28-at-16.23.15.jpeg\"><img loading=\"lazy\" decoding=\"async\" class=\"wp-image-15839 alignleft\" src=\"https:\/\/serveiseducatius.xtec.cat\/solsones\/wp-content\/uploads\/usu1176\/2025\/06\/WhatsApp-Image-2025-06-28-at-16.23.15.jpeg\" alt=\"\" width=\"352\" height=\"470\" srcset=\"https:\/\/serveiseducatius.xtec.cat\/solsones\/wp-content\/uploads\/usu1176\/2025\/06\/WhatsApp-Image-2025-06-28-at-16.23.15.jpeg 1200w, https:\/\/serveiseducatius.xtec.cat\/solsones\/wp-content\/uploads\/usu1176\/2025\/06\/WhatsApp-Image-2025-06-28-at-16.23.15-225x300.jpeg 225w, https:\/\/serveiseducatius.xtec.cat\/solsones\/wp-content\/uploads\/usu1176\/2025\/06\/WhatsApp-Image-2025-06-28-at-16.23.15-768x1024.jpeg 768w, https:\/\/serveiseducatius.xtec.cat\/solsones\/wp-content\/uploads\/usu1176\/2025\/06\/WhatsApp-Image-2025-06-28-at-16.23.15-1152x1536.jpeg 1152w\" sizes=\"auto, (max-width: 352px) 100vw, 352px\" \/><\/a><\/strong><\/h4>\n<p style=\"text-align: justify;\">L\u2019escriptora i periodista cultural, Eva Piquer, va encetar dijous, 26 de juny, la jornada organitzada per l\u2019equip d\u2019assessors en Llengua, Interculturalitat i Cohesi\u00f3 social, LIC, de la Catalunya central. Piquer va citar diversos autors per defensar la import\u00e0ncia de la lectura i explicar qu\u00e8 no haur\u00edem de fer si volem engrescar els joves a llegir. Al llarg de la seva exposici\u00f3 va comentar que els llibres valen per la vida que contenen, no per si mateixos i va subratllar que \u201cels llibres permeten tirar endavant, malgrat les ferides\u201d. En relaci\u00f3 a les lectures obligat\u00f2ries de l\u2019institut, Eva Piquer va dir que \u201cs\u00f3n un mal necessari, per evitar que acabin l\u2019ESO sense haver obert un llibre\u201d.<br \/>\nLa segona part de la jornada es va centrar en la interculturalitat a les aules, en una taula rodona amb experi\u00e8ncies de l\u2019INS Antoni Pous i Argila, de Manlleu; l\u2019Escola Bages, de Manresa, i l\u2019INS Castellet, de St. Vicen\u00e7 de Castellet. Les seves visions de la coexist\u00e8ncia de diferents cultures a l\u2019escola van posar de manifest que cal un treball en xarxa i una bona comunicaci\u00f3 entre els agents participants. Marta Casas, de l\u2019INS Antoni Pous, va recon\u00e8ixer que \u201calgunes vegades has de for\u00e7ar les costures del sistema\u201d, referint-se a les dificultats que comporta la pr\u00f2pia organitzaci\u00f3 hor\u00e0ria del centre. Marta Cardona i Txell Dachs, de l\u2019Escola Bages, van remarcar la implicaci\u00f3 de les fam\u00edlies en el seu projecte, basat en sessions de contes en diferents lleng\u00fces d\u2019origen. Pel que fa a l\u2019INS Castellet, Miren Uharte i David Saborido, van compartir una experi\u00e8ncia ERASMUS a Fran\u00e7a, a partir de la qual, els alumnes \u201ctroben sentit a l\u2019aprenentatge d\u2019un llengua que no \u00e9s la seva\u201d i constaten la diversitat de creences religioses i culturals.<br \/>\nDespr\u00e9s de la taula rodona, vam comptar amb la intervenci\u00f3 de Miquel \u00c0ngel Essomba, catedr\u00e0tic de pedagogia de la UAB. Des de la seva perspectiva, ens trobem en un moment clau per repensar el futur: \u201ccal tenir una \u00f2ptica antiracista i decolonial\u201d. Essomba va proposar plantejar-nos algunes preguntes per fer front a l\u2019imaginari d\u2019odi i de racisme que es crea a les xarxes socials: com ensenyem hist\u00f2ria a les escoles? Com fomentem el pensament cr\u00edtic? Com provoquem empatia&#8230;? El conferenciant, expert en interculturalitat, va destacar que hi ha paraules sagrades que \u201chan quedat segrestades\u201d, com ara llibertat o igualtat. Cal dotar-les, de nou, del sentit real.<br \/>\nLa jornada pedag\u00f2gica va cloure amb una actuaci\u00f3 musical de l\u2019activista afrocatal\u00e0, poeta i cantant de rap, Daura Mangara. La jornada va commemorar els 20 anys de constituci\u00f3 dels equips LIC i va tenir lloc en un dels espais de l\u2019Abadia de Montserrat, que enguany celebra el seu mil\u00b7lenari.<\/p>\n<h4 style=\"text-align: justify;\"><\/h4>\n","protected":false},"excerpt":{"rendered":"<p>Els beneficis de la lectura i la necessitat de tenir una mirada\u00a0decolonial en l\u2019educaci\u00f3 centren l\u2019IX Jornada Pedag\u00f2gica de la\u00a0Catalunya central L\u2019escriptora i periodista cultural, Eva Piquer, va encetar dijous, 26 de juny, la jornada organitzada per l\u2019equip d\u2019assessors en Llengua, Interculturalitat i Cohesi\u00f3 social, LIC, de la Catalunya central. Piquer va citar diversos autors [&hellip;]<\/p>\n","protected":false},"author":1,"featured_media":15848,"comment_status":"closed","ping_status":"open","sticky":false,"template":"","format":"standard","meta":{"_bbp_topic_count":0,"_bbp_reply_count":0,"_bbp_total_topic_count":0,"_bbp_total_reply_count":0,"_bbp_voice_count":0,"_bbp_anonymous_reply_count":0,"_bbp_topic_count_hidden":0,"_bbp_reply_count_hidden":0,"_bbp_forum_subforum_count":0,"site-sidebar-layout":"default","site-content-layout":"","ast-site-content-layout":"","site-content-style":"default","site-sidebar-style":"default","ast-global-header-display":"","ast-banner-title-visibility":"","ast-main-header-display":"","ast-hfb-above-header-display":"","ast-hfb-below-header-display":"","ast-hfb-mobile-header-display":"","site-post-title":"","ast-breadcrumbs-content":"","ast-featured-img":"","footer-sml-layout":"","theme-transparent-header-meta":"","adv-header-id-meta":"","stick-header-meta":"","header-above-stick-meta":"","header-main-stick-meta":"","header-below-stick-meta":"","astra-migrate-meta-layouts":"default","ast-page-background-enabled":"default","ast-page-background-meta":{"desktop":{"background-color":"var(--ast-global-color-4)","background-image":"","background-repeat":"repeat","background-position":"center center","background-size":"auto","background-attachment":"scroll","background-type":"","background-media":"","overlay-type":"","overlay-color":"","overlay-opacity":"","overlay-gradient":""},"tablet":{"background-color":"","background-image":"","background-repeat":"repeat","background-position":"center center","background-size":"auto","background-attachment":"scroll","background-type":"","background-media":"","overlay-type":"","overlay-color":"","overlay-opacity":"","overlay-gradient":""},"mobile":{"background-color":"","background-image":"","background-repeat":"repeat","background-position":"center center","background-size":"auto","background-attachment":"scroll","background-type":"","background-media":"","overlay-type":"","overlay-color":"","overlay-opacity":"","overlay-gradient":""}},"ast-content-background-meta":{"desktop":{"background-color":"var(--ast-global-color-5)","background-image":"","background-repeat":"repeat","background-position":"center center","background-size":"auto","background-attachment":"scroll","background-type":"","background-media":"","overlay-type":"","overlay-color":"","overlay-opacity":"","overlay-gradient":""},"tablet":{"background-color":"var(--ast-global-color-5)","background-image":"","background-repeat":"repeat","background-position":"center center","background-size":"auto","background-attachment":"scroll","background-type":"","background-media":"","overlay-type":"","overlay-color":"","overlay-opacity":"","overlay-gradient":""},"mobile":{"background-color":"var(--ast-global-color-5)","background-image":"","background-repeat":"repeat","background-position":"center center","background-size":"auto","background-attachment":"scroll","background-type":"","background-media":"","overlay-type":"","overlay-color":"","overlay-opacity":"","overlay-gradient":""}},"footnotes":""},"categories":[325,66,68,1,269,29,271],"tags":[330,166,329,688,1038,173,1037,436,100],"class_list":["post-15836","post","type-post","status-publish","format-standard","has-post-thumbnail","hentry","category-animacio-a-la-lectura","category-dinamitzacio","category-elic","category-general","category-noticies-se","category-portada","category-serveis-educatius","tag-animacio-a-la-lectura","tag-biblioteca-escolar","tag-dinamitzacio","tag-elic","tag-fem-un-clic","tag-gust-per-la-lectura","tag-jornada-lic","tag-jornades","tag-lectura"],"post_mailing_queue_ids":[],"_links":{"self":[{"href":"https:\/\/serveiseducatius.xtec.cat\/solsones\/wp-json\/wp\/v2\/posts\/15836","targetHints":{"allow":["GET"]}}],"collection":[{"href":"https:\/\/serveiseducatius.xtec.cat\/solsones\/wp-json\/wp\/v2\/posts"}],"about":[{"href":"https:\/\/serveiseducatius.xtec.cat\/solsones\/wp-json\/wp\/v2\/types\/post"}],"author":[{"embeddable":true,"href":"https:\/\/serveiseducatius.xtec.cat\/solsones\/wp-json\/wp\/v2\/users\/1"}],"replies":[{"embeddable":true,"href":"https:\/\/serveiseducatius.xtec.cat\/solsones\/wp-json\/wp\/v2\/comments?post=15836"}],"version-history":[{"count":6,"href":"https:\/\/serveiseducatius.xtec.cat\/solsones\/wp-json\/wp\/v2\/posts\/15836\/revisions"}],"predecessor-version":[{"id":15850,"href":"https:\/\/serveiseducatius.xtec.cat\/solsones\/wp-json\/wp\/v2\/posts\/15836\/revisions\/15850"}],"wp:featuredmedia":[{"embeddable":true,"href":"https:\/\/serveiseducatius.xtec.cat\/solsones\/wp-json\/wp\/v2\/media\/15848"}],"wp:attachment":[{"href":"https:\/\/serveiseducatius.xtec.cat\/solsones\/wp-json\/wp\/v2\/media?parent=15836"}],"wp:term":[{"taxonomy":"category","embeddable":true,"href":"https:\/\/serveiseducatius.xtec.cat\/solsones\/wp-json\/wp\/v2\/categories?post=15836"},{"taxonomy":"post_tag","embeddable":true,"href":"https:\/\/serveiseducatius.xtec.cat\/solsones\/wp-json\/wp\/v2\/tags?post=15836"}],"curies":[{"name":"wp","href":"https:\/\/api.w.org\/{rel}","templated":true}]}}