{"id":15754,"date":"2025-04-24T17:29:55","date_gmt":"2025-04-24T15:29:55","guid":{"rendered":"https:\/\/serveiseducatius.xtec.cat\/solsones\/?p=15754"},"modified":"2025-04-24T17:29:55","modified_gmt":"2025-04-24T15:29:55","slug":"ix-fira-esportiva-del-solsones","status":"publish","type":"post","link":"https:\/\/serveiseducatius.xtec.cat\/solsones\/general\/ix-fira-esportiva-del-solsones\/","title":{"rendered":"IX FIRA ESPORTIVA DEL SOLSON\u00c8S"},"content":{"rendered":"<p><strong>Dijous 24 d\u2019abril s&#8217;ha celebrat la IX Fira Esportiva del Solson\u00e8s<\/strong><\/p>\n<p>Uns <span style=\"color: #000000;\"><span style=\"color: #ff0000;\"><span style=\"color: #000000;\">500<\/span> <\/span><\/span>alumnes de la comarca han participat a la IX Fira Esportiva del Solson\u00e8s que organitza el Seminari de Mestres d\u2019Educaci\u00f3 F\u00edsica, el Consell Esportiu del Solson\u00e8s, amb la col\u00b7laboraci\u00f3 del Pla Educatiu d\u2019Entorn i l\u2019Ajuntament de Solsona.<\/p>\n<p>L\u2019objectiu de la realitzaci\u00f3 d\u2019aquesta Fira Esportiva \u00e9s fomentar la conviv\u00e8ncia entre alumnes de prim\u00e0ria de la comarca, enfortint la xarxa de treball i els vincles entre centres mitjan\u00e7ant la pr\u00e0ctica esportiva de proximitat, arrelada a l\u2019entorn i vinculada a les entitats i clubs de Solsona i comarca. En aquesta edici\u00f3 tamb\u00e9 ha participat per primera vegada l&#8217;Escola Sant Gil de Tor\u00e0.<\/p>\n<p>L&#8217;organitzaci\u00f3 de la jornada s\u2019ha distribu\u00eft per cursos:<\/p>\n<ul>\n<li><strong>Fira de 2n:<span style=\"color: #000000;\">\u00a0<\/span><\/strong><span style=\"color: #000000;\">Han gaudit de jocs populars i\/o tradicionals a les places de Solsona. La dinamitzaci\u00f3 s\u2019ha fet a c\u00e0rrec del Club de Bitlles Olius i alumnat col\u00b7laborador de l\u2019IE Vall de Lord.\u00a0<\/span><\/li>\n<li><strong>Fira de 4t:\u00a0<\/strong><span style=\"color: #000000;\">Han pogut realitzar activitats i\/o esports a la natura a la zona esportiva del Parc de la Mina i el Parc de la Mare de la Font. Hi ha col\u00b7laborat Espaigua, ETFEM, ESCAMN, Cardonaevents i l\u2019alumnat col\u00b7laborador de l\u2019Institut Francesc Ribalta.<\/span><\/li>\n<li><strong>Fira de 6\u00e8<span style=\"color: #000000;\">:\u00a0<\/span><\/strong><span style=\"color: #000000;\">S\u2019han dut a terme esports de col\u00b7laboraci\u00f3 i oposici\u00f3 a les instal\u00b7lacions esportives municipals de Solsona. Les activitats han anat a c\u00e0rrec de: FB Solsona Arrels i CF Solsona, AE Lach i l&#8217;alumnat d&#8217;IFE. <\/span><\/li>\n<\/ul>\n<p>Tot l\u2019alumnat ha pogut gaudir d\u2019<strong>un esmorzar saludable<\/strong>\u00a0a base de fruita, a c\u00e0rrec del Pla Educatiu d\u2019Entorn de Solsona.<\/p>\n<table style=\"border-collapse: collapse; width: 100%;\">\n<tbody>\n<tr>\n<td style=\"width: 33.3333%;\"><a href=\"https:\/\/serveiseducatius.xtec.cat\/solsones\/wp-content\/uploads\/usu1176\/2025\/04\/IMG-20250424-WA0006.jpg\"><img loading=\"lazy\" decoding=\"async\" class=\"wp-image-15755 alignright\" src=\"https:\/\/serveiseducatius.xtec.cat\/solsones\/wp-content\/uploads\/usu1176\/2025\/04\/IMG-20250424-WA0006.jpg\" alt=\"\" width=\"359\" height=\"269\" srcset=\"https:\/\/serveiseducatius.xtec.cat\/solsones\/wp-content\/uploads\/usu1176\/2025\/04\/IMG-20250424-WA0006.jpg 1600w, https:\/\/serveiseducatius.xtec.cat\/solsones\/wp-content\/uploads\/usu1176\/2025\/04\/IMG-20250424-WA0006-300x225.jpg 300w, https:\/\/serveiseducatius.xtec.cat\/solsones\/wp-content\/uploads\/usu1176\/2025\/04\/IMG-20250424-WA0006-1024x768.jpg 1024w, https:\/\/serveiseducatius.xtec.cat\/solsones\/wp-content\/uploads\/usu1176\/2025\/04\/IMG-20250424-WA0006-768x576.jpg 768w, https:\/\/serveiseducatius.xtec.cat\/solsones\/wp-content\/uploads\/usu1176\/2025\/04\/IMG-20250424-WA0006-1536x1152.jpg 1536w, https:\/\/serveiseducatius.xtec.cat\/solsones\/wp-content\/uploads\/usu1176\/2025\/04\/IMG-20250424-WA0006-200x150.jpg 200w\" sizes=\"auto, (max-width: 359px) 100vw, 359px\" \/><\/a><\/td>\n<td style=\"width: 33.3333%;\"><a href=\"https:\/\/serveiseducatius.xtec.cat\/solsones\/wp-content\/uploads\/usu1176\/2025\/04\/IMG-20250424-WA0008.jpg\"><img loading=\"lazy\" decoding=\"async\" class=\"wp-image-15756 alignleft\" src=\"https:\/\/serveiseducatius.xtec.cat\/solsones\/wp-content\/uploads\/usu1176\/2025\/04\/IMG-20250424-WA0008.jpg\" alt=\"\" width=\"444\" height=\"200\" srcset=\"https:\/\/serveiseducatius.xtec.cat\/solsones\/wp-content\/uploads\/usu1176\/2025\/04\/IMG-20250424-WA0008.jpg 1600w, https:\/\/serveiseducatius.xtec.cat\/solsones\/wp-content\/uploads\/usu1176\/2025\/04\/IMG-20250424-WA0008-300x135.jpg 300w, https:\/\/serveiseducatius.xtec.cat\/solsones\/wp-content\/uploads\/usu1176\/2025\/04\/IMG-20250424-WA0008-1024x461.jpg 1024w, https:\/\/serveiseducatius.xtec.cat\/solsones\/wp-content\/uploads\/usu1176\/2025\/04\/IMG-20250424-WA0008-768x346.jpg 768w, https:\/\/serveiseducatius.xtec.cat\/solsones\/wp-content\/uploads\/usu1176\/2025\/04\/IMG-20250424-WA0008-1536x692.jpg 1536w\" sizes=\"auto, (max-width: 444px) 100vw, 444px\" \/><\/a><\/td>\n<td style=\"width: 33.3333%;\"><a href=\"https:\/\/serveiseducatius.xtec.cat\/solsones\/wp-content\/uploads\/usu1176\/2025\/04\/IMG-20250424-WA0011.jpg\"><img loading=\"lazy\" decoding=\"async\" class=\"alignnone wp-image-15757\" src=\"https:\/\/serveiseducatius.xtec.cat\/solsones\/wp-content\/uploads\/usu1176\/2025\/04\/IMG-20250424-WA0011.jpg\" alt=\"\" width=\"353\" height=\"264\" srcset=\"https:\/\/serveiseducatius.xtec.cat\/solsones\/wp-content\/uploads\/usu1176\/2025\/04\/IMG-20250424-WA0011.jpg 1600w, https:\/\/serveiseducatius.xtec.cat\/solsones\/wp-content\/uploads\/usu1176\/2025\/04\/IMG-20250424-WA0011-300x225.jpg 300w, https:\/\/serveiseducatius.xtec.cat\/solsones\/wp-content\/uploads\/usu1176\/2025\/04\/IMG-20250424-WA0011-1024x768.jpg 1024w, https:\/\/serveiseducatius.xtec.cat\/solsones\/wp-content\/uploads\/usu1176\/2025\/04\/IMG-20250424-WA0011-768x576.jpg 768w, https:\/\/serveiseducatius.xtec.cat\/solsones\/wp-content\/uploads\/usu1176\/2025\/04\/IMG-20250424-WA0011-1536x1152.jpg 1536w, https:\/\/serveiseducatius.xtec.cat\/solsones\/wp-content\/uploads\/usu1176\/2025\/04\/IMG-20250424-WA0011-200x150.jpg 200w\" sizes=\"auto, (max-width: 353px) 100vw, 353px\" \/><\/a><\/td>\n<\/tr>\n<\/tbody>\n<\/table>\n<p>&nbsp;<\/p>\n","protected":false},"excerpt":{"rendered":"<p>Dijous 24 d\u2019abril s&#8217;ha celebrat la IX Fira Esportiva del Solson\u00e8s Uns 500 alumnes de la comarca han participat a la IX Fira Esportiva del Solson\u00e8s que organitza el Seminari de Mestres d\u2019Educaci\u00f3 F\u00edsica, el Consell Esportiu del Solson\u00e8s, amb la col\u00b7laboraci\u00f3 del Pla Educatiu d\u2019Entorn i l\u2019Ajuntament de Solsona. L\u2019objectiu de la realitzaci\u00f3 d\u2019aquesta [&hellip;]<\/p>\n","protected":false},"author":1,"featured_media":15756,"comment_status":"closed","ping_status":"closed","sticky":false,"template":"","format":"standard","meta":{"_bbp_topic_count":0,"_bbp_reply_count":0,"_bbp_total_topic_count":0,"_bbp_total_reply_count":0,"_bbp_voice_count":0,"_bbp_anonymous_reply_count":0,"_bbp_topic_count_hidden":0,"_bbp_reply_count_hidden":0,"_bbp_forum_subforum_count":0,"site-sidebar-layout":"default","site-content-layout":"","ast-site-content-layout":"","site-content-style":"default","site-sidebar-style":"default","ast-global-header-display":"","ast-banner-title-visibility":"","ast-main-header-display":"","ast-hfb-above-header-display":"","ast-hfb-below-header-display":"","ast-hfb-mobile-header-display":"","site-post-title":"","ast-breadcrumbs-content":"","ast-featured-img":"","footer-sml-layout":"","theme-transparent-header-meta":"","adv-header-id-meta":"","stick-header-meta":"","header-above-stick-meta":"","header-main-stick-meta":"","header-below-stick-meta":"","astra-migrate-meta-layouts":"default","ast-page-background-enabled":"default","ast-page-background-meta":{"desktop":{"background-color":"var(--ast-global-color-4)","background-image":"","background-repeat":"repeat","background-position":"center center","background-size":"auto","background-attachment":"scroll","background-type":"","background-media":"","overlay-type":"","overlay-color":"","overlay-opacity":"","overlay-gradient":""},"tablet":{"background-color":"","background-image":"","background-repeat":"repeat","background-position":"center center","background-size":"auto","background-attachment":"scroll","background-type":"","background-media":"","overlay-type":"","overlay-color":"","overlay-opacity":"","overlay-gradient":""},"mobile":{"background-color":"","background-image":"","background-repeat":"repeat","background-position":"center center","background-size":"auto","background-attachment":"scroll","background-type":"","background-media":"","overlay-type":"","overlay-color":"","overlay-opacity":"","overlay-gradient":""}},"ast-content-background-meta":{"desktop":{"background-color":"var(--ast-global-color-5)","background-image":"","background-repeat":"repeat","background-position":"center center","background-size":"auto","background-attachment":"scroll","background-type":"","background-media":"","overlay-type":"","overlay-color":"","overlay-opacity":"","overlay-gradient":""},"tablet":{"background-color":"var(--ast-global-color-5)","background-image":"","background-repeat":"repeat","background-position":"center center","background-size":"auto","background-attachment":"scroll","background-type":"","background-media":"","overlay-type":"","overlay-color":"","overlay-opacity":"","overlay-gradient":""},"mobile":{"background-color":"var(--ast-global-color-5)","background-image":"","background-repeat":"repeat","background-position":"center center","background-size":"auto","background-attachment":"scroll","background-type":"","background-media":"","overlay-type":"","overlay-color":"","overlay-opacity":"","overlay-gradient":""}},"footnotes":""},"categories":[980,1,268,269,75,29],"tags":[942,228,221,172,998,918,333,45],"class_list":["post-15754","post","type-post","status-publish","format-standard","has-post-thumbnail","hentry","category-els-centres-fan","category-general","category-noticies-generals","category-noticies-se","category-pee","category-portada","tag-benestar-emocional","tag-educacio-fisica","tag-educacio-per-a-la-salut","tag-educacio-primaria","tag-fira","tag-fira-esportiva","tag-jornada-esportiva","tag-salut"],"post_mailing_queue_ids":[],"_links":{"self":[{"href":"https:\/\/serveiseducatius.xtec.cat\/solsones\/wp-json\/wp\/v2\/posts\/15754","targetHints":{"allow":["GET"]}}],"collection":[{"href":"https:\/\/serveiseducatius.xtec.cat\/solsones\/wp-json\/wp\/v2\/posts"}],"about":[{"href":"https:\/\/serveiseducatius.xtec.cat\/solsones\/wp-json\/wp\/v2\/types\/post"}],"author":[{"embeddable":true,"href":"https:\/\/serveiseducatius.xtec.cat\/solsones\/wp-json\/wp\/v2\/users\/1"}],"replies":[{"embeddable":true,"href":"https:\/\/serveiseducatius.xtec.cat\/solsones\/wp-json\/wp\/v2\/comments?post=15754"}],"version-history":[{"count":6,"href":"https:\/\/serveiseducatius.xtec.cat\/solsones\/wp-json\/wp\/v2\/posts\/15754\/revisions"}],"predecessor-version":[{"id":15764,"href":"https:\/\/serveiseducatius.xtec.cat\/solsones\/wp-json\/wp\/v2\/posts\/15754\/revisions\/15764"}],"wp:featuredmedia":[{"embeddable":true,"href":"https:\/\/serveiseducatius.xtec.cat\/solsones\/wp-json\/wp\/v2\/media\/15756"}],"wp:attachment":[{"href":"https:\/\/serveiseducatius.xtec.cat\/solsones\/wp-json\/wp\/v2\/media?parent=15754"}],"wp:term":[{"taxonomy":"category","embeddable":true,"href":"https:\/\/serveiseducatius.xtec.cat\/solsones\/wp-json\/wp\/v2\/categories?post=15754"},{"taxonomy":"post_tag","embeddable":true,"href":"https:\/\/serveiseducatius.xtec.cat\/solsones\/wp-json\/wp\/v2\/tags?post=15754"}],"curies":[{"name":"wp","href":"https:\/\/api.w.org\/{rel}","templated":true}]}}