{"id":15709,"date":"2025-04-23T13:10:14","date_gmt":"2025-04-23T11:10:14","guid":{"rendered":"https:\/\/serveiseducatius.xtec.cat\/solsones\/?p=15709"},"modified":"2025-04-23T13:10:14","modified_gmt":"2025-04-23T11:10:14","slug":"recomanacions-literaries-sant-jordi-2025","status":"publish","type":"post","link":"https:\/\/serveiseducatius.xtec.cat\/solsones\/general\/recomanacions-literaries-sant-jordi-2025\/","title":{"rendered":"Recomanacions liter\u00e0ries Sant Jordi 2025"},"content":{"rendered":"<h1><b>RECOMANACIONS PER SANT JORDI<\/b><\/h1>\n<table style=\"width: 100%; height: 9068px;\">\n<tbody>\n<tr style=\"height: 57px;\">\n<td style=\"height: 57px;\" colspan=\"2\">\n<h2><b>PER ALS M\u00c9S PETITS<\/b><\/h2>\n<\/td>\n<\/tr>\n<tr style=\"height: 283px;\">\n<td style=\"height: 283px;\"><b>Petiteses<a href=\"https:\/\/serveiseducatius.xtec.cat\/solsones\/wp-content\/uploads\/usu1176\/2025\/04\/IMG-20230905-WA0007.jpg\"><img loading=\"lazy\" decoding=\"async\" class=\"alignnone wp-image-15714\" src=\"https:\/\/serveiseducatius.xtec.cat\/solsones\/wp-content\/uploads\/usu1176\/2025\/04\/IMG-20230905-WA0007.jpg\" alt=\"\" width=\"220\" height=\"211\" srcset=\"https:\/\/serveiseducatius.xtec.cat\/solsones\/wp-content\/uploads\/usu1176\/2025\/04\/IMG-20230905-WA0007.jpg 2048w, https:\/\/serveiseducatius.xtec.cat\/solsones\/wp-content\/uploads\/usu1176\/2025\/04\/IMG-20230905-WA0007-300x287.jpg 300w, https:\/\/serveiseducatius.xtec.cat\/solsones\/wp-content\/uploads\/usu1176\/2025\/04\/IMG-20230905-WA0007-1024x980.jpg 1024w, https:\/\/serveiseducatius.xtec.cat\/solsones\/wp-content\/uploads\/usu1176\/2025\/04\/IMG-20230905-WA0007-768x735.jpg 768w, https:\/\/serveiseducatius.xtec.cat\/solsones\/wp-content\/uploads\/usu1176\/2025\/04\/IMG-20230905-WA0007-1536x1470.jpg 1536w\" sizes=\"auto, (max-width: 220px) 100vw, 220px\" \/><\/a><\/b><\/td>\n<td style=\"height: 283px;\"><span style=\"font-weight: 400;\">Autor: Pep Molist<\/span><\/p>\n<p><span style=\"font-weight: 400;\">Il\u00b7lustracions: Al\u00edcia Varela.\u00a0<\/span><\/p>\n<p><span style=\"font-weight: 400;\">Un recull de 35 poemes que parteixen d&#8217;objectes quotidians per abordar temes transcendents com la mort, l&#8217;amistat o l&#8217;amor. Les il\u00b7lustracions s&#8217;inspiren en Joan Mir\u00f3, oferint una edici\u00f3 de gran qualitat.\u00a0<\/span><\/p>\n<p><span style=\"font-weight: 400;\">Editorial: Babulinka Books<\/span><\/td>\n<\/tr>\n<tr style=\"height: 270px;\">\n<td style=\"height: 270px;\"><b>El drac del cul flamejant<\/b><\/p>\n<p><a href=\"https:\/\/serveiseducatius.xtec.cat\/solsones\/wp-content\/uploads\/usu1176\/2025\/04\/9788491455202.jpg\"><img loading=\"lazy\" decoding=\"async\" class=\"alignnone wp-image-15715\" src=\"https:\/\/serveiseducatius.xtec.cat\/solsones\/wp-content\/uploads\/usu1176\/2025\/04\/9788491455202.jpg\" alt=\"\" width=\"274\" height=\"274\" srcset=\"https:\/\/serveiseducatius.xtec.cat\/solsones\/wp-content\/uploads\/usu1176\/2025\/04\/9788491455202.jpg 552w, https:\/\/serveiseducatius.xtec.cat\/solsones\/wp-content\/uploads\/usu1176\/2025\/04\/9788491455202-300x300.jpg 300w, https:\/\/serveiseducatius.xtec.cat\/solsones\/wp-content\/uploads\/usu1176\/2025\/04\/9788491455202-150x150.jpg 150w\" sizes=\"auto, (max-width: 274px) 100vw, 274px\" \/><\/a><\/td>\n<td style=\"height: 270px;\"><span style=\"font-weight: 400;\">Autor: Beach<\/span><\/p>\n<p><span style=\"font-weight: 400;\">l drac a qui s&#8217;enfronta Sir Wayne no passa pel seu millor moment. Ha perdut la seva espurna. I per a un drac que escup foc i es dedica a socarrimar cavallers, aix\u00f2 \u00e9s un GRAN PROBLEMA. Per\u00f2 el valer\u00f3s i ocorrent Sir Wayne t\u00e9 una idea per ajudar el seu adversari.\u00a0<\/span><\/p>\n<p><span style=\"font-weight: 400;\">Editorial Picarona<\/span><\/td>\n<\/tr>\n<tr style=\"height: 351px;\">\n<td style=\"height: 351px;\"><b>La princesa del cul flamejant<\/b><\/p>\n<p><a href=\"https:\/\/serveiseducatius.xtec.cat\/solsones\/wp-content\/uploads\/usu1176\/2025\/04\/9788491456513_1_l.jpg\"><img loading=\"lazy\" decoding=\"async\" class=\"alignnone wp-image-15716\" src=\"https:\/\/serveiseducatius.xtec.cat\/solsones\/wp-content\/uploads\/usu1176\/2025\/04\/9788491456513_1_l.jpg\" alt=\"\" width=\"270\" height=\"269\" srcset=\"https:\/\/serveiseducatius.xtec.cat\/solsones\/wp-content\/uploads\/usu1176\/2025\/04\/9788491456513_1_l.jpg 514w, https:\/\/serveiseducatius.xtec.cat\/solsones\/wp-content\/uploads\/usu1176\/2025\/04\/9788491456513_1_l-300x300.jpg 300w, https:\/\/serveiseducatius.xtec.cat\/solsones\/wp-content\/uploads\/usu1176\/2025\/04\/9788491456513_1_l-150x150.jpg 150w\" sizes=\"auto, (max-width: 270px) 100vw, 270px\" \/><\/a><\/td>\n<td style=\"height: 351px;\"><span style=\"font-weight: 400;\">Autor: Beach<\/span><\/p>\n<p><span style=\"font-weight: 400;\">El<\/span><i><span style=\"font-weight: 400;\"> Sir Wayne<\/span><\/i><span style=\"font-weight: 400;\"> i el Drac HAN TORNAT.<\/span><\/p>\n<p><span style=\"font-weight: 400;\">I aquesta vegada han de rescatar una princesa. Per\u00f2 QUI la salvar\u00e0?<\/span><\/p>\n<p><span style=\"font-weight: 400;\">El Sir Wayne? (Pot escalar. \u00c9s un cavaller MOLT fort).<\/span><\/p>\n<p><span style=\"font-weight: 400;\">El Drac? (\u00c9s bon volador. Es tira pets flamejants). Si TAN SOLS hi hagu\u00e9s una manera d\u2019obtenir el millor de tots dos\u2026<\/span><\/p>\n<p><span style=\"font-weight: 400;\">Editorial Picarona<\/span><\/td>\n<\/tr>\n<tr style=\"height: 317px;\">\n<td style=\"height: 317px;\"><b>El cavaller del cul flamejant<\/b><\/p>\n<p><a href=\"https:\/\/serveiseducatius.xtec.cat\/solsones\/wp-content\/uploads\/usu1176\/2025\/04\/www-9788491455882-00.jpg\"><img loading=\"lazy\" decoding=\"async\" class=\"alignnone wp-image-15717\" src=\"https:\/\/serveiseducatius.xtec.cat\/solsones\/wp-content\/uploads\/usu1176\/2025\/04\/www-9788491455882-00.jpg\" alt=\"\" width=\"306\" height=\"304\" srcset=\"https:\/\/serveiseducatius.xtec.cat\/solsones\/wp-content\/uploads\/usu1176\/2025\/04\/www-9788491455882-00.jpg 1200w, https:\/\/serveiseducatius.xtec.cat\/solsones\/wp-content\/uploads\/usu1176\/2025\/04\/www-9788491455882-00-1024x1020.jpg 1024w, https:\/\/serveiseducatius.xtec.cat\/solsones\/wp-content\/uploads\/usu1176\/2025\/04\/www-9788491455882-00-150x150.jpg 150w, https:\/\/serveiseducatius.xtec.cat\/solsones\/wp-content\/uploads\/usu1176\/2025\/04\/www-9788491455882-00-768x765.jpg 768w\" sizes=\"auto, (max-width: 306px) 100vw, 306px\" \/><\/a><\/td>\n<td style=\"height: 317px;\"><span style=\"font-weight: 400;\">Autor: Beach<\/span><\/p>\n<p><span style=\"font-weight: 400;\">El Drac torna a tenir problemes. El foc de dins seu, aquell que el cavaller Sir Wayne l\u2019ajud\u00e0 a recuperar, en comptes de sortir-li per la boca li surt\u2026 ehem\u2026 per la porta del darrere. Per\u00f2 no cal amo\u00efnar-se!<\/span><\/p>\n<p><span style=\"font-weight: 400;\">Editorial Picarona<\/span><\/td>\n<\/tr>\n<tr style=\"height: 270px;\">\n<td style=\"height: 270px;\"><b>Si tingu\u00e9s un dinosaure<\/b><\/p>\n<p><a href=\"https:\/\/serveiseducatius.xtec.cat\/solsones\/wp-content\/uploads\/usu1176\/2025\/04\/51Az0ULBfoL._AC_UF10001000_QL80_.jpg\"><img loading=\"lazy\" decoding=\"async\" class=\"alignnone wp-image-15718\" src=\"https:\/\/serveiseducatius.xtec.cat\/solsones\/wp-content\/uploads\/usu1176\/2025\/04\/51Az0ULBfoL._AC_UF10001000_QL80_.jpg\" alt=\"\" width=\"259\" height=\"363\" srcset=\"https:\/\/serveiseducatius.xtec.cat\/solsones\/wp-content\/uploads\/usu1176\/2025\/04\/51Az0ULBfoL._AC_UF10001000_QL80_.jpg 714w, https:\/\/serveiseducatius.xtec.cat\/solsones\/wp-content\/uploads\/usu1176\/2025\/04\/51Az0ULBfoL._AC_UF10001000_QL80_-214x300.jpg 214w\" sizes=\"auto, (max-width: 259px) 100vw, 259px\" \/><\/a><\/td>\n<td style=\"height: 270px;\"><span style=\"font-weight: 400;\">Autora: Margarida Santacana<\/span><\/p>\n<p><span style=\"font-weight: 400;\">Qu\u00e8 passaria si els nostres somnis es complissin I si un d&#8217;aquests somnis fos tenir un dinosaure Potser a casa hi accedirien de bon grat si els expliqu\u00e9ssim totes les activitats que podr\u00edem fer plegats. Que b\u00e9 que ens ho passar\u00edem! L&#8217;\u00fanic problema \u00e9s que, de vegades, all\u00f2 que m\u00e9s desitgem no \u00e9s com ens pens\u00e0vem.<\/span><\/p>\n<p><span style=\"font-weight: 400;\">Editorial Salvatella<\/span><\/td>\n<\/tr>\n<tr style=\"height: 270px;\">\n<td style=\"height: 270px;\"><a href=\"https:\/\/serveiseducatius.xtec.cat\/solsones\/wp-content\/uploads\/usu1176\/2025\/04\/9788411581004_04_g.jpg\"><img loading=\"lazy\" decoding=\"async\" class=\"alignnone wp-image-15720\" src=\"https:\/\/serveiseducatius.xtec.cat\/solsones\/wp-content\/uploads\/usu1176\/2025\/04\/9788411581004_04_g.jpg\" alt=\"\" width=\"319\" height=\"441\" srcset=\"https:\/\/serveiseducatius.xtec.cat\/solsones\/wp-content\/uploads\/usu1176\/2025\/04\/9788411581004_04_g.jpg 1084w, https:\/\/serveiseducatius.xtec.cat\/solsones\/wp-content\/uploads\/usu1176\/2025\/04\/9788411581004_04_g-217x300.jpg 217w, https:\/\/serveiseducatius.xtec.cat\/solsones\/wp-content\/uploads\/usu1176\/2025\/04\/9788411581004_04_g-740x1024.jpg 740w, https:\/\/serveiseducatius.xtec.cat\/solsones\/wp-content\/uploads\/usu1176\/2025\/04\/9788411581004_04_g-768x1063.jpg 768w\" sizes=\"auto, (max-width: 319px) 100vw, 319px\" \/><\/a><\/td>\n<td style=\"height: 270px;\"><span style=\"font-weight: 400;\">Autors: Jaume Copons i Liliana Fortuny<\/span><\/p>\n<p><span style=\"font-weight: 400;\">Us presentem un llibre sobre Sant Jordi \u00fanic, singular i com no n\u2019hi ha d\u2019altre! Dels creadors de les s\u00e8ries L\u2019Agus i els monstres i Bitmax&amp;Co, Jaume Copons i Liliana Fortuny, aquest llibre \u00e9s un tribut a Sant Jordi a trav\u00e9s de la llegenda, la hist\u00f2ria i els llocs que han creat el seu imaginari al llarg del temps.<\/span><\/p>\n<p><span style=\"font-weight: 400;\">Combel Editorial<\/span><\/td>\n<\/tr>\n<tr style=\"height: 254px;\">\n<td style=\"height: 254px;\"><b>En aquest conte no hi ha cap drac<\/b><\/p>\n<p><a href=\"https:\/\/serveiseducatius.xtec.cat\/solsones\/wp-content\/uploads\/usu1176\/2025\/04\/En_aquest_conte_no_hi_ha_cap_drac.jpg\"><img loading=\"lazy\" decoding=\"async\" class=\"alignnone wp-image-15721\" src=\"https:\/\/serveiseducatius.xtec.cat\/solsones\/wp-content\/uploads\/usu1176\/2025\/04\/En_aquest_conte_no_hi_ha_cap_drac.jpg\" alt=\"\" width=\"300\" height=\"334\" srcset=\"https:\/\/serveiseducatius.xtec.cat\/solsones\/wp-content\/uploads\/usu1176\/2025\/04\/En_aquest_conte_no_hi_ha_cap_drac.jpg 990w, https:\/\/serveiseducatius.xtec.cat\/solsones\/wp-content\/uploads\/usu1176\/2025\/04\/En_aquest_conte_no_hi_ha_cap_drac-270x300.jpg 270w, https:\/\/serveiseducatius.xtec.cat\/solsones\/wp-content\/uploads\/usu1176\/2025\/04\/En_aquest_conte_no_hi_ha_cap_drac-920x1024.jpg 920w, https:\/\/serveiseducatius.xtec.cat\/solsones\/wp-content\/uploads\/usu1176\/2025\/04\/En_aquest_conte_no_hi_ha_cap_drac-768x855.jpg 768w\" sizes=\"auto, (max-width: 300px) 100vw, 300px\" \/><\/a><\/td>\n<td style=\"height: 254px;\"><span style=\"font-weight: 400;\">Autores: Lou Carter i Deborah Allwright<\/span><\/p>\n<p><span style=\"font-weight: 400;\">Pobre vell drac. Ning\u00fa vol que formi part del seu conte, ni la R\u00ednxols d\u2019Or, ni el Hansel i la Gretel, ni ning\u00fa. Per\u00f2 el drac no es d\u00f3na per ven\u00e7ut i segueix buscant a alg\u00fa que s\u00ed que el vulgui a la seva hist\u00f2ria. SIGUI QUI SIGUI. Sense cap dubte, el seu gran optimisme evitar\u00e0 que es fiqui en cap problema. \u00c9s probable\u2026<\/span><\/p>\n<p><span style=\"font-weight: 400;\">Editorial Picarona<\/span><\/td>\n<\/tr>\n<tr style=\"height: 279px;\">\n<td style=\"height: 279px;\"><b>El cavaller Sant Jordi. La llegenda en rodolins.<\/b><\/p>\n<p><a href=\"https:\/\/serveiseducatius.xtec.cat\/solsones\/wp-content\/uploads\/usu1176\/2025\/04\/61rk7qTzTlL-1.jpg\"><img loading=\"lazy\" decoding=\"async\" class=\"alignnone wp-image-15722\" src=\"https:\/\/serveiseducatius.xtec.cat\/solsones\/wp-content\/uploads\/usu1176\/2025\/04\/61rk7qTzTlL-1.jpg\" alt=\"\" width=\"318\" height=\"380\" srcset=\"https:\/\/serveiseducatius.xtec.cat\/solsones\/wp-content\/uploads\/usu1176\/2025\/04\/61rk7qTzTlL-1.jpg 859w, https:\/\/serveiseducatius.xtec.cat\/solsones\/wp-content\/uploads\/usu1176\/2025\/04\/61rk7qTzTlL-1-252x300.jpg 252w, https:\/\/serveiseducatius.xtec.cat\/solsones\/wp-content\/uploads\/usu1176\/2025\/04\/61rk7qTzTlL-1-768x916.jpg 768w\" sizes=\"auto, (max-width: 318px) 100vw, 318px\" \/><\/a><\/td>\n<td style=\"height: 279px;\"><span style=\"font-weight: 400;\">Autor: Pere Mart\u00ed i Llu\u00eds Masachs<\/span><\/p>\n<p><span style=\"font-weight: 400;\">Vols con\u00e8ixer <\/span><b>la llegenda<\/b><span style=\"font-weight: 400;\"> de <\/span><b>sant Jordi<\/b><span style=\"font-weight: 400;\">, <\/span><b>el<\/b><span style=\"font-weight: 400;\"> drac i <\/span><b>la<\/b><span style=\"font-weight: 400;\"> princesa? Aquest llibre te l&#8217;explica, a ritme de rodol\u00ed. De ben segur que t&#8217;ho passar\u00e0s molt b\u00e9!<\/span><\/p>\n<p><span style=\"font-weight: 400;\">Editorial Barcanova<\/span><\/td>\n<\/tr>\n<tr style=\"height: 67px;\">\n<td style=\"height: 67px;\" colspan=\"2\">\n<h2><b>INICIS DE LECTURA AUT\u00d2NOMA (a partir de 6 anys)<\/b><\/h2>\n<\/td>\n<\/tr>\n<tr style=\"height: 285px;\">\n<td style=\"height: 285px;\"><b>Una de monstres<\/b><\/p>\n<p><a href=\"https:\/\/serveiseducatius.xtec.cat\/solsones\/wp-content\/uploads\/usu1176\/2025\/04\/una-de-monstres.jpg\"><img loading=\"lazy\" decoding=\"async\" class=\"alignnone wp-image-15723\" src=\"https:\/\/serveiseducatius.xtec.cat\/solsones\/wp-content\/uploads\/usu1176\/2025\/04\/una-de-monstres.jpg\" alt=\"\" width=\"281\" height=\"364\" srcset=\"https:\/\/serveiseducatius.xtec.cat\/solsones\/wp-content\/uploads\/usu1176\/2025\/04\/una-de-monstres.jpg 617w, https:\/\/serveiseducatius.xtec.cat\/solsones\/wp-content\/uploads\/usu1176\/2025\/04\/una-de-monstres-231x300.jpg 231w\" sizes=\"auto, (max-width: 281px) 100vw, 281px\" \/><\/a><\/td>\n<td style=\"height: 285px;\"><span style=\"font-weight: 400;\">Autora: Roc\u00edo Bonilla.<\/span><\/p>\n<p><span style=\"font-weight: 400;\">Narra la hist\u00f2ria de dos bessons apassionats per la rebosteria que descobreixen que els botiguers del mercat s\u00f3n monstres. Una hist\u00f2ria que combina quotidianitat amb elements fant\u00e0stics, amb un final sorprenent i amable<\/span><\/p>\n<p><span style=\"font-weight: 400;\">Edicions Bromera<\/span><\/td>\n<\/tr>\n<tr style=\"height: 341px;\">\n<td style=\"height: 341px;\"><b>La can\u00e7\u00f3 de l&#8217;ocell Toc<\/b><\/p>\n<p><a href=\"https:\/\/serveiseducatius.xtec.cat\/solsones\/wp-content\/uploads\/usu1176\/2025\/04\/LA_CANCO_DE_L_OCELL_TOC_coberta_CAT-scaled-1.jpg\"><img loading=\"lazy\" decoding=\"async\" class=\"alignnone wp-image-15725\" src=\"https:\/\/serveiseducatius.xtec.cat\/solsones\/wp-content\/uploads\/usu1176\/2025\/04\/LA_CANCO_DE_L_OCELL_TOC_coberta_CAT-scaled-1.jpg\" alt=\"\" width=\"222\" height=\"370\" srcset=\"https:\/\/serveiseducatius.xtec.cat\/solsones\/wp-content\/uploads\/usu1176\/2025\/04\/LA_CANCO_DE_L_OCELL_TOC_coberta_CAT-scaled-1.jpg 1536w, https:\/\/serveiseducatius.xtec.cat\/solsones\/wp-content\/uploads\/usu1176\/2025\/04\/LA_CANCO_DE_L_OCELL_TOC_coberta_CAT-scaled-1-180x300.jpg 180w, https:\/\/serveiseducatius.xtec.cat\/solsones\/wp-content\/uploads\/usu1176\/2025\/04\/LA_CANCO_DE_L_OCELL_TOC_coberta_CAT-scaled-1-614x1024.jpg 614w, https:\/\/serveiseducatius.xtec.cat\/solsones\/wp-content\/uploads\/usu1176\/2025\/04\/LA_CANCO_DE_L_OCELL_TOC_coberta_CAT-scaled-1-768x1280.jpg 768w, https:\/\/serveiseducatius.xtec.cat\/solsones\/wp-content\/uploads\/usu1176\/2025\/04\/LA_CANCO_DE_L_OCELL_TOC_coberta_CAT-scaled-1-922x1536.jpg 922w, https:\/\/serveiseducatius.xtec.cat\/solsones\/wp-content\/uploads\/usu1176\/2025\/04\/LA_CANCO_DE_L_OCELL_TOC_coberta_CAT-scaled-1-1229x2048.jpg 1229w\" sizes=\"auto, (max-width: 222px) 100vw, 222px\" \/><\/a><\/td>\n<td style=\"height: 341px;\"><span style=\"font-weight: 400;\">Autor: Fran Pintadera<\/span><\/p>\n<p><span style=\"font-weight: 400;\">Il\u00b7lustracions: Anna Font.\u00a0<\/span><\/p>\n<p><span style=\"font-weight: 400;\">Explica la hist\u00f2ria d&#8217;un ocell que, malgrat viure en una g\u00e0bia, descobreix que amb el seu cant pot arribar molt lluny. Un llibre po\u00e8tic que tracta temes com la llibertat i la solidaritat. \u200b<\/span><\/p>\n<p><span style=\"font-weight: 400;\">Editorial Ankiara<\/span><\/td>\n<\/tr>\n<tr style=\"height: 294px;\">\n<td style=\"height: 294px;\"><b>Bona nit, moc escarransit<\/b><\/p>\n<p><a href=\"https:\/\/serveiseducatius.xtec.cat\/solsones\/wp-content\/uploads\/usu1176\/2025\/04\/9788448869908.jpg\"><img loading=\"lazy\" decoding=\"async\" class=\"alignnone wp-image-15726\" src=\"https:\/\/serveiseducatius.xtec.cat\/solsones\/wp-content\/uploads\/usu1176\/2025\/04\/9788448869908.jpg\" alt=\"\" width=\"266\" height=\"341\" srcset=\"https:\/\/serveiseducatius.xtec.cat\/solsones\/wp-content\/uploads\/usu1176\/2025\/04\/9788448869908.jpg 552w, https:\/\/serveiseducatius.xtec.cat\/solsones\/wp-content\/uploads\/usu1176\/2025\/04\/9788448869908-234x300.jpg 234w\" sizes=\"auto, (max-width: 266px) 100vw, 266px\" \/><\/a><\/td>\n<td style=\"height: 294px;\"><span style=\"font-weight: 400;\">Autor: Huw Aaron.<\/span><\/p>\n<p><span style=\"font-weight: 400;\">Un \u00e0lbum il\u00b7lustrat en vers per portar a dormir tots els lectors, amb un toc d&#8217;humor i tendresa.<\/span><\/p>\n<p><span style=\"font-weight: 400;\">Editorial Penguin Llibres<\/span><\/td>\n<\/tr>\n<tr style=\"height: 294px;\">\n<td style=\"height: 294px;\"><b>El combat dels caps. Edici\u00f3 2025<\/b><\/p>\n<p><a href=\"https:\/\/serveiseducatius.xtec.cat\/solsones\/wp-content\/uploads\/usu1176\/2025\/04\/9788469644713-el-combat-dels-caps-edicio-2025-especials.jpg\"><img loading=\"lazy\" decoding=\"async\" class=\"alignnone size-full wp-image-15727\" src=\"https:\/\/serveiseducatius.xtec.cat\/solsones\/wp-content\/uploads\/usu1176\/2025\/04\/9788469644713-el-combat-dels-caps-edicio-2025-especials.jpg\" alt=\"\" width=\"200\" height=\"263\" \/><\/a><\/td>\n<td style=\"height: 294px;\"><span style=\"font-weight: 400;\">Autor: Ren\u00e9 Goscinny.<\/span><\/p>\n<p><span style=\"font-weight: 400;\">Una edici\u00f3 especial limitada que celebra l&#8217;estrena de la s\u00e8rie d&#8217;animaci\u00f3 de Netflix amb el mateix t\u00edtol. Inclou 16 p\u00e0gines d&#8217;extres.<\/span><\/p>\n<p><span style=\"font-weight: 400;\">Editorial Bru\u00f1o<\/span><\/td>\n<\/tr>\n<tr style=\"height: 294px;\">\n<td style=\"height: 294px;\"><b>Misteri sota les estrelles<\/b><\/p>\n<p><a href=\"https:\/\/serveiseducatius.xtec.cat\/solsones\/wp-content\/uploads\/usu1176\/2025\/04\/1315098.45.jpg\"><img loading=\"lazy\" decoding=\"async\" class=\"alignnone size-full wp-image-15728\" src=\"https:\/\/serveiseducatius.xtec.cat\/solsones\/wp-content\/uploads\/usu1176\/2025\/04\/1315098.45.jpg\" alt=\"\" width=\"185\" height=\"240\" \/><\/a><\/td>\n<td style=\"height: 294px;\"><span style=\"font-weight: 400;\">Autora: Tea Stilton.<\/span><\/p>\n<p><span style=\"font-weight: 400;\">Un nou misteri per resoldre amb les Tea Sisters, aquesta vegada relacionat amb l&#8217;Observatori Astron\u00f2mic de l&#8217;Illa de les Balenes<\/span><\/p>\n<p><span style=\"font-weight: 400;\">Editorial Planeta<\/span><\/td>\n<\/tr>\n<tr style=\"height: 294px;\">\n<td style=\"height: 294px;\"><b>La revolta de Santa Jordina<\/b><\/p>\n<p><a href=\"https:\/\/serveiseducatius.xtec.cat\/solsones\/wp-content\/uploads\/usu1176\/2025\/04\/61ATElAKIL._SL1366_.jpg\"><img loading=\"lazy\" decoding=\"async\" class=\"alignnone wp-image-15729\" src=\"https:\/\/serveiseducatius.xtec.cat\/solsones\/wp-content\/uploads\/usu1176\/2025\/04\/61ATElAKIL._SL1366_.jpg\" alt=\"\" width=\"386\" height=\"439\" srcset=\"https:\/\/serveiseducatius.xtec.cat\/solsones\/wp-content\/uploads\/usu1176\/2025\/04\/61ATElAKIL._SL1366_.jpg 1200w, https:\/\/serveiseducatius.xtec.cat\/solsones\/wp-content\/uploads\/usu1176\/2025\/04\/61ATElAKIL._SL1366_-264x300.jpg 264w, https:\/\/serveiseducatius.xtec.cat\/solsones\/wp-content\/uploads\/usu1176\/2025\/04\/61ATElAKIL._SL1366_-900x1024.jpg 900w, https:\/\/serveiseducatius.xtec.cat\/solsones\/wp-content\/uploads\/usu1176\/2025\/04\/61ATElAKIL._SL1366_-768x874.jpg 768w\" sizes=\"auto, (max-width: 386px) 100vw, 386px\" \/><\/a><\/td>\n<td style=\"height: 294px;\"><span style=\"font-weight: 400;\">Autor: David Fern\u00e0ndez<\/span><\/p>\n<p><span style=\"font-weight: 400;\">La <\/span><b>Jordina<\/b><span style=\"font-weight: 400;\">, \u00e0nima lliure i consci\u00e8ncia cr\u00edtica, ser\u00e0 la primera a rebel\u00b7lar-s&#8217;hi. El poble es mobilitzar\u00e0, perqu\u00e8 saben que nom\u00e9s se&#8217;n sortiran si actuen junts \u2026<\/span><\/p>\n<p><span style=\"font-weight: 400;\">Editorial Amsterdam<\/span><\/td>\n<\/tr>\n<tr style=\"height: 301px;\">\n<td style=\"height: 301px;\"><b>Sant Jordi de cap per avall<\/b><\/p>\n<p><a href=\"https:\/\/serveiseducatius.xtec.cat\/solsones\/wp-content\/uploads\/usu1176\/2025\/04\/61uBuihVMQL.jpg\"><img loading=\"lazy\" decoding=\"async\" class=\"alignnone wp-image-15730\" src=\"https:\/\/serveiseducatius.xtec.cat\/solsones\/wp-content\/uploads\/usu1176\/2025\/04\/61uBuihVMQL.jpg\" alt=\"\" width=\"305\" height=\"430\" srcset=\"https:\/\/serveiseducatius.xtec.cat\/solsones\/wp-content\/uploads\/usu1176\/2025\/04\/61uBuihVMQL.jpg 700w, https:\/\/serveiseducatius.xtec.cat\/solsones\/wp-content\/uploads\/usu1176\/2025\/04\/61uBuihVMQL-213x300.jpg 213w\" sizes=\"auto, (max-width: 305px) 100vw, 305px\" \/><\/a><\/td>\n<td style=\"height: 301px;\"><span style=\"font-weight: 400;\">Autors: Tina Vall\u00e8s i \u00d2scar Julve<\/span><\/p>\n<p><span style=\"font-weight: 400;\">Un drac amb indigesti\u00f3, un cavaller amb el peu canviat i una princesa distesa amb cara de sorpresa. Si penseu que aquesta hist\u00f2ria ja us l&#8217;han explicada del dret i del rev\u00e9s, sortireu d&#8217;aqu\u00ed volent-ne encara m\u00e9s.<\/span><\/p>\n<p><span style=\"font-weight: 400;\">Editorial\u00a0 Comanegra<\/span><\/td>\n<\/tr>\n<tr style=\"height: 285px;\">\n<td style=\"height: 285px;\"><b>Ales de drac<\/b><\/p>\n<p><a href=\"https:\/\/serveiseducatius.xtec.cat\/solsones\/wp-content\/uploads\/usu1176\/2025\/04\/616cJekQOL._SL1000_.jpg\"><img loading=\"lazy\" decoding=\"async\" class=\"alignnone wp-image-15731\" src=\"https:\/\/serveiseducatius.xtec.cat\/solsones\/wp-content\/uploads\/usu1176\/2025\/04\/616cJekQOL._SL1000_.jpg\" alt=\"\" width=\"443\" height=\"443\" srcset=\"https:\/\/serveiseducatius.xtec.cat\/solsones\/wp-content\/uploads\/usu1176\/2025\/04\/616cJekQOL._SL1000_.jpg 1000w, https:\/\/serveiseducatius.xtec.cat\/solsones\/wp-content\/uploads\/usu1176\/2025\/04\/616cJekQOL._SL1000_-300x300.jpg 300w, https:\/\/serveiseducatius.xtec.cat\/solsones\/wp-content\/uploads\/usu1176\/2025\/04\/616cJekQOL._SL1000_-150x150.jpg 150w, https:\/\/serveiseducatius.xtec.cat\/solsones\/wp-content\/uploads\/usu1176\/2025\/04\/616cJekQOL._SL1000_-768x768.jpg 768w\" sizes=\"auto, (max-width: 443px) 100vw, 443px\" \/><\/a><\/td>\n<td style=\"height: 285px;\"><span style=\"font-weight: 400;\">Autora: Cristina Pall\u00e0s<\/span><\/p>\n<p><span style=\"font-weight: 400;\">Dit aix\u00f2, \u2018Ales de drac\u2019 ens porta al Montblanc de fa uns quants segles, on viu la Cesa amb els seus pares, el rei i la reina. Avesada a les aventures, una sortida pel bosc li descobreix un drac ferit amagat en una cova.\u00a0<\/span><\/p>\n<p><span style=\"font-weight: 400;\">Editorial Mr. Momo<\/span><\/td>\n<\/tr>\n<tr style=\"height: 294px;\">\n<td style=\"height: 294px;\"><b>En drac i en Jordi s\u00f3n amics?<\/b><\/p>\n<p><a href=\"https:\/\/serveiseducatius.xtec.cat\/solsones\/wp-content\/uploads\/usu1176\/2025\/04\/61vXnz8chLL._SL1000_.jpg\"><img loading=\"lazy\" decoding=\"async\" class=\"alignnone wp-image-15732\" src=\"https:\/\/serveiseducatius.xtec.cat\/solsones\/wp-content\/uploads\/usu1176\/2025\/04\/61vXnz8chLL._SL1000_.jpg\" alt=\"\" width=\"411\" height=\"411\" srcset=\"https:\/\/serveiseducatius.xtec.cat\/solsones\/wp-content\/uploads\/usu1176\/2025\/04\/61vXnz8chLL._SL1000_.jpg 1000w, https:\/\/serveiseducatius.xtec.cat\/solsones\/wp-content\/uploads\/usu1176\/2025\/04\/61vXnz8chLL._SL1000_-300x300.jpg 300w, https:\/\/serveiseducatius.xtec.cat\/solsones\/wp-content\/uploads\/usu1176\/2025\/04\/61vXnz8chLL._SL1000_-150x150.jpg 150w, https:\/\/serveiseducatius.xtec.cat\/solsones\/wp-content\/uploads\/usu1176\/2025\/04\/61vXnz8chLL._SL1000_-768x768.jpg 768w\" sizes=\"auto, (max-width: 411px) 100vw, 411px\" \/><\/a><\/td>\n<td style=\"height: 294px;\"><span style=\"font-weight: 400;\">Autora: Montse Ruiz<\/span><\/p>\n<p><span style=\"font-weight: 400;\">Sabeu que un drac petit i avorrit sempre dins de la seva cova i un nen anomenat Jordi, cansat de rebre lli\u00e7ons per esdevenir un gran cavaller, es trobaven per jugar?<\/span><\/p>\n<p><span style=\"font-weight: 400;\">Editorial Omniabooks<\/span><\/td>\n<\/tr>\n<tr style=\"height: 326px;\">\n<td style=\"height: 326px;\"><b>La princesa<\/b><span style=\"font-weight: 400;\"> i <\/span><b>el drac desarmat<\/b><\/p>\n<p><a href=\"https:\/\/serveiseducatius.xtec.cat\/solsones\/wp-content\/uploads\/usu1176\/2025\/04\/818yXD-qlCL.jpg\"><img loading=\"lazy\" decoding=\"async\" class=\"alignnone wp-image-15733\" src=\"https:\/\/serveiseducatius.xtec.cat\/solsones\/wp-content\/uploads\/usu1176\/2025\/04\/818yXD-qlCL.jpg\" alt=\"\" width=\"285\" height=\"372\" srcset=\"https:\/\/serveiseducatius.xtec.cat\/solsones\/wp-content\/uploads\/usu1176\/2025\/04\/818yXD-qlCL.jpg 1960w, https:\/\/serveiseducatius.xtec.cat\/solsones\/wp-content\/uploads\/usu1176\/2025\/04\/818yXD-qlCL-230x300.jpg 230w, https:\/\/serveiseducatius.xtec.cat\/solsones\/wp-content\/uploads\/usu1176\/2025\/04\/818yXD-qlCL-784x1024.jpg 784w, https:\/\/serveiseducatius.xtec.cat\/solsones\/wp-content\/uploads\/usu1176\/2025\/04\/818yXD-qlCL-768x1003.jpg 768w, https:\/\/serveiseducatius.xtec.cat\/solsones\/wp-content\/uploads\/usu1176\/2025\/04\/818yXD-qlCL-1176x1536.jpg 1176w, https:\/\/serveiseducatius.xtec.cat\/solsones\/wp-content\/uploads\/usu1176\/2025\/04\/818yXD-qlCL-1568x2048.jpg 1568w\" sizes=\"auto, (max-width: 285px) 100vw, 285px\" \/><\/a><\/td>\n<td style=\"height: 326px;\"><span style=\"font-weight: 400;\">Autor: Joan Turu<\/span><\/p>\n<p><span style=\"font-weight: 400;\">La princesa i el drac desarmat no \u00e9s la llegenda de Sant Jordi tal com la coneixeu. Aqu\u00ed no apareixen princeses bledes ni dracs ferotges.<\/span><\/p>\n<p><span style=\"font-weight: 400;\">Editorial El Cep i la Nansa<\/span><\/td>\n<\/tr>\n<tr style=\"height: 57px;\">\n<td style=\"height: 57px;\" colspan=\"2\">\n<h2><b>LECTURA AUT\u00d2NOMA CONSOLIDADA\u00a0<\/b><\/h2>\n<\/td>\n<\/tr>\n<tr style=\"height: 325px;\">\n<td style=\"height: 325px;\"><b>La locomotora i jo<\/b><\/p>\n<p><a href=\"https:\/\/serveiseducatius.xtec.cat\/solsones\/wp-content\/uploads\/usu1176\/2025\/04\/la-locomotora-i-jo.jpg\"><img loading=\"lazy\" decoding=\"async\" class=\"alignnone wp-image-15734\" src=\"https:\/\/serveiseducatius.xtec.cat\/solsones\/wp-content\/uploads\/usu1176\/2025\/04\/la-locomotora-i-jo.jpg\" alt=\"\" width=\"284\" height=\"442\" srcset=\"https:\/\/serveiseducatius.xtec.cat\/solsones\/wp-content\/uploads\/usu1176\/2025\/04\/la-locomotora-i-jo.jpg 514w, https:\/\/serveiseducatius.xtec.cat\/solsones\/wp-content\/uploads\/usu1176\/2025\/04\/la-locomotora-i-jo-193x300.jpg 193w\" sizes=\"auto, (max-width: 284px) 100vw, 284px\" \/><\/a><\/td>\n<td style=\"height: 325px;\"><span style=\"font-weight: 400;\">Autor: Pep Molist<\/span><\/p>\n<p><span style=\"font-weight: 400;\">Il\u00b7lustracions: Dani Torrent.<\/span><\/p>\n<p><span style=\"font-weight: 400;\">Narra la hist\u00f2ria de la M\u00edla, una nena de dotze anys que estableix una amistat amb l&#8217;Emil Z\u00e1topek, un antic atleta de fons. Una novel\u00b7la que combina esport, amistat i reflexions personal.<\/span><\/p>\n<p><span style=\"font-weight: 400;\">Editorial Animallibres<\/span><\/td>\n<\/tr>\n<tr style=\"height: 301px;\">\n<td style=\"height: 301px;\"><b>L&#8217;extraordin\u00e0ria vida d&#8217;un gos a les \u00faltimes\u00a0<\/b><\/p>\n<p><a href=\"https:\/\/serveiseducatius.xtec.cat\/solsones\/wp-content\/uploads\/usu1176\/2025\/04\/1507-1.jpg\"><img loading=\"lazy\" decoding=\"async\" class=\"alignnone wp-image-15735\" src=\"https:\/\/serveiseducatius.xtec.cat\/solsones\/wp-content\/uploads\/usu1176\/2025\/04\/1507-1.jpg\" alt=\"\" width=\"302\" height=\"430\" srcset=\"https:\/\/serveiseducatius.xtec.cat\/solsones\/wp-content\/uploads\/usu1176\/2025\/04\/1507-1.jpg 400w, https:\/\/serveiseducatius.xtec.cat\/solsones\/wp-content\/uploads\/usu1176\/2025\/04\/1507-1-211x300.jpg 211w\" sizes=\"auto, (max-width: 302px) 100vw, 302px\" \/><\/a><\/td>\n<td style=\"height: 301px;\"><span style=\"font-weight: 400;\">Autor: Joan Berlanga Sarraseca.\u00a0<\/span><\/p>\n<p><span style=\"font-weight: 400;\">Explica la hist\u00f2ria del Parrac, un gos mest\u00eds i vell que recorda la seva vida al costat de la seva fam\u00edlia humana. Una novel\u00b7la sensible i emotiva que dona veu a un gos ple de saviesa.<\/span><\/p>\n<p><span style=\"font-weight: 400;\">Editorial La Galera<\/span><\/td>\n<\/tr>\n<tr style=\"height: 301px;\">\n<td style=\"height: 301px;\"><b>Nevermoor. Les proves de la Morrigan Corb<\/b><\/p>\n<p><a href=\"https:\/\/serveiseducatius.xtec.cat\/solsones\/wp-content\/uploads\/usu1176\/2025\/04\/s-l1200.jpg\"><img loading=\"lazy\" decoding=\"async\" class=\"alignnone wp-image-15736\" src=\"https:\/\/serveiseducatius.xtec.cat\/solsones\/wp-content\/uploads\/usu1176\/2025\/04\/s-l1200.jpg\" alt=\"\" width=\"280\" height=\"449\" srcset=\"https:\/\/serveiseducatius.xtec.cat\/solsones\/wp-content\/uploads\/usu1176\/2025\/04\/s-l1200.jpg 749w, https:\/\/serveiseducatius.xtec.cat\/solsones\/wp-content\/uploads\/usu1176\/2025\/04\/s-l1200-187x300.jpg 187w, https:\/\/serveiseducatius.xtec.cat\/solsones\/wp-content\/uploads\/usu1176\/2025\/04\/s-l1200-639x1024.jpg 639w\" sizes=\"auto, (max-width: 280px) 100vw, 280px\" \/><\/a><\/td>\n<td style=\"height: 301px;\"><span style=\"font-weight: 400;\">Autora: Jessica Townsend.<\/span><\/p>\n<p><span style=\"font-weight: 400;\">La Morrigan \u00e9s una nena male\u00efda destinada a morir als onze anys. Tanmateix, \u00e9s rescatada i portada a Nevermoor, on ha de superar una s\u00e8rie de proves per romandre en aquest m\u00f3n m\u00e0gic.<\/span><\/p>\n<p><span style=\"font-weight: 400;\">Editorial Grup 62<\/span><\/td>\n<\/tr>\n<tr style=\"height: 263px;\">\n<td style=\"height: 263px;\"><b>Octubre, octubre<\/b><\/p>\n<p><a href=\"https:\/\/serveiseducatius.xtec.cat\/solsones\/wp-content\/uploads\/usu1176\/2025\/04\/9788419158437.jpg\"><img loading=\"lazy\" decoding=\"async\" class=\"alignnone wp-image-15737\" src=\"https:\/\/serveiseducatius.xtec.cat\/solsones\/wp-content\/uploads\/usu1176\/2025\/04\/9788419158437.jpg\" alt=\"\" width=\"276\" height=\"403\" srcset=\"https:\/\/serveiseducatius.xtec.cat\/solsones\/wp-content\/uploads\/usu1176\/2025\/04\/9788419158437.jpg 1746w, https:\/\/serveiseducatius.xtec.cat\/solsones\/wp-content\/uploads\/usu1176\/2025\/04\/9788419158437-205x300.jpg 205w, https:\/\/serveiseducatius.xtec.cat\/solsones\/wp-content\/uploads\/usu1176\/2025\/04\/9788419158437-701x1024.jpg 701w, https:\/\/serveiseducatius.xtec.cat\/solsones\/wp-content\/uploads\/usu1176\/2025\/04\/9788419158437-768x1122.jpg 768w, https:\/\/serveiseducatius.xtec.cat\/solsones\/wp-content\/uploads\/usu1176\/2025\/04\/9788419158437-1051x1536.jpg 1051w, https:\/\/serveiseducatius.xtec.cat\/solsones\/wp-content\/uploads\/usu1176\/2025\/04\/9788419158437-1402x2048.jpg 1402w\" sizes=\"auto, (max-width: 276px) 100vw, 276px\" \/><\/a><\/td>\n<td style=\"height: 263px;\"><span style=\"font-weight: 400;\">Autora: Katya Balen.<\/span><\/p>\n<p><span style=\"font-weight: 400;\">Octubre \u00e9s una nena que viu al bosc amb el seu pare. Un seguit d&#8217;esdeveniments trastoca la seva vida, obligant-la a enfrontar nous reptes i a madurar. \u200b<\/span><\/p>\n<p><span style=\"font-weight: 400;\">Editorial Errata Naturae<\/span><\/td>\n<\/tr>\n<tr style=\"height: 57px;\">\n<td style=\"height: 57px;\" colspan=\"2\">\n<h2><b>LITERATURA JUVENIL\u00a0 (a partir de 12 anys)<\/b><\/h2>\n<\/td>\n<\/tr>\n<tr style=\"height: 301px;\">\n<td style=\"height: 301px;\"><b>L&#8217;ascens dels rebels<\/b><\/p>\n<p><a href=\"https:\/\/serveiseducatius.xtec.cat\/solsones\/wp-content\/uploads\/usu1176\/2025\/04\/9788419478634_1_l.jpg\"><img loading=\"lazy\" decoding=\"async\" class=\"alignnone wp-image-15748\" src=\"https:\/\/serveiseducatius.xtec.cat\/solsones\/wp-content\/uploads\/usu1176\/2025\/04\/9788419478634_1_l.jpg\" alt=\"\" width=\"307\" height=\"440\" srcset=\"https:\/\/serveiseducatius.xtec.cat\/solsones\/wp-content\/uploads\/usu1176\/2025\/04\/9788419478634_1_l.jpg 352w, https:\/\/serveiseducatius.xtec.cat\/solsones\/wp-content\/uploads\/usu1176\/2025\/04\/9788419478634_1_l-210x300.jpg 210w\" sizes=\"auto, (max-width: 307px) 100vw, 307px\" \/><\/a><\/td>\n<td style=\"height: 301px;\"><span style=\"font-weight: 400;\">Autora: Mariona Bessa.\u00a0<\/span><\/p>\n<p><span style=\"font-weight: 400;\">Una novel\u00b7la dist\u00f2pica de ci\u00e8ncia-ficci\u00f3 clim\u00e0tica situada l&#8217;any 2320, on la humanitat viu confinada sota terra despr\u00e9s d&#8217;un desastre ambiental. Guanyadora del premi Joaquim Ruyra de literatura juvenil.<\/span><\/p>\n<p><span style=\"font-weight: 400;\">Editorial Elastic Books<\/span><\/td>\n<\/tr>\n<tr style=\"height: 301px;\">\n<td style=\"height: 301px;\"><b>Estimat avatar<\/b><\/p>\n<p><a href=\"https:\/\/serveiseducatius.xtec.cat\/solsones\/wp-content\/uploads\/usu1176\/2025\/04\/portada_estimat-avatar_david-cirici_202408061534.webp\"><img loading=\"lazy\" decoding=\"async\" class=\"alignnone wp-image-15739\" src=\"https:\/\/serveiseducatius.xtec.cat\/solsones\/wp-content\/uploads\/usu1176\/2025\/04\/portada_estimat-avatar_david-cirici_202408061534.webp\" alt=\"\" width=\"261\" height=\"399\" srcset=\"https:\/\/serveiseducatius.xtec.cat\/solsones\/wp-content\/uploads\/usu1176\/2025\/04\/portada_estimat-avatar_david-cirici_202408061534.webp 785w, https:\/\/serveiseducatius.xtec.cat\/solsones\/wp-content\/uploads\/usu1176\/2025\/04\/portada_estimat-avatar_david-cirici_202408061534-196x300.webp 196w, https:\/\/serveiseducatius.xtec.cat\/solsones\/wp-content\/uploads\/usu1176\/2025\/04\/portada_estimat-avatar_david-cirici_202408061534-670x1024.webp 670w, https:\/\/serveiseducatius.xtec.cat\/solsones\/wp-content\/uploads\/usu1176\/2025\/04\/portada_estimat-avatar_david-cirici_202408061534-768x1174.webp 768w\" sizes=\"auto, (max-width: 261px) 100vw, 261px\" \/><\/a><\/td>\n<td style=\"height: 301px;\"><span style=\"font-weight: 400;\">Autor: David Cirici.<\/span><\/p>\n<p><span style=\"font-weight: 400;\">En un m\u00f3n on la realitat es barreja amb el virtual, la Nora i altres joves descobreixen que les parelles s\u00f3n assignades per una intel\u00b7lig\u00e8ncia artificial. Aquesta novel\u00b7la dist\u00f2pica planteja q\u00fcestions sobre els l\u00edmits de la IA i la llibertat individual. \u200b<\/span><\/p>\n<p><span style=\"font-weight: 400;\">Editorial Grup 62<\/span><\/td>\n<\/tr>\n<tr style=\"height: 285px;\">\n<td style=\"height: 285px;\"><b>La porta dels tres panys<\/b><\/p>\n<p><a href=\"https:\/\/serveiseducatius.xtec.cat\/solsones\/wp-content\/uploads\/usu1176\/2025\/04\/portada_la-porta-dels-tres-panys_sonia-fernandez-vidal_201802160939.webp\"><img loading=\"lazy\" decoding=\"async\" class=\"alignnone wp-image-15740\" src=\"https:\/\/serveiseducatius.xtec.cat\/solsones\/wp-content\/uploads\/usu1176\/2025\/04\/portada_la-porta-dels-tres-panys_sonia-fernandez-vidal_201802160939.webp\" alt=\"\" width=\"286\" height=\"421\" srcset=\"https:\/\/serveiseducatius.xtec.cat\/solsones\/wp-content\/uploads\/usu1176\/2025\/04\/portada_la-porta-dels-tres-panys_sonia-fernandez-vidal_201802160939.webp 360w, https:\/\/serveiseducatius.xtec.cat\/solsones\/wp-content\/uploads\/usu1176\/2025\/04\/portada_la-porta-dels-tres-panys_sonia-fernandez-vidal_201802160939-204x300.webp 204w\" sizes=\"auto, (max-width: 286px) 100vw, 286px\" \/><\/a><\/td>\n<td style=\"height: 285px;\"><i><span style=\"font-weight: 400;\">Autora: S\u00f2nia Fern\u00e1ndez-Vidal.<\/span><\/i><\/p>\n<p><span style=\"font-weight: 400;\">Despr\u00e9s de rebre un missatge misteri\u00f3s, en Niko descobreix una casa enigm\u00e0tica que el porta a un m\u00f3n on la f\u00edsica qu\u00e0ntica cobra vida. Aquesta trilogia combina aventures i explicacions accessibles sobre conceptes cient\u00edfics complexos.<\/span><\/p>\n<p><span style=\"font-weight: 400;\">Editorial Grup 62<\/span><\/td>\n<\/tr>\n<tr style=\"height: 301px;\">\n<td style=\"height: 301px;\"><b>Imparables. Diari de com vam dominar la terra<\/b><\/p>\n<p><a href=\"https:\/\/serveiseducatius.xtec.cat\/solsones\/wp-content\/uploads\/usu1176\/2025\/04\/81lARqNbQQL._SL1500_.jpg\"><img loading=\"lazy\" decoding=\"async\" class=\"alignnone wp-image-15741\" src=\"https:\/\/serveiseducatius.xtec.cat\/solsones\/wp-content\/uploads\/usu1176\/2025\/04\/81lARqNbQQL._SL1500_.jpg\" alt=\"\" width=\"246\" height=\"351\" srcset=\"https:\/\/serveiseducatius.xtec.cat\/solsones\/wp-content\/uploads\/usu1176\/2025\/04\/81lARqNbQQL._SL1500_.jpg 1053w, https:\/\/serveiseducatius.xtec.cat\/solsones\/wp-content\/uploads\/usu1176\/2025\/04\/81lARqNbQQL._SL1500_-211x300.jpg 211w, https:\/\/serveiseducatius.xtec.cat\/solsones\/wp-content\/uploads\/usu1176\/2025\/04\/81lARqNbQQL._SL1500_-719x1024.jpg 719w, https:\/\/serveiseducatius.xtec.cat\/solsones\/wp-content\/uploads\/usu1176\/2025\/04\/81lARqNbQQL._SL1500_-768x1094.jpg 768w\" sizes=\"auto, (max-width: 246px) 100vw, 246px\" \/><\/a><\/td>\n<td style=\"height: 301px;\"><span style=\"font-weight: 400;\">Autor: Yuval Noah Harari.<\/span><\/p>\n<p><span style=\"font-weight: 400;\">Adaptaci\u00f3 per a joves del reconegut &#8220;S\u00e0piens&#8221;, aquest llibre explora la hist\u00f2ria de la humanitat de manera amena i comprensible, abordant temes com el foc, els diners i les estructures socials.<\/span><i><span style=\"font-weight: 400;\"> \u200b<\/span><\/i><\/p>\n<p><span style=\"font-weight: 400;\">Editorial Estrella Polar<\/span><\/td>\n<\/tr>\n<tr style=\"height: 270px;\">\n<td style=\"height: 270px;\"><b>Moxie. La revoluci\u00f3 de les noies<\/b><\/p>\n<p><a href=\"https:\/\/serveiseducatius.xtec.cat\/solsones\/wp-content\/uploads\/usu1176\/2025\/04\/51XXt3C4I0L._SX195_-1.jpg\"><img loading=\"lazy\" decoding=\"async\" class=\"alignnone size-full wp-image-15744\" src=\"https:\/\/serveiseducatius.xtec.cat\/solsones\/wp-content\/uploads\/usu1176\/2025\/04\/51XXt3C4I0L._SX195_-1.jpg\" alt=\"\" width=\"195\" height=\"276\" \/><\/a><\/td>\n<td style=\"height: 270px;\"><span style=\"font-weight: 400;\">Autora: Jennifer Mathieu.<\/span><\/p>\n<p><span style=\"font-weight: 400;\">La Vivian Carter est\u00e0 farta del masclisme al seu institut de Texas. Inspirada per la hist\u00f2ria de la seva mare, inicia una revoluci\u00f3 feminista que sacseja les estructures establertes. Una novel\u00b7la empoderadora que ha inspirat una adaptaci\u00f3 a Netflix. \u200b<\/span><\/p>\n<p><span style=\"font-weight: 400;\">Editorial Grup 62<\/span><\/td>\n<\/tr>\n<tr style=\"height: 294px;\">\n<td style=\"height: 294px;\"><b>Carta al rei<\/b><\/p>\n<p><a href=\"https:\/\/serveiseducatius.xtec.cat\/solsones\/wp-content\/uploads\/usu1176\/2025\/04\/9788466123167.jpg\"><img loading=\"lazy\" decoding=\"async\" class=\"alignnone wp-image-15745\" src=\"https:\/\/serveiseducatius.xtec.cat\/solsones\/wp-content\/uploads\/usu1176\/2025\/04\/9788466123167.jpg\" alt=\"\" width=\"225\" height=\"326\" srcset=\"https:\/\/serveiseducatius.xtec.cat\/solsones\/wp-content\/uploads\/usu1176\/2025\/04\/9788466123167.jpg 552w, https:\/\/serveiseducatius.xtec.cat\/solsones\/wp-content\/uploads\/usu1176\/2025\/04\/9788466123167-208x300.jpg 208w\" sizes=\"auto, (max-width: 225px) 100vw, 225px\" \/><\/a><\/td>\n<td style=\"height: 294px;\"><span style=\"font-weight: 400;\">Autor: Tonke Dragt.<\/span><\/p>\n<p><span style=\"font-weight: 400;\">En Tiuri, un jove escuder de setze anys, rep l&#8217;enc\u00e0rrec de portar una carta crucial al seu rei en una missi\u00f3 plena de perills i aventures.<\/span><\/p>\n<p><span style=\"font-weight: 400;\">Editorial Siruela<\/span><\/td>\n<\/tr>\n<tr style=\"height: 285px;\">\n<td style=\"height: 285px;\"><b>Dos grados<\/b><\/p>\n<p><a href=\"https:\/\/serveiseducatius.xtec.cat\/solsones\/wp-content\/uploads\/usu1176\/2025\/04\/360_9788491225102-dos-grados.jpg\"><img loading=\"lazy\" decoding=\"async\" class=\"alignnone wp-image-15746\" src=\"https:\/\/serveiseducatius.xtec.cat\/solsones\/wp-content\/uploads\/usu1176\/2025\/04\/360_9788491225102-dos-grados.jpg\" alt=\"\" width=\"217\" height=\"330\" srcset=\"https:\/\/serveiseducatius.xtec.cat\/solsones\/wp-content\/uploads\/usu1176\/2025\/04\/360_9788491225102-dos-grados.jpg 360w, https:\/\/serveiseducatius.xtec.cat\/solsones\/wp-content\/uploads\/usu1176\/2025\/04\/360_9788491225102-dos-grados-197x300.jpg 197w\" sizes=\"auto, (max-width: 217px) 100vw, 217px\" \/><\/a><\/td>\n<td style=\"height: 285px;\"><span style=\"font-weight: 400;\">Autor: Alan Gratz.<\/span><\/p>\n<p><span style=\"font-weight: 400;\">Diversos joves de diferents parts del m\u00f3n s&#8217;enfronten a fen\u00f2mens extrems associats al canvi clim\u00e0tic, com huracans i incendis forestals, en una cursa contrarellotge per sobreviure i conscienciar sobre la crisi ambiental.<\/span><\/p>\n<p><span style=\"font-weight: 400;\">Editorial Santillana<\/span><\/td>\n<\/tr>\n<tr style=\"height: 301px;\">\n<td style=\"height: 301px;\"><b>Cintur\u00f3 de sang<\/b><\/p>\n<p><a href=\"https:\/\/serveiseducatius.xtec.cat\/solsones\/wp-content\/uploads\/usu1176\/2025\/04\/cinturo-de-sang.jpg\"><img loading=\"lazy\" decoding=\"async\" class=\"alignnone size-full wp-image-15747\" src=\"https:\/\/serveiseducatius.xtec.cat\/solsones\/wp-content\/uploads\/usu1176\/2025\/04\/cinturo-de-sang.jpg\" alt=\"\" width=\"252\" height=\"397\" srcset=\"https:\/\/serveiseducatius.xtec.cat\/solsones\/wp-content\/uploads\/usu1176\/2025\/04\/cinturo-de-sang.jpg 252w, https:\/\/serveiseducatius.xtec.cat\/solsones\/wp-content\/uploads\/usu1176\/2025\/04\/cinturo-de-sang-190x300.jpg 190w\" sizes=\"auto, (max-width: 252px) 100vw, 252px\" \/><\/a><\/td>\n<td style=\"height: 301px;\"><span style=\"font-weight: 400;\">Autora: Rosa Sanchis i Caudet.<\/span><\/p>\n<p><span style=\"font-weight: 400;\">Ambientada a la Val\u00e8ncia de 1459, la nov\u00edcia Br\u00edgida s&#8217;encarrega de la infermeria enmig d&#8217;una pesta devastadora. Quan una rel\u00edquia desapareix, es veu immersa en un complot criminal.\u00a0<\/span><\/p>\n<p><span style=\"font-weight: 400;\">Edicions Bromera<\/span><\/td>\n<\/tr>\n<\/tbody>\n<\/table>\n","protected":false},"excerpt":{"rendered":"<p>RECOMANACIONS PER SANT JORDI PER ALS M\u00c9S PETITS Petiteses Autor: Pep Molist Il\u00b7lustracions: Al\u00edcia Varela.\u00a0 Un recull de 35 poemes que parteixen d&#8217;objectes quotidians per abordar temes transcendents com la mort, l&#8217;amistat o l&#8217;amor. Les il\u00b7lustracions s&#8217;inspiren en Joan Mir\u00f3, oferint una edici\u00f3 de gran qualitat.\u00a0 Editorial: Babulinka Books El drac del cul flamejant Autor: [&hellip;]<\/p>\n","protected":false},"author":1,"featured_media":15729,"comment_status":"closed","ping_status":"closed","sticky":false,"template":"","format":"standard","meta":{"_bbp_topic_count":0,"_bbp_reply_count":0,"_bbp_total_topic_count":0,"_bbp_total_reply_count":0,"_bbp_voice_count":0,"_bbp_anonymous_reply_count":0,"_bbp_topic_count_hidden":0,"_bbp_reply_count_hidden":0,"_bbp_forum_subforum_count":0,"site-sidebar-layout":"default","site-content-layout":"","ast-site-content-layout":"","site-content-style":"default","site-sidebar-style":"default","ast-global-header-display":"","ast-banner-title-visibility":"","ast-main-header-display":"","ast-hfb-above-header-display":"","ast-hfb-below-header-display":"","ast-hfb-mobile-header-display":"","site-post-title":"","ast-breadcrumbs-content":"","ast-featured-img":"","footer-sml-layout":"","theme-transparent-header-meta":"","adv-header-id-meta":"","stick-header-meta":"","header-above-stick-meta":"","header-main-stick-meta":"","header-below-stick-meta":"","astra-migrate-meta-layouts":"default","ast-page-background-enabled":"default","ast-page-background-meta":{"desktop":{"background-color":"var(--ast-global-color-4)","background-image":"","background-repeat":"repeat","background-position":"center center","background-size":"auto","background-attachment":"scroll","background-type":"","background-media":"","overlay-type":"","overlay-color":"","overlay-opacity":"","overlay-gradient":""},"tablet":{"background-color":"","background-image":"","background-repeat":"repeat","background-position":"center center","background-size":"auto","background-attachment":"scroll","background-type":"","background-media":"","overlay-type":"","overlay-color":"","overlay-opacity":"","overlay-gradient":""},"mobile":{"background-color":"","background-image":"","background-repeat":"repeat","background-position":"center center","background-size":"auto","background-attachment":"scroll","background-type":"","background-media":"","overlay-type":"","overlay-color":"","overlay-opacity":"","overlay-gradient":""}},"ast-content-background-meta":{"desktop":{"background-color":"var(--ast-global-color-5)","background-image":"","background-repeat":"repeat","background-position":"center center","background-size":"auto","background-attachment":"scroll","background-type":"","background-media":"","overlay-type":"","overlay-color":"","overlay-opacity":"","overlay-gradient":""},"tablet":{"background-color":"var(--ast-global-color-5)","background-image":"","background-repeat":"repeat","background-position":"center center","background-size":"auto","background-attachment":"scroll","background-type":"","background-media":"","overlay-type":"","overlay-color":"","overlay-opacity":"","overlay-gradient":""},"mobile":{"background-color":"var(--ast-global-color-5)","background-image":"","background-repeat":"repeat","background-position":"center center","background-size":"auto","background-attachment":"scroll","background-type":"","background-media":"","overlay-type":"","overlay-color":"","overlay-opacity":"","overlay-gradient":""}},"footnotes":""},"categories":[325,81,65,66,1,268,269,29,271],"tags":[1028],"class_list":["post-15709","post","type-post","status-publish","format-standard","has-post-thumbnail","hentry","category-animacio-a-la-lectura","category-biblioteca-escolar","category-crp","category-dinamitzacio","category-general","category-noticies-generals","category-noticies-se","category-portada","category-serveis-educatius","tag-sant-jordi-2025"],"post_mailing_queue_ids":[],"_links":{"self":[{"href":"https:\/\/serveiseducatius.xtec.cat\/solsones\/wp-json\/wp\/v2\/posts\/15709","targetHints":{"allow":["GET"]}}],"collection":[{"href":"https:\/\/serveiseducatius.xtec.cat\/solsones\/wp-json\/wp\/v2\/posts"}],"about":[{"href":"https:\/\/serveiseducatius.xtec.cat\/solsones\/wp-json\/wp\/v2\/types\/post"}],"author":[{"embeddable":true,"href":"https:\/\/serveiseducatius.xtec.cat\/solsones\/wp-json\/wp\/v2\/users\/1"}],"replies":[{"embeddable":true,"href":"https:\/\/serveiseducatius.xtec.cat\/solsones\/wp-json\/wp\/v2\/comments?post=15709"}],"version-history":[{"count":6,"href":"https:\/\/serveiseducatius.xtec.cat\/solsones\/wp-json\/wp\/v2\/posts\/15709\/revisions"}],"predecessor-version":[{"id":15753,"href":"https:\/\/serveiseducatius.xtec.cat\/solsones\/wp-json\/wp\/v2\/posts\/15709\/revisions\/15753"}],"wp:featuredmedia":[{"embeddable":true,"href":"https:\/\/serveiseducatius.xtec.cat\/solsones\/wp-json\/wp\/v2\/media\/15729"}],"wp:attachment":[{"href":"https:\/\/serveiseducatius.xtec.cat\/solsones\/wp-json\/wp\/v2\/media?parent=15709"}],"wp:term":[{"taxonomy":"category","embeddable":true,"href":"https:\/\/serveiseducatius.xtec.cat\/solsones\/wp-json\/wp\/v2\/categories?post=15709"},{"taxonomy":"post_tag","embeddable":true,"href":"https:\/\/serveiseducatius.xtec.cat\/solsones\/wp-json\/wp\/v2\/tags?post=15709"}],"curies":[{"name":"wp","href":"https:\/\/api.w.org\/{rel}","templated":true}]}}