{"id":15460,"date":"2024-12-11T09:52:10","date_gmt":"2024-12-11T08:52:10","guid":{"rendered":"https:\/\/serveiseducatius.xtec.cat\/solsones\/?p=15460"},"modified":"2024-12-16T16:01:00","modified_gmt":"2024-12-16T15:01:00","slug":"la-marato-de-tv3-2024-a-ple-pulmo-sobre-les-malalties-respiratories","status":"publish","type":"post","link":"https:\/\/serveiseducatius.xtec.cat\/solsones\/general\/la-marato-de-tv3-2024-a-ple-pulmo-sobre-les-malalties-respiratories\/","title":{"rendered":"La Marat\u00f3 de TV3 2024: \u201cA ple pulm\u00f3\u201d. Sobre les malalties respirat\u00f2ries"},"content":{"rendered":"<div class=\"entry-content\">\n<p><a href=\"https:\/\/www.3cat.cat\/tv3\/marato\/2024\/330\/\" target=\"_blank\" rel=\"noopener\"><img loading=\"lazy\" decoding=\"async\" class=\"alignright wp-image-14159\" src=\"https:\/\/serveiseducatius.xtec.cat\/selva2\/wp-content\/uploads\/usu1165\/2024\/11\/1731507215251.jpg\" sizes=\"auto, (max-width: 136px) 100vw, 136px\" srcset=\"https:\/\/serveiseducatius.xtec.cat\/selva2\/wp-content\/uploads\/usu1165\/2024\/11\/1731507215251.jpg 756w, https:\/\/serveiseducatius.xtec.cat\/selva2\/wp-content\/uploads\/usu1165\/2024\/11\/1731507215251-300x300.jpg 300w, https:\/\/serveiseducatius.xtec.cat\/selva2\/wp-content\/uploads\/usu1165\/2024\/11\/1731507215251-150x150.jpg 150w\" alt=\"\" width=\"136\" height=\"136\" \/><\/a>Aquest any, la 33a edici\u00f3 de La\u00a0Marat\u00f3\u00a0de TV3, estar\u00e0 dedicada a les malalties respirat\u00f2ries\u00a0<strong>A PLE PULM\u00d3.<\/strong><\/p>\n<p>Les\u00a0<a href=\"https:\/\/www.3cat.cat\/tv3\/marato\/sessions-divulgatives\/2024\/2870\/\" target=\"_blank\" rel=\"noopener\">sessions de divulgaci\u00f3<\/a>\u00a0estan adre\u00e7ades, principalment, a centres educatius de secund\u00e0ria, batxillerat, cicles formatius, i a altres entitats socials, educatives i culturals de tot Catalunya i s\u00f3n en horari de 8 h a 20 h. Totes les sessions segueixen un programa elaborat per la Fundaci\u00f3, i es desenvolupen amb el suport de material audiovisual creat expressament.<\/p>\n<p>Aix\u00ed doncs, un any m\u00e9s, s\u2019inicia la campanya de difusi\u00f3 i sensibilitzaci\u00f3 de La Marat\u00f3, informant que els centres educatius ja poden demanar les sessions per al seu centre.<\/p>\n<p>En el seg\u00fcents enlla\u00e7os hi ha disponible\u00a0<strong><a href=\"https:\/\/statics.3cat.cat\/multimedia\/pdf\/1\/9\/1730887697091.pdf\">el p\u00f2ster<\/a><\/strong>,\u00a0<strong><a href=\"https:\/\/statics.3cat.cat\/multimedia\/pdf\/7\/6\/1730887713967.pdf\">el\u00a0d\u00edptic <\/a><\/strong>i les bases del <strong><a href=\"https:\/\/www.3cat.cat\/tv3\/marato\/sessions-divulgatives\/2024\/2870\/\" target=\"_blank\" rel=\"noopener\">concurs Crea per La Marat\u00f3<\/a>,\u00a0<\/strong>aix\u00ed com\u00a0<a href=\"https:\/\/www.3cat.cat\/tv3\/marato\/sessions-divulgatives\/2024\/2870\/\" data-saferedirecturl=\"https:\/\/www.google.com\/url?q=https:\/\/www.3cat.cat\/tv3\/marato\/sessions-divulgatives\/2024\/2870\/&amp;source=gmail&amp;ust=1731671356941000&amp;usg=AOvVaw37fz6khchuNUTnFuWUJN0o\">l\u2019enlla\u00e7<\/a>\u00a0on s\u2019hi pot trobar el material audiovisual que es reprodueix a les sessions divulgatives.<\/p>\n<p>P\u00f2ster:\u00a0<a href=\"https:\/\/statics.3cat.cat\/multimedia\/pdf\/1\/9\/1730887697091.pdf\" data-saferedirecturl=\"https:\/\/www.google.com\/url?q=https:\/\/statics.3cat.cat\/multimedia\/pdf\/1\/9\/1730887697091.pdf&amp;source=gmail&amp;ust=1731671356941000&amp;usg=AOvVaw0f3MS0y_ZcEcckN13OU273\">https:\/\/statics.3cat.cat\/multimedia\/pdf\/1\/9\/1730887697091.pdf<\/a><\/p>\n<p>D\u00edptic:\u00a0\u00a0<a href=\"https:\/\/statics.3cat.cat\/multimedia\/pdf\/7\/6\/1730887713967.pdf\" data-saferedirecturl=\"https:\/\/www.google.com\/url?q=https:\/\/statics.3cat.cat\/multimedia\/pdf\/7\/6\/1730887713967.pdf&amp;source=gmail&amp;ust=1731671356941000&amp;usg=AOvVaw0WmrZi9evlJRkMtyzRmUlC\">https:\/\/statics.3cat.cat\/multimedia\/pdf\/7\/6\/1730887713967.pdf<\/a><\/p>\n<\/div>\n","protected":false},"excerpt":{"rendered":"<p>Aquest any, la 33a edici\u00f3 de La\u00a0Marat\u00f3\u00a0de TV3, estar\u00e0 dedicada a les malalties respirat\u00f2ries\u00a0A PLE PULM\u00d3. Les\u00a0sessions de divulgaci\u00f3\u00a0estan adre\u00e7ades, principalment, a centres educatius de secund\u00e0ria, batxillerat, cicles formatius, i a altres entitats socials, educatives i culturals de tot Catalunya i s\u00f3n en horari de 8 h a 20 h. Totes les sessions segueixen un [&hellip;]<\/p>\n","protected":false},"author":1,"featured_media":15465,"comment_status":"closed","ping_status":"closed","sticky":false,"template":"","format":"standard","meta":{"_bbp_topic_count":0,"_bbp_reply_count":0,"_bbp_total_topic_count":0,"_bbp_total_reply_count":0,"_bbp_voice_count":0,"_bbp_anonymous_reply_count":0,"_bbp_topic_count_hidden":0,"_bbp_reply_count_hidden":0,"_bbp_forum_subforum_count":0,"site-sidebar-layout":"default","site-content-layout":"","ast-site-content-layout":"","site-content-style":"default","site-sidebar-style":"default","ast-global-header-display":"","ast-banner-title-visibility":"","ast-main-header-display":"","ast-hfb-above-header-display":"","ast-hfb-below-header-display":"","ast-hfb-mobile-header-display":"","site-post-title":"","ast-breadcrumbs-content":"","ast-featured-img":"","footer-sml-layout":"","theme-transparent-header-meta":"","adv-header-id-meta":"","stick-header-meta":"","header-above-stick-meta":"","header-main-stick-meta":"","header-below-stick-meta":"","astra-migrate-meta-layouts":"default","ast-page-background-enabled":"default","ast-page-background-meta":{"desktop":{"background-color":"var(--ast-global-color-4)","background-image":"","background-repeat":"repeat","background-position":"center center","background-size":"auto","background-attachment":"scroll","background-type":"","background-media":"","overlay-type":"","overlay-color":"","overlay-opacity":"","overlay-gradient":""},"tablet":{"background-color":"","background-image":"","background-repeat":"repeat","background-position":"center center","background-size":"auto","background-attachment":"scroll","background-type":"","background-media":"","overlay-type":"","overlay-color":"","overlay-opacity":"","overlay-gradient":""},"mobile":{"background-color":"","background-image":"","background-repeat":"repeat","background-position":"center center","background-size":"auto","background-attachment":"scroll","background-type":"","background-media":"","overlay-type":"","overlay-color":"","overlay-opacity":"","overlay-gradient":""}},"ast-content-background-meta":{"desktop":{"background-color":"var(--ast-global-color-5)","background-image":"","background-repeat":"repeat","background-position":"center center","background-size":"auto","background-attachment":"scroll","background-type":"","background-media":"","overlay-type":"","overlay-color":"","overlay-opacity":"","overlay-gradient":""},"tablet":{"background-color":"var(--ast-global-color-5)","background-image":"","background-repeat":"repeat","background-position":"center center","background-size":"auto","background-attachment":"scroll","background-type":"","background-media":"","overlay-type":"","overlay-color":"","overlay-opacity":"","overlay-gradient":""},"mobile":{"background-color":"var(--ast-global-color-5)","background-image":"","background-repeat":"repeat","background-position":"center center","background-size":"auto","background-attachment":"scroll","background-type":"","background-media":"","overlay-type":"","overlay-color":"","overlay-opacity":"","overlay-gradient":""}},"footnotes":""},"categories":[64,66,1,268,29],"tags":[250,172,179,661,646,45],"class_list":["post-15460","post","type-post","status-publish","format-standard","has-post-thumbnail","hentry","category-comunitat","category-dinamitzacio","category-general","category-noticies-generals","category-portada","tag-ciencia","tag-educacio-primaria","tag-educacio-secundaria","tag-la-marato","tag-marato","tag-salut"],"post_mailing_queue_ids":[],"_links":{"self":[{"href":"https:\/\/serveiseducatius.xtec.cat\/solsones\/wp-json\/wp\/v2\/posts\/15460","targetHints":{"allow":["GET"]}}],"collection":[{"href":"https:\/\/serveiseducatius.xtec.cat\/solsones\/wp-json\/wp\/v2\/posts"}],"about":[{"href":"https:\/\/serveiseducatius.xtec.cat\/solsones\/wp-json\/wp\/v2\/types\/post"}],"author":[{"embeddable":true,"href":"https:\/\/serveiseducatius.xtec.cat\/solsones\/wp-json\/wp\/v2\/users\/1"}],"replies":[{"embeddable":true,"href":"https:\/\/serveiseducatius.xtec.cat\/solsones\/wp-json\/wp\/v2\/comments?post=15460"}],"version-history":[{"count":5,"href":"https:\/\/serveiseducatius.xtec.cat\/solsones\/wp-json\/wp\/v2\/posts\/15460\/revisions"}],"predecessor-version":[{"id":15467,"href":"https:\/\/serveiseducatius.xtec.cat\/solsones\/wp-json\/wp\/v2\/posts\/15460\/revisions\/15467"}],"wp:featuredmedia":[{"embeddable":true,"href":"https:\/\/serveiseducatius.xtec.cat\/solsones\/wp-json\/wp\/v2\/media\/15465"}],"wp:attachment":[{"href":"https:\/\/serveiseducatius.xtec.cat\/solsones\/wp-json\/wp\/v2\/media?parent=15460"}],"wp:term":[{"taxonomy":"category","embeddable":true,"href":"https:\/\/serveiseducatius.xtec.cat\/solsones\/wp-json\/wp\/v2\/categories?post=15460"},{"taxonomy":"post_tag","embeddable":true,"href":"https:\/\/serveiseducatius.xtec.cat\/solsones\/wp-json\/wp\/v2\/tags?post=15460"}],"curies":[{"name":"wp","href":"https:\/\/api.w.org\/{rel}","templated":true}]}}