{"id":15397,"date":"2024-11-12T14:02:57","date_gmt":"2024-11-12T13:02:57","guid":{"rendered":"https:\/\/serveiseducatius.xtec.cat\/solsones\/?p=15397"},"modified":"2024-12-24T15:28:17","modified_gmt":"2024-12-24T14:28:17","slug":"exposicio-martematiques-a-la-biblioteca-carles-morato","status":"publish","type":"post","link":"https:\/\/serveiseducatius.xtec.cat\/solsones\/general\/exposicio-martematiques-a-la-biblioteca-carles-morato\/","title":{"rendered":"Exposici\u00f3 MARTEM\u00c0TIQUES a la Biblioteca Carles Morat\u00f3"},"content":{"rendered":"<p class=\"gmail_default\"><span style=\"font-family: arial, sans-serif;\">Des del dia <\/span><b style=\"font-family: arial, sans-serif;\">30 de novembre fins al 20 de desembre <\/b>ja es pot visitar <span style=\"font-family: arial, sans-serif;\">a la\u00a0<\/span><b style=\"font-family: arial, sans-serif;\">Biblioteca Carles Morat\u00f3 <\/b><span style=\"font-family: arial, sans-serif;\">l&#8217;exposici\u00f3 <\/span><b style=\"font-family: arial, sans-serif;\">MARTEM\u00c0TIQUES, Matem\u00e0tiques i Art.<\/b><span style=\"font-family: arial, sans-serif;\">\u00a0<\/span><\/p>\n<p class=\"gmail_default\"><span style=\"font-family: arial, sans-serif;\">Aquesta exposici\u00f3 del matem\u00e0tic\u00a0<b>Fernando Corbal\u00e1n<\/b>, arriba a Solsona a trav\u00e9s de\u00a0<b>LLEIMAT\u00a0<\/b>(Associaci\u00f3 de Professorat de Matem\u00e0tiques de Lleida i les seves comarques), una\u00a0\u00a0associaci\u00f3 sense finalitats lucratives de mestres i professors\/es de tots els nivells dins de l\u2019ensenyament.<\/span><\/p>\n<p class=\"gmail_default\"><span style=\"font-family: arial, sans-serif;\">LLEIMAT forma part\u00a0del comit\u00e8 local organitzador del\u00a0<b>Congr\u00e9s Catal\u00e0 d&#8217;Educaci\u00f3 Matem\u00e0tica<\/b>\u00a0que se celebrar\u00e0 a Lleida el juliol de 2025\u00a0<b>(C2EM2025)<\/b>, dins el qual s&#8217;engloba aquesta exposici\u00f3 itinerant de \u2018Matem\u00e0tiques i Art\u2019.\u00a0<\/span><\/p>\n<p class=\"gmail_default\"><span style=\"font-family: arial, sans-serif;\">L&#8217;exposici\u00f3 podr\u00e0 ser vista a\u00a0totes les capitals de comarca del Pla de Lleida i del Pirineu i\u00a0va destinada\u00a0<b>a totes les etapes educatives.<\/b>\u00a0\u00a0<\/span><\/p>\n<p class=\"gmail_default\"><span style=\"font-family: arial, sans-serif;\"><b>ENCARA SOU A TEMPS DE RESERVAR EL VOSTRE DIA I HORA DE VISITA enviant un correu amb les vostres dades a <a href=\"mailto:biblioteca.solsona@ajsolsona.cat\" target=\"_blank\" rel=\"noopener\">biblioteca.solsona@ajsolsona.<wbr \/>cat<\/a>\u00a0<\/b>. La visita \u00e9s lliure, per tant cada docent acompanyant (preferiblement\u00a0de matem\u00e0tiques o art) ser\u00e0 el responsable de conduir la visita, i de vigilar el seu alumnat mentre duri la visita.<\/span><\/p>\n<p class=\"gmail_default\"><span style=\"font-family: arial, sans-serif;\"><b>Temps de visita recomanat:<\/b> Entre 60 minuts i 120 minuts en funci\u00f3 del nombre d&#8217;activitats proposades a la guia did\u00e0ctica que es realitzin durant la visita.<\/span><\/p>\n<p class=\"gmail_default\"><span style=\"font-family: arial, sans-serif;\"><b>Aforament Sal\u00f3 de les Homilies d&#8217;Organy\u00e0:<\/b>\u00a01 grup classe<\/span><\/p>\n<p class=\"gmail_default\"><span style=\"font-family: arial, sans-serif;\">\u00a0<\/span><span style=\"font-family: arial, sans-serif;\">Aqu\u00ed teniu un <a href=\"https:\/\/mmaca.cat\/recursos\/martematiques\/\" target=\"_blank\" rel=\"noopener\" data-saferedirecturl=\"https:\/\/www.google.com\/url?q=https:\/\/mmaca.cat\/recursos\/martematiques\/&amp;source=gmail&amp;ust=1731500539079000&amp;usg=AOvVaw3VScYFu4Ikvqmj5m_wEXND\">enlla\u00e7<\/a>\u00a0amb m\u00e9s informaci\u00f3\u00a0\u00a0<\/span>i un altre amb la<a href=\"https:\/\/drive.google.com\/file\/d\/12rBetTWyf7U8wSbqCRf9zqSG4nT9UZtn\/view?usp=sharing\" target=\"_blank\" rel=\"noopener\" data-saferedirecturl=\"https:\/\/www.google.com\/url?q=https:\/\/drive.google.com\/file\/d\/12rBetTWyf7U8wSbqCRf9zqSG4nT9UZtn\/view?usp%3Dsharing&amp;source=gmail&amp;ust=1731500539079000&amp;usg=AOvVaw3XsZZxXQaZmNATxMF0FlUk\"><strong> GUIA<\/strong>\u00a0<\/a> amb les activitats.<\/p>\n<p>&nbsp;<\/p>\n<table style=\"border-collapse: collapse; width: 50.0362%;\">\n<tbody>\n<tr>\n<td style=\"width: 11.6536%;\"><a href=\"https:\/\/serveiseducatius.xtec.cat\/solsones\/wp-content\/uploads\/usu1176\/2024\/11\/1733160300285-scaled.jpg\"><img loading=\"lazy\" decoding=\"async\" class=\"alignnone size-thumbnail wp-image-15454\" src=\"https:\/\/serveiseducatius.xtec.cat\/solsones\/wp-content\/uploads\/usu1176\/2024\/11\/1733160300285-150x150.jpg\" alt=\"\" width=\"150\" height=\"150\" \/><\/a><\/td>\n<td style=\"width: 12.0598%;\"><a href=\"https:\/\/serveiseducatius.xtec.cat\/solsones\/wp-content\/uploads\/usu1176\/2024\/11\/1733160300267-scaled.jpg\"><img loading=\"lazy\" decoding=\"async\" class=\"alignnone size-thumbnail wp-image-15455\" src=\"https:\/\/serveiseducatius.xtec.cat\/solsones\/wp-content\/uploads\/usu1176\/2024\/11\/1733160300267-150x150.jpg\" alt=\"\" width=\"150\" height=\"150\" \/><\/a><\/td>\n<td style=\"width: 12.6228%;\"><a href=\"https:\/\/serveiseducatius.xtec.cat\/solsones\/wp-content\/uploads\/usu1176\/2024\/11\/1733160300247-scaled.jpg\"><img loading=\"lazy\" decoding=\"async\" class=\"alignnone size-thumbnail wp-image-15453\" src=\"https:\/\/serveiseducatius.xtec.cat\/solsones\/wp-content\/uploads\/usu1176\/2024\/11\/1733160300247-150x150.jpg\" alt=\"\" width=\"150\" height=\"150\" \/><\/a><\/td>\n<td style=\"width: 11.1196%;\"><a href=\"https:\/\/drive.google.com\/file\/d\/12rBetTWyf7U8wSbqCRf9zqSG4nT9UZtn\/view\"><img loading=\"lazy\" decoding=\"async\" class=\"alignnone size-thumbnail wp-image-15456\" src=\"https:\/\/serveiseducatius.xtec.cat\/solsones\/wp-content\/uploads\/usu1176\/2024\/11\/QRMART-150x150.png\" alt=\"\" width=\"150\" height=\"150\" \/><\/a><\/td>\n<\/tr>\n<\/tbody>\n<\/table>\n<div>\n<p class=\"gmail_default\"><a href=\"https:\/\/serveiseducatius.xtec.cat\/solsones\/wp-content\/uploads\/usu1176\/2024\/11\/Cartell-exposicio-Solsona-1.jpg\"><img loading=\"lazy\" decoding=\"async\" class=\"alignnone size-full wp-image-15398\" src=\"https:\/\/serveiseducatius.xtec.cat\/solsones\/wp-content\/uploads\/usu1176\/2024\/11\/Cartell-exposicio-Solsona-1.jpg\" alt=\"\" width=\"1080\" height=\"1080\" \/><\/a><\/p>\n<\/div>\n","protected":false},"excerpt":{"rendered":"<p>Des del dia 30 de novembre fins al 20 de desembre ja es pot visitar a la\u00a0Biblioteca Carles Morat\u00f3 l&#8217;exposici\u00f3 MARTEM\u00c0TIQUES, Matem\u00e0tiques i Art.\u00a0 Aquesta exposici\u00f3 del matem\u00e0tic\u00a0Fernando Corbal\u00e1n, arriba a Solsona a trav\u00e9s de\u00a0LLEIMAT\u00a0(Associaci\u00f3 de Professorat de Matem\u00e0tiques de Lleida i les seves comarques), una\u00a0\u00a0associaci\u00f3 sense finalitats lucratives de mestres i professors\/es de tots [&hellip;]<\/p>\n","protected":false},"author":1,"featured_media":15398,"comment_status":"closed","ping_status":"closed","sticky":false,"template":"","format":"standard","meta":{"_bbp_topic_count":0,"_bbp_reply_count":0,"_bbp_total_topic_count":0,"_bbp_total_reply_count":0,"_bbp_voice_count":0,"_bbp_anonymous_reply_count":0,"_bbp_topic_count_hidden":0,"_bbp_reply_count_hidden":0,"_bbp_forum_subforum_count":0,"site-sidebar-layout":"default","site-content-layout":"","ast-site-content-layout":"","site-content-style":"default","site-sidebar-style":"default","ast-global-header-display":"","ast-banner-title-visibility":"","ast-main-header-display":"","ast-hfb-above-header-display":"","ast-hfb-below-header-display":"","ast-hfb-mobile-header-display":"","site-post-title":"","ast-breadcrumbs-content":"","ast-featured-img":"","footer-sml-layout":"","theme-transparent-header-meta":"","adv-header-id-meta":"","stick-header-meta":"","header-above-stick-meta":"","header-main-stick-meta":"","header-below-stick-meta":"","astra-migrate-meta-layouts":"default","ast-page-background-enabled":"default","ast-page-background-meta":{"desktop":{"background-color":"var(--ast-global-color-4)","background-image":"","background-repeat":"repeat","background-position":"center center","background-size":"auto","background-attachment":"scroll","background-type":"","background-media":"","overlay-type":"","overlay-color":"","overlay-opacity":"","overlay-gradient":""},"tablet":{"background-color":"","background-image":"","background-repeat":"repeat","background-position":"center center","background-size":"auto","background-attachment":"scroll","background-type":"","background-media":"","overlay-type":"","overlay-color":"","overlay-opacity":"","overlay-gradient":""},"mobile":{"background-color":"","background-image":"","background-repeat":"repeat","background-position":"center center","background-size":"auto","background-attachment":"scroll","background-type":"","background-media":"","overlay-type":"","overlay-color":"","overlay-opacity":"","overlay-gradient":""}},"ast-content-background-meta":{"desktop":{"background-color":"var(--ast-global-color-5)","background-image":"","background-repeat":"repeat","background-position":"center center","background-size":"auto","background-attachment":"scroll","background-type":"","background-media":"","overlay-type":"","overlay-color":"","overlay-opacity":"","overlay-gradient":""},"tablet":{"background-color":"var(--ast-global-color-5)","background-image":"","background-repeat":"repeat","background-position":"center center","background-size":"auto","background-attachment":"scroll","background-type":"","background-media":"","overlay-type":"","overlay-color":"","overlay-opacity":"","overlay-gradient":""},"mobile":{"background-color":"var(--ast-global-color-5)","background-image":"","background-repeat":"repeat","background-position":"center center","background-size":"auto","background-attachment":"scroll","background-type":"","background-media":"","overlay-type":"","overlay-color":"","overlay-opacity":"","overlay-gradient":""}},"footnotes":""},"categories":[280,65,66,1006,1,268,269,29,76,271],"tags":[466,401,1002,172,179,41],"class_list":["post-15397","post","type-post","status-publish","format-standard","has-post-thumbnail","hentry","category-activitats-a-la-biblioteca","category-crp","category-dinamitzacio","category-exposicions","category-general","category-noticies-generals","category-noticies-se","category-portada","category-recursos","category-serveis-educatius","tag-art","tag-biblioteca-carles-morato","tag-competencia-matematica","tag-educacio-primaria","tag-educacio-secundaria","tag-matematiques"],"post_mailing_queue_ids":[],"_links":{"self":[{"href":"https:\/\/serveiseducatius.xtec.cat\/solsones\/wp-json\/wp\/v2\/posts\/15397","targetHints":{"allow":["GET"]}}],"collection":[{"href":"https:\/\/serveiseducatius.xtec.cat\/solsones\/wp-json\/wp\/v2\/posts"}],"about":[{"href":"https:\/\/serveiseducatius.xtec.cat\/solsones\/wp-json\/wp\/v2\/types\/post"}],"author":[{"embeddable":true,"href":"https:\/\/serveiseducatius.xtec.cat\/solsones\/wp-json\/wp\/v2\/users\/1"}],"replies":[{"embeddable":true,"href":"https:\/\/serveiseducatius.xtec.cat\/solsones\/wp-json\/wp\/v2\/comments?post=15397"}],"version-history":[{"count":6,"href":"https:\/\/serveiseducatius.xtec.cat\/solsones\/wp-json\/wp\/v2\/posts\/15397\/revisions"}],"predecessor-version":[{"id":15506,"href":"https:\/\/serveiseducatius.xtec.cat\/solsones\/wp-json\/wp\/v2\/posts\/15397\/revisions\/15506"}],"wp:featuredmedia":[{"embeddable":true,"href":"https:\/\/serveiseducatius.xtec.cat\/solsones\/wp-json\/wp\/v2\/media\/15398"}],"wp:attachment":[{"href":"https:\/\/serveiseducatius.xtec.cat\/solsones\/wp-json\/wp\/v2\/media?parent=15397"}],"wp:term":[{"taxonomy":"category","embeddable":true,"href":"https:\/\/serveiseducatius.xtec.cat\/solsones\/wp-json\/wp\/v2\/categories?post=15397"},{"taxonomy":"post_tag","embeddable":true,"href":"https:\/\/serveiseducatius.xtec.cat\/solsones\/wp-json\/wp\/v2\/tags?post=15397"}],"curies":[{"name":"wp","href":"https:\/\/api.w.org\/{rel}","templated":true}]}}