{"id":15202,"date":"2024-06-19T15:38:25","date_gmt":"2024-06-19T13:38:25","guid":{"rendered":"https:\/\/serveiseducatius.xtec.cat\/solsones\/?p=15202"},"modified":"2024-06-19T15:49:56","modified_gmt":"2024-06-19T13:49:56","slug":"iii-jornada-connectacs-a-la-catalunya-central","status":"publish","type":"post","link":"https:\/\/serveiseducatius.xtec.cat\/solsones\/general\/iii-jornada-connectacs-a-la-catalunya-central\/","title":{"rendered":"III Jornada ConnecTACs a la Catalunya Central"},"content":{"rendered":"<p><a href=\"https:\/\/serveiseducatius.xtec.cat\/solsones\/wp-content\/uploads\/usu1176\/2024\/06\/ConnecTACs-2024-1-724x1024-1.png\"><img loading=\"lazy\" decoding=\"async\" class=\"size-full wp-image-15203 aligncenter\" src=\"https:\/\/serveiseducatius.xtec.cat\/solsones\/wp-content\/uploads\/usu1176\/2024\/06\/ConnecTACs-2024-1-724x1024-1.png\" alt=\"\" width=\"724\" height=\"1024\" \/><\/a><\/p>\n<p>El\u00a0<strong>27 de juny de 2024<\/strong>, de 9:30 a 13, a la\u00a0<strong>seu dels Serveis Territorials d\u2019Educaci\u00f3 a la Catalunya Central<\/strong>\u00a0(Manresa), tindr\u00e0 lloc la\u00a0<strong>III Jornada ConnecTACs<\/strong>, dirigida a coordinadors i coordinadores digitals, aix\u00ed com a docents de totes les etapes educatives que vulguin ampliar el seu coneixement en cultura digital.<\/p>\n<p><strong>L\u2019escaleta<\/strong>\u00a0de la jornada \u00e9s la seg\u00fcent:<\/p>\n<p>9:30 Presentaci\u00f3 de la jornada i projectes de l\u2019equip de CD.<br \/>\n9:35 Confer\u00e8ncia <strong>&#8220;Reptes i possibilitats de la IA a l&#8217;educaci\u00f3: Recursos i eines&#8221;<\/strong> a c\u00e0rrec de: Miquel \u00c0ngel Prats (Blanquera \u2013 URLL).<br \/>\n11:15 Bones pr\u00e0ctiques pel desenvolupament de la CD a prim\u00e0ria i secund\u00e0ria.<br \/>\n12:45 Tancament de la jornada.<\/p>\n<p>Podeu realitzar la\u00a0<strong>inscripci\u00f3<\/strong>\u00a0a la jornada fent clic\u00a0<a href=\"https:\/\/aplicacions.gestioeducativa.gencat.cat\/pls\/soloas\/pk_for_mod_ins.p_for_pre_cons_activitats?p_any=2023-2024&amp;p_codi=B00007050B\">aqu\u00ed<\/a>.<\/p>\n","protected":false},"excerpt":{"rendered":"<p>El\u00a027 de juny de 2024, de 9:30 a 13, a la\u00a0seu dels Serveis Territorials d\u2019Educaci\u00f3 a la Catalunya Central\u00a0(Manresa), tindr\u00e0 lloc la\u00a0III Jornada ConnecTACs, dirigida a coordinadors i coordinadores digitals, aix\u00ed com a docents de totes les etapes educatives que vulguin ampliar el seu coneixement en cultura digital. L\u2019escaleta\u00a0de la jornada \u00e9s la seg\u00fcent: 9:30 [&hellip;]<\/p>\n","protected":false},"author":1,"featured_media":15207,"comment_status":"closed","ping_status":"closed","sticky":false,"template":"","format":"standard","meta":{"_bbp_topic_count":0,"_bbp_reply_count":0,"_bbp_total_topic_count":0,"_bbp_total_reply_count":0,"_bbp_voice_count":0,"_bbp_anonymous_reply_count":0,"_bbp_topic_count_hidden":0,"_bbp_reply_count_hidden":0,"_bbp_forum_subforum_count":0,"site-sidebar-layout":"default","site-content-layout":"","ast-site-content-layout":"","site-content-style":"default","site-sidebar-style":"default","ast-global-header-display":"","ast-banner-title-visibility":"","ast-main-header-display":"","ast-hfb-above-header-display":"","ast-hfb-below-header-display":"","ast-hfb-mobile-header-display":"","site-post-title":"","ast-breadcrumbs-content":"","ast-featured-img":"","footer-sml-layout":"","theme-transparent-header-meta":"","adv-header-id-meta":"","stick-header-meta":"","header-above-stick-meta":"","header-main-stick-meta":"","header-below-stick-meta":"","astra-migrate-meta-layouts":"default","ast-page-background-enabled":"default","ast-page-background-meta":{"desktop":{"background-color":"var(--ast-global-color-4)","background-image":"","background-repeat":"repeat","background-position":"center center","background-size":"auto","background-attachment":"scroll","background-type":"","background-media":"","overlay-type":"","overlay-color":"","overlay-opacity":"","overlay-gradient":""},"tablet":{"background-color":"","background-image":"","background-repeat":"repeat","background-position":"center center","background-size":"auto","background-attachment":"scroll","background-type":"","background-media":"","overlay-type":"","overlay-color":"","overlay-opacity":"","overlay-gradient":""},"mobile":{"background-color":"","background-image":"","background-repeat":"repeat","background-position":"center center","background-size":"auto","background-attachment":"scroll","background-type":"","background-media":"","overlay-type":"","overlay-color":"","overlay-opacity":"","overlay-gradient":""}},"ast-content-background-meta":{"desktop":{"background-color":"var(--ast-global-color-5)","background-image":"","background-repeat":"repeat","background-position":"center center","background-size":"auto","background-attachment":"scroll","background-type":"","background-media":"","overlay-type":"","overlay-color":"","overlay-opacity":"","overlay-gradient":""},"tablet":{"background-color":"var(--ast-global-color-5)","background-image":"","background-repeat":"repeat","background-position":"center center","background-size":"auto","background-attachment":"scroll","background-type":"","background-media":"","overlay-type":"","overlay-color":"","overlay-opacity":"","overlay-gradient":""},"mobile":{"background-color":"var(--ast-global-color-5)","background-image":"","background-repeat":"repeat","background-position":"center center","background-size":"auto","background-attachment":"scroll","background-type":"","background-media":"","overlay-type":"","overlay-color":"","overlay-opacity":"","overlay-gradient":""}},"footnotes":""},"categories":[825,826,824,154,1,29,938,78,828],"tags":[443,878,888,986,820,862],"class_list":["post-15202","post","type-post","status-publish","format-standard","has-post-thumbnail","hentry","category-cdd","category-cdc","category-cultura-digital","category-formacio","category-general","category-portada","category-steam","category-tac","category-xtcd","tag-cda","tag-cdc","tag-competencia-digital-docent","tag-connectacs","tag-coordinacio-digital","tag-programacio-i-robotica"],"post_mailing_queue_ids":[],"_links":{"self":[{"href":"https:\/\/serveiseducatius.xtec.cat\/solsones\/wp-json\/wp\/v2\/posts\/15202","targetHints":{"allow":["GET"]}}],"collection":[{"href":"https:\/\/serveiseducatius.xtec.cat\/solsones\/wp-json\/wp\/v2\/posts"}],"about":[{"href":"https:\/\/serveiseducatius.xtec.cat\/solsones\/wp-json\/wp\/v2\/types\/post"}],"author":[{"embeddable":true,"href":"https:\/\/serveiseducatius.xtec.cat\/solsones\/wp-json\/wp\/v2\/users\/1"}],"replies":[{"embeddable":true,"href":"https:\/\/serveiseducatius.xtec.cat\/solsones\/wp-json\/wp\/v2\/comments?post=15202"}],"version-history":[{"count":3,"href":"https:\/\/serveiseducatius.xtec.cat\/solsones\/wp-json\/wp\/v2\/posts\/15202\/revisions"}],"predecessor-version":[{"id":15205,"href":"https:\/\/serveiseducatius.xtec.cat\/solsones\/wp-json\/wp\/v2\/posts\/15202\/revisions\/15205"}],"wp:featuredmedia":[{"embeddable":true,"href":"https:\/\/serveiseducatius.xtec.cat\/solsones\/wp-json\/wp\/v2\/media\/15207"}],"wp:attachment":[{"href":"https:\/\/serveiseducatius.xtec.cat\/solsones\/wp-json\/wp\/v2\/media?parent=15202"}],"wp:term":[{"taxonomy":"category","embeddable":true,"href":"https:\/\/serveiseducatius.xtec.cat\/solsones\/wp-json\/wp\/v2\/categories?post=15202"},{"taxonomy":"post_tag","embeddable":true,"href":"https:\/\/serveiseducatius.xtec.cat\/solsones\/wp-json\/wp\/v2\/tags?post=15202"}],"curies":[{"name":"wp","href":"https:\/\/api.w.org\/{rel}","templated":true}]}}