{"id":15182,"date":"2024-05-31T10:39:26","date_gmt":"2024-05-31T08:39:26","guid":{"rendered":"https:\/\/serveiseducatius.xtec.cat\/solsones\/?p=15182"},"modified":"2024-05-31T10:39:26","modified_gmt":"2024-05-31T08:39:26","slug":"fira-fer-futurs-emprenedors-rurals","status":"publish","type":"post","link":"https:\/\/serveiseducatius.xtec.cat\/solsones\/portada\/fira-fer-futurs-emprenedors-rurals\/","title":{"rendered":"Fira FER-Futurs Emprenedors Rurals"},"content":{"rendered":"<p>Des del Consorci per al Desenvolupament de la Catalunya Central ens convidem a la\u00a0<strong>Fira FER<\/strong>\u00a0(<a href=\"https:\/\/www.futursemprenedors.cat\/\" target=\"_blank\" rel=\"noopener\">Futurs Emprenedors Rurals<\/a>) que aquest any es celebrar\u00e0 el dimarts 4 de juny al Casal c\u00edvic Xavier Jounou de Solsona.<\/p>\n<p>Per tercer curs consecutiu l\u2019alumnat de les escoles Mestre Ramon Estadella Torradeflot de Guissona i Setelsis de Solsona han estat treballant els seus projectes d\u2019emprenedoria i davant de tots els seus companys\/es ens els exposaran a la Fira.<\/p>\n<p>FER \u00e9s un projecte de cooperaci\u00f3 multiling\u00fce (catal\u00e0, aran\u00e8s, espanyol, estoni\u00e0 i angl\u00e8s) que t\u00e9 l\u2019objectiu de fomentar l\u2019esperit emprenedor entre l\u2019alumat de les escoles ubicades en territoris rurals i enfortir les relacions entre infants, persones emprenedores i el territori.<\/p>\n<p>Des de l\u2019any 2014 fins al curs actual, s\u2019ha anat implementant en 87 escoles catalanes, amb la participaci\u00f3 de 5.046 alumnes i 150 mestres.<br \/>\nEl projecte Futurs Emprenedors Rurals, est\u00e0 coordinat pel Consorci GAL Noguera Segri\u00e0 Nord i hi participem tots els territoris rurals catalans. Cofinan\u00e7at pel Departament d\u2019Acci\u00f3 Clim\u00e0tica, Alimentaci\u00f3 i Agenda Rural de la Generalitat de Catalunya (DACC) i pel Fons Europeu Agr\u00edcola de Desenvolupament Rural (FEADER).<\/p>\n<p>Jornada\u00a0<strong>oberta a tot el professorat\u00a0<\/strong>interessat a con\u00e8ixer de prop el projecte:<\/p>\n<p>&nbsp;<\/p>\n<p><img loading=\"lazy\" decoding=\"async\" class=\"aligncenter\" src=\"https:\/\/serveiseducatius.xtec.cat\/segarra\/wp-content\/uploads\/usu1148\/2024\/05\/FiraFER2024.png\" width=\"844\" height=\"1193\" \/><\/p>\n","protected":false},"excerpt":{"rendered":"<p>Des del Consorci per al Desenvolupament de la Catalunya Central ens convidem a la\u00a0Fira FER\u00a0(Futurs Emprenedors Rurals) que aquest any es celebrar\u00e0 el dimarts 4 de juny al Casal c\u00edvic Xavier Jounou de Solsona. Per tercer curs consecutiu l\u2019alumnat de les escoles Mestre Ramon Estadella Torradeflot de Guissona i Setelsis de Solsona han estat treballant [&hellip;]<\/p>\n","protected":false},"author":1,"featured_media":15183,"comment_status":"closed","ping_status":"closed","sticky":false,"template":"","format":"standard","meta":{"_bbp_topic_count":0,"_bbp_reply_count":0,"_bbp_total_topic_count":0,"_bbp_total_reply_count":0,"_bbp_voice_count":0,"_bbp_anonymous_reply_count":0,"_bbp_topic_count_hidden":0,"_bbp_reply_count_hidden":0,"_bbp_forum_subforum_count":0,"site-sidebar-layout":"default","site-content-layout":"","ast-site-content-layout":"","site-content-style":"default","site-sidebar-style":"default","ast-global-header-display":"","ast-banner-title-visibility":"","ast-main-header-display":"","ast-hfb-above-header-display":"","ast-hfb-below-header-display":"","ast-hfb-mobile-header-display":"","site-post-title":"","ast-breadcrumbs-content":"","ast-featured-img":"","footer-sml-layout":"","theme-transparent-header-meta":"","adv-header-id-meta":"","stick-header-meta":"","header-above-stick-meta":"","header-main-stick-meta":"","header-below-stick-meta":"","astra-migrate-meta-layouts":"default","ast-page-background-enabled":"default","ast-page-background-meta":{"desktop":{"background-color":"var(--ast-global-color-4)","background-image":"","background-repeat":"repeat","background-position":"center center","background-size":"auto","background-attachment":"scroll","background-type":"","background-media":"","overlay-type":"","overlay-color":"","overlay-opacity":"","overlay-gradient":""},"tablet":{"background-color":"","background-image":"","background-repeat":"repeat","background-position":"center center","background-size":"auto","background-attachment":"scroll","background-type":"","background-media":"","overlay-type":"","overlay-color":"","overlay-opacity":"","overlay-gradient":""},"mobile":{"background-color":"","background-image":"","background-repeat":"repeat","background-position":"center center","background-size":"auto","background-attachment":"scroll","background-type":"","background-media":"","overlay-type":"","overlay-color":"","overlay-opacity":"","overlay-gradient":""}},"ast-content-background-meta":{"desktop":{"background-color":"var(--ast-global-color-5)","background-image":"","background-repeat":"repeat","background-position":"center center","background-size":"auto","background-attachment":"scroll","background-type":"","background-media":"","overlay-type":"","overlay-color":"","overlay-opacity":"","overlay-gradient":""},"tablet":{"background-color":"var(--ast-global-color-5)","background-image":"","background-repeat":"repeat","background-position":"center center","background-size":"auto","background-attachment":"scroll","background-type":"","background-media":"","overlay-type":"","overlay-color":"","overlay-opacity":"","overlay-gradient":""},"mobile":{"background-color":"var(--ast-global-color-5)","background-image":"","background-repeat":"repeat","background-position":"center center","background-size":"auto","background-attachment":"scroll","background-type":"","background-media":"","overlay-type":"","overlay-color":"","overlay-opacity":"","overlay-gradient":""}},"footnotes":""},"categories":[64,65,154,235,29],"tags":[692,172,983,576],"class_list":["post-15182","post","type-post","status-publish","format-standard","has-post-thumbnail","hentry","category-comunitat","category-crp","category-formacio","category-formacio_ins","category-portada","tag-coneixem-el-territori","tag-educacio-primaria","tag-fira-fer-futurs-emprenedors-rurals","tag-innovacio-pedagogica"],"post_mailing_queue_ids":[],"_links":{"self":[{"href":"https:\/\/serveiseducatius.xtec.cat\/solsones\/wp-json\/wp\/v2\/posts\/15182","targetHints":{"allow":["GET"]}}],"collection":[{"href":"https:\/\/serveiseducatius.xtec.cat\/solsones\/wp-json\/wp\/v2\/posts"}],"about":[{"href":"https:\/\/serveiseducatius.xtec.cat\/solsones\/wp-json\/wp\/v2\/types\/post"}],"author":[{"embeddable":true,"href":"https:\/\/serveiseducatius.xtec.cat\/solsones\/wp-json\/wp\/v2\/users\/1"}],"replies":[{"embeddable":true,"href":"https:\/\/serveiseducatius.xtec.cat\/solsones\/wp-json\/wp\/v2\/comments?post=15182"}],"version-history":[{"count":2,"href":"https:\/\/serveiseducatius.xtec.cat\/solsones\/wp-json\/wp\/v2\/posts\/15182\/revisions"}],"predecessor-version":[{"id":15198,"href":"https:\/\/serveiseducatius.xtec.cat\/solsones\/wp-json\/wp\/v2\/posts\/15182\/revisions\/15198"}],"wp:featuredmedia":[{"embeddable":true,"href":"https:\/\/serveiseducatius.xtec.cat\/solsones\/wp-json\/wp\/v2\/media\/15183"}],"wp:attachment":[{"href":"https:\/\/serveiseducatius.xtec.cat\/solsones\/wp-json\/wp\/v2\/media?parent=15182"}],"wp:term":[{"taxonomy":"category","embeddable":true,"href":"https:\/\/serveiseducatius.xtec.cat\/solsones\/wp-json\/wp\/v2\/categories?post=15182"},{"taxonomy":"post_tag","embeddable":true,"href":"https:\/\/serveiseducatius.xtec.cat\/solsones\/wp-json\/wp\/v2\/tags?post=15182"}],"curies":[{"name":"wp","href":"https:\/\/api.w.org\/{rel}","templated":true}]}}