{"id":15176,"date":"2024-06-05T12:23:09","date_gmt":"2024-06-05T10:23:09","guid":{"rendered":"https:\/\/serveiseducatius.xtec.cat\/solsones\/?p=15176"},"modified":"2024-06-05T12:28:42","modified_gmt":"2024-06-05T10:28:42","slug":"xerrada-taller-la-matematica-que-sapren-tocant-a-l-etapa-deducacio-infantil","status":"publish","type":"post","link":"https:\/\/serveiseducatius.xtec.cat\/solsones\/general\/xerrada-taller-la-matematica-que-sapren-tocant-a-l-etapa-deducacio-infantil\/","title":{"rendered":"Xerrada &#8211; Taller: La Matem\u00e0tica que s&#8217;apr\u00e8n tocant a l&#8217; etapa d&#8217;Educaci\u00f3 Infantil"},"content":{"rendered":"<p><a href=\"https:\/\/serveiseducatius.xtec.cat\/solsones\/wp-content\/uploads\/usu1176\/2024\/05\/la-matematica-que-sapren-tocant.jpg\"><img loading=\"lazy\" decoding=\"async\" class=\"wp-image-15179 alignright\" src=\"https:\/\/serveiseducatius.xtec.cat\/solsones\/wp-content\/uploads\/usu1176\/2024\/05\/la-matematica-que-sapren-tocant.jpg\" alt=\"\" width=\"350\" height=\"495\" srcset=\"https:\/\/serveiseducatius.xtec.cat\/solsones\/wp-content\/uploads\/usu1176\/2024\/05\/la-matematica-que-sapren-tocant.jpg 1414w, https:\/\/serveiseducatius.xtec.cat\/solsones\/wp-content\/uploads\/usu1176\/2024\/05\/la-matematica-que-sapren-tocant-212x300.jpg 212w, https:\/\/serveiseducatius.xtec.cat\/solsones\/wp-content\/uploads\/usu1176\/2024\/05\/la-matematica-que-sapren-tocant-724x1024.jpg 724w, https:\/\/serveiseducatius.xtec.cat\/solsones\/wp-content\/uploads\/usu1176\/2024\/05\/la-matematica-que-sapren-tocant-768x1086.jpg 768w, https:\/\/serveiseducatius.xtec.cat\/solsones\/wp-content\/uploads\/usu1176\/2024\/05\/la-matematica-que-sapren-tocant-1086x1536.jpg 1086w\" sizes=\"auto, (max-width: 350px) 100vw, 350px\" \/><\/a>El proper dimarts 18 de juny a les 15.00h, al Servei Educatiu del Solson\u00e8s es realitzar\u00e0 una xerrada &#8211; taller relacionada amb el desplegament de les habilitats matem\u00e0tiques dels infants en l&#8217;etapa d&#8217;Educaci\u00f3 Infantil. Places limitades.<\/p>\n<p>Aquesta activitat anir\u00e0\u00a0 a c\u00e0rrec de la <a href=\"https:\/\/www.aprenentamblesmans.cat\/\" target=\"_blank\" rel=\"noopener\">Lara Gim\u00e9nez Barrag\u00e1n<\/a>, i pret\u00e9n\u00a0 descobrir materials i propostes en l&#8217;\u00e0mbit matem\u00e0tic, donar eines per valorar recursos existents i inspirar al professorat en l&#8217;\u00fas de nous materials.<\/p>\n<p>Adjuntem l&#8217;enlla\u00e7 per tal que us pugueu inscriure:<\/p>\n<table border=\"0\" width=\"675\" cellspacing=\"2\" cellpadding=\"0\">\n<tbody>\n<tr>\n<td valign=\"TOP\"><span style=\"font-family: arial, helvetica, geneva; font-size: small;\">B050381B05<\/span><\/td>\n<td valign=\"TOP\"><strong><a href=\"https:\/\/aplicacions.gestioeducativa.gencat.cat\/pls\/soloas\/pk_for_mod_ins.p_for_detall_activitat?p_header=Llista%20d%27activitats^pk_for_mod_ins.p_for_cons_activitats?p_dt=B%26p_any=2023-2024%26p_totes=S%26p_inici=1%26p_excloure_crp_rec=T&amp;p_codi=B050381B05&amp;p_curs=2023-2024&amp;p_excloure_crp_rec=T\" target=\"_blank\" rel=\"noopener\"><span style=\"font-family: arial, helvetica, geneva; font-size: small;\">La Matem\u00e0tica que s&#8217;apr\u00e8n tocant a l&#8217; etapa d&#8217;Educaci\u00f3 Infantil<\/span><\/a><\/strong><\/td>\n<\/tr>\n<\/tbody>\n<\/table>\n<p>Lloc : Servei Educatiu del Solson\u00e8s.<\/p>\n<p><a href=\"https:\/\/www.aprenentamblesmans.cat\/\" target=\"_blank\" rel=\"noopener\"><img decoding=\"async\" src=\"https:\/\/www.aprenentamblesmans.cat\/wp-content\/uploads\/2018\/02\/logoaprenent-3-1.png\" alt=\"Aprenent amb les mans Logo\" \/><\/a><\/p>\n","protected":false},"excerpt":{"rendered":"<p>El proper dimarts 18 de juny a les 15.00h, al Servei Educatiu del Solson\u00e8s es realitzar\u00e0 una xerrada &#8211; taller relacionada amb el desplegament de les habilitats matem\u00e0tiques dels infants en l&#8217;etapa d&#8217;Educaci\u00f3 Infantil. Places limitades. Aquesta activitat anir\u00e0\u00a0 a c\u00e0rrec de la Lara Gim\u00e9nez Barrag\u00e1n, i pret\u00e9n\u00a0 descobrir materials i propostes en l&#8217;\u00e0mbit matem\u00e0tic, [&hellip;]<\/p>\n","protected":false},"author":1,"featured_media":15179,"comment_status":"closed","ping_status":"closed","sticky":false,"template":"","format":"standard","meta":{"_bbp_topic_count":0,"_bbp_reply_count":0,"_bbp_total_topic_count":0,"_bbp_total_reply_count":0,"_bbp_voice_count":0,"_bbp_anonymous_reply_count":0,"_bbp_topic_count_hidden":0,"_bbp_reply_count_hidden":0,"_bbp_forum_subforum_count":0,"site-sidebar-layout":"default","site-content-layout":"","ast-site-content-layout":"","site-content-style":"default","site-sidebar-style":"default","ast-global-header-display":"","ast-banner-title-visibility":"","ast-main-header-display":"","ast-hfb-above-header-display":"","ast-hfb-below-header-display":"","ast-hfb-mobile-header-display":"","site-post-title":"","ast-breadcrumbs-content":"","ast-featured-img":"","footer-sml-layout":"","theme-transparent-header-meta":"","adv-header-id-meta":"","stick-header-meta":"","header-above-stick-meta":"","header-main-stick-meta":"","header-below-stick-meta":"","astra-migrate-meta-layouts":"default","ast-page-background-enabled":"default","ast-page-background-meta":{"desktop":{"background-color":"var(--ast-global-color-4)","background-image":"","background-repeat":"repeat","background-position":"center center","background-size":"auto","background-attachment":"scroll","background-type":"","background-media":"","overlay-type":"","overlay-color":"","overlay-opacity":"","overlay-gradient":""},"tablet":{"background-color":"","background-image":"","background-repeat":"repeat","background-position":"center center","background-size":"auto","background-attachment":"scroll","background-type":"","background-media":"","overlay-type":"","overlay-color":"","overlay-opacity":"","overlay-gradient":""},"mobile":{"background-color":"","background-image":"","background-repeat":"repeat","background-position":"center center","background-size":"auto","background-attachment":"scroll","background-type":"","background-media":"","overlay-type":"","overlay-color":"","overlay-opacity":"","overlay-gradient":""}},"ast-content-background-meta":{"desktop":{"background-color":"var(--ast-global-color-5)","background-image":"","background-repeat":"repeat","background-position":"center center","background-size":"auto","background-attachment":"scroll","background-type":"","background-media":"","overlay-type":"","overlay-color":"","overlay-opacity":"","overlay-gradient":""},"tablet":{"background-color":"var(--ast-global-color-5)","background-image":"","background-repeat":"repeat","background-position":"center center","background-size":"auto","background-attachment":"scroll","background-type":"","background-media":"","overlay-type":"","overlay-color":"","overlay-opacity":"","overlay-gradient":""},"mobile":{"background-color":"var(--ast-global-color-5)","background-image":"","background-repeat":"repeat","background-position":"center center","background-size":"auto","background-attachment":"scroll","background-type":"","background-media":"","overlay-type":"","overlay-color":"","overlay-opacity":"","overlay-gradient":""}},"footnotes":""},"categories":[154,1,153,29],"tags":[163,41],"class_list":["post-15176","post","type-post","status-publish","format-standard","has-post-thumbnail","hentry","category-formacio","category-general","category-pfz","category-portada","tag-educacio-infantil","tag-matematiques"],"post_mailing_queue_ids":[],"_links":{"self":[{"href":"https:\/\/serveiseducatius.xtec.cat\/solsones\/wp-json\/wp\/v2\/posts\/15176","targetHints":{"allow":["GET"]}}],"collection":[{"href":"https:\/\/serveiseducatius.xtec.cat\/solsones\/wp-json\/wp\/v2\/posts"}],"about":[{"href":"https:\/\/serveiseducatius.xtec.cat\/solsones\/wp-json\/wp\/v2\/types\/post"}],"author":[{"embeddable":true,"href":"https:\/\/serveiseducatius.xtec.cat\/solsones\/wp-json\/wp\/v2\/users\/1"}],"replies":[{"embeddable":true,"href":"https:\/\/serveiseducatius.xtec.cat\/solsones\/wp-json\/wp\/v2\/comments?post=15176"}],"version-history":[{"count":6,"href":"https:\/\/serveiseducatius.xtec.cat\/solsones\/wp-json\/wp\/v2\/posts\/15176\/revisions"}],"predecessor-version":[{"id":15187,"href":"https:\/\/serveiseducatius.xtec.cat\/solsones\/wp-json\/wp\/v2\/posts\/15176\/revisions\/15187"}],"wp:featuredmedia":[{"embeddable":true,"href":"https:\/\/serveiseducatius.xtec.cat\/solsones\/wp-json\/wp\/v2\/media\/15179"}],"wp:attachment":[{"href":"https:\/\/serveiseducatius.xtec.cat\/solsones\/wp-json\/wp\/v2\/media?parent=15176"}],"wp:term":[{"taxonomy":"category","embeddable":true,"href":"https:\/\/serveiseducatius.xtec.cat\/solsones\/wp-json\/wp\/v2\/categories?post=15176"},{"taxonomy":"post_tag","embeddable":true,"href":"https:\/\/serveiseducatius.xtec.cat\/solsones\/wp-json\/wp\/v2\/tags?post=15176"}],"curies":[{"name":"wp","href":"https:\/\/api.w.org\/{rel}","templated":true}]}}