{"id":15145,"date":"2024-05-21T12:12:11","date_gmt":"2024-05-21T10:12:11","guid":{"rendered":"https:\/\/serveiseducatius.xtec.cat\/solsones\/?p=15145"},"modified":"2024-05-21T12:13:30","modified_gmt":"2024-05-21T10:13:30","slug":"exposicio-antoni-tapies-2n-escola-setelsis","status":"publish","type":"post","link":"https:\/\/serveiseducatius.xtec.cat\/solsones\/general\/exposicio-antoni-tapies-2n-escola-setelsis\/","title":{"rendered":"EXPOSICI\u00d3 ANTONI T\u00c0PIES \u2013 2n Escola Setelsis"},"content":{"rendered":"<p>Coincidint amb la Fira de Sant Isidre, el passat cap de setmana 11 i 12 de maig, l&#8217;alumnat de 2n de prim\u00e0ria de l&#8217;Escola Setelsis, en el marc de l&#8217;\u00e0rea d&#8217;Art, van preparar una exposici\u00f3 dedicada al pintor catal\u00e0 Antoni T\u00e0pies.<\/p>\n<div class=\"wp-video\">\n<div id=\"mep_0\" class=\"mejs-container wp-video-shortcode mejs-video mejs-container-keyboard-inactive\" tabindex=\"0\" role=\"application\" aria-label=\"Reproductor de v\u00eddeo\">\n<div class=\"mejs-inner\">\n<div class=\"mejs-mediaelement\">Us deixem amb el link de la not\u00edcia publicada pel centre on podreu veure un v\u00eddeo amb el contingut de l&#8217;exposici\u00f3:<\/div>\n<div><\/div>\n<div class=\"mejs-layers\">\n<div class=\"mejs-overlay mejs-layer mejs-overlay-play\"><a href=\"https:\/\/agora.xtec.cat\/escolasetelsis\/general\/exposicio-antoni-tapies-2n-2\/\">https:\/\/agora.xtec.cat\/escolasetelsis\/general\/exposicio-antoni-tapies-2n-2\/<\/a><\/div>\n<\/div>\n<div><\/div>\n<\/div>\n<\/div>\n<\/div>\n<div><\/div>\n<div><\/div>\n<div><a href=\"https:\/\/serveiseducatius.xtec.cat\/solsones\/wp-content\/uploads\/usu1176\/2024\/05\/EXPOSICIO-ANTONI-TAPIES.png\"><img loading=\"lazy\" decoding=\"async\" class=\"wp-image-15146 aligncenter\" src=\"https:\/\/serveiseducatius.xtec.cat\/solsones\/wp-content\/uploads\/usu1176\/2024\/05\/EXPOSICIO-ANTONI-TAPIES.png\" alt=\"\" width=\"967\" height=\"544\" srcset=\"https:\/\/serveiseducatius.xtec.cat\/solsones\/wp-content\/uploads\/usu1176\/2024\/05\/EXPOSICIO-ANTONI-TAPIES.png 1920w, https:\/\/serveiseducatius.xtec.cat\/solsones\/wp-content\/uploads\/usu1176\/2024\/05\/EXPOSICIO-ANTONI-TAPIES-300x169.png 300w, https:\/\/serveiseducatius.xtec.cat\/solsones\/wp-content\/uploads\/usu1176\/2024\/05\/EXPOSICIO-ANTONI-TAPIES-1024x576.png 1024w, https:\/\/serveiseducatius.xtec.cat\/solsones\/wp-content\/uploads\/usu1176\/2024\/05\/EXPOSICIO-ANTONI-TAPIES-768x432.png 768w, https:\/\/serveiseducatius.xtec.cat\/solsones\/wp-content\/uploads\/usu1176\/2024\/05\/EXPOSICIO-ANTONI-TAPIES-1536x864.png 1536w\" sizes=\"auto, (max-width: 967px) 100vw, 967px\" \/><\/a><\/div>\n","protected":false},"excerpt":{"rendered":"<p>Coincidint amb la Fira de Sant Isidre, el passat cap de setmana 11 i 12 de maig, l&#8217;alumnat de 2n de prim\u00e0ria de l&#8217;Escola Setelsis, en el marc de l&#8217;\u00e0rea d&#8217;Art, van preparar una exposici\u00f3 dedicada al pintor catal\u00e0 Antoni T\u00e0pies. Us deixem amb el link de la not\u00edcia publicada pel centre on podreu veure [&hellip;]<\/p>\n","protected":false},"author":1,"featured_media":15146,"comment_status":"closed","ping_status":"closed","sticky":false,"template":"","format":"standard","meta":{"_bbp_topic_count":0,"_bbp_reply_count":0,"_bbp_total_topic_count":0,"_bbp_total_reply_count":0,"_bbp_voice_count":0,"_bbp_anonymous_reply_count":0,"_bbp_topic_count_hidden":0,"_bbp_reply_count_hidden":0,"_bbp_forum_subforum_count":0,"site-sidebar-layout":"default","site-content-layout":"","ast-site-content-layout":"","site-content-style":"default","site-sidebar-style":"default","ast-global-header-display":"","ast-banner-title-visibility":"","ast-main-header-display":"","ast-hfb-above-header-display":"","ast-hfb-below-header-display":"","ast-hfb-mobile-header-display":"","site-post-title":"","ast-breadcrumbs-content":"","ast-featured-img":"","footer-sml-layout":"","theme-transparent-header-meta":"","adv-header-id-meta":"","stick-header-meta":"","header-above-stick-meta":"","header-main-stick-meta":"","header-below-stick-meta":"","astra-migrate-meta-layouts":"default","ast-page-background-enabled":"default","ast-page-background-meta":{"desktop":{"background-color":"var(--ast-global-color-4)","background-image":"","background-repeat":"repeat","background-position":"center center","background-size":"auto","background-attachment":"scroll","background-type":"","background-media":"","overlay-type":"","overlay-color":"","overlay-opacity":"","overlay-gradient":""},"tablet":{"background-color":"","background-image":"","background-repeat":"repeat","background-position":"center center","background-size":"auto","background-attachment":"scroll","background-type":"","background-media":"","overlay-type":"","overlay-color":"","overlay-opacity":"","overlay-gradient":""},"mobile":{"background-color":"","background-image":"","background-repeat":"repeat","background-position":"center center","background-size":"auto","background-attachment":"scroll","background-type":"","background-media":"","overlay-type":"","overlay-color":"","overlay-opacity":"","overlay-gradient":""}},"ast-content-background-meta":{"desktop":{"background-color":"var(--ast-global-color-5)","background-image":"","background-repeat":"repeat","background-position":"center center","background-size":"auto","background-attachment":"scroll","background-type":"","background-media":"","overlay-type":"","overlay-color":"","overlay-opacity":"","overlay-gradient":""},"tablet":{"background-color":"var(--ast-global-color-5)","background-image":"","background-repeat":"repeat","background-position":"center center","background-size":"auto","background-attachment":"scroll","background-type":"","background-media":"","overlay-type":"","overlay-color":"","overlay-opacity":"","overlay-gradient":""},"mobile":{"background-color":"var(--ast-global-color-5)","background-image":"","background-repeat":"repeat","background-position":"center center","background-size":"auto","background-attachment":"scroll","background-type":"","background-media":"","overlay-type":"","overlay-color":"","overlay-opacity":"","overlay-gradient":""}},"footnotes":""},"categories":[980,1,29],"tags":[981,466],"class_list":["post-15145","post","type-post","status-publish","format-standard","has-post-thumbnail","hentry","category-els-centres-fan","category-general","category-portada","tag-antoni-tapies","tag-art"],"post_mailing_queue_ids":[],"_links":{"self":[{"href":"https:\/\/serveiseducatius.xtec.cat\/solsones\/wp-json\/wp\/v2\/posts\/15145","targetHints":{"allow":["GET"]}}],"collection":[{"href":"https:\/\/serveiseducatius.xtec.cat\/solsones\/wp-json\/wp\/v2\/posts"}],"about":[{"href":"https:\/\/serveiseducatius.xtec.cat\/solsones\/wp-json\/wp\/v2\/types\/post"}],"author":[{"embeddable":true,"href":"https:\/\/serveiseducatius.xtec.cat\/solsones\/wp-json\/wp\/v2\/users\/1"}],"replies":[{"embeddable":true,"href":"https:\/\/serveiseducatius.xtec.cat\/solsones\/wp-json\/wp\/v2\/comments?post=15145"}],"version-history":[{"count":3,"href":"https:\/\/serveiseducatius.xtec.cat\/solsones\/wp-json\/wp\/v2\/posts\/15145\/revisions"}],"predecessor-version":[{"id":15149,"href":"https:\/\/serveiseducatius.xtec.cat\/solsones\/wp-json\/wp\/v2\/posts\/15145\/revisions\/15149"}],"wp:featuredmedia":[{"embeddable":true,"href":"https:\/\/serveiseducatius.xtec.cat\/solsones\/wp-json\/wp\/v2\/media\/15146"}],"wp:attachment":[{"href":"https:\/\/serveiseducatius.xtec.cat\/solsones\/wp-json\/wp\/v2\/media?parent=15145"}],"wp:term":[{"taxonomy":"category","embeddable":true,"href":"https:\/\/serveiseducatius.xtec.cat\/solsones\/wp-json\/wp\/v2\/categories?post=15145"},{"taxonomy":"post_tag","embeddable":true,"href":"https:\/\/serveiseducatius.xtec.cat\/solsones\/wp-json\/wp\/v2\/tags?post=15145"}],"curies":[{"name":"wp","href":"https:\/\/api.w.org\/{rel}","templated":true}]}}