{"id":15073,"date":"2024-04-26T09:54:46","date_gmt":"2024-04-26T07:54:46","guid":{"rendered":"https:\/\/serveiseducatius.xtec.cat\/solsones\/?p=15073"},"modified":"2024-04-26T10:01:42","modified_gmt":"2024-04-26T08:01:42","slug":"viii-fira-esportiva-del-solsones","status":"publish","type":"post","link":"https:\/\/serveiseducatius.xtec.cat\/solsones\/general\/viii-fira-esportiva-del-solsones\/","title":{"rendered":"VIII Fira Esportiva del Solson\u00e8s"},"content":{"rendered":"<p style=\"text-align: justify;\"><strong>El passat dijous 25 d&#8217;abril es va celebrar la VIII Fira Esportiva del Solson\u00e8s<\/strong><\/p>\n<p style=\"text-align: justify;\"><a href=\"https:\/\/serveiseducatius.xtec.cat\/solsones\/wp-content\/uploads\/usu1176\/2024\/04\/IMG_20240425_114711-1-scaled.jpg\"><img loading=\"lazy\" decoding=\"async\" class=\"alignright wp-image-15081\" title=\"Infants de 2n jugant a la pla\u00e7a del Consell Comarcal\" src=\"https:\/\/serveiseducatius.xtec.cat\/solsones\/wp-content\/uploads\/usu1176\/2024\/04\/IMG_20240425_114711-1-scaled.jpg\" alt=\"Infants de 2n jugant a la pla\u00e7a del Consell Comarcal\" width=\"376\" height=\"283\" srcset=\"https:\/\/serveiseducatius.xtec.cat\/solsones\/wp-content\/uploads\/usu1176\/2024\/04\/IMG_20240425_114711-1-scaled.jpg 2560w, https:\/\/serveiseducatius.xtec.cat\/solsones\/wp-content\/uploads\/usu1176\/2024\/04\/IMG_20240425_114711-1-300x226.jpg 300w, https:\/\/serveiseducatius.xtec.cat\/solsones\/wp-content\/uploads\/usu1176\/2024\/04\/IMG_20240425_114711-1-1024x771.jpg 1024w, https:\/\/serveiseducatius.xtec.cat\/solsones\/wp-content\/uploads\/usu1176\/2024\/04\/IMG_20240425_114711-1-768x578.jpg 768w, https:\/\/serveiseducatius.xtec.cat\/solsones\/wp-content\/uploads\/usu1176\/2024\/04\/IMG_20240425_114711-1-1536x1157.jpg 1536w, https:\/\/serveiseducatius.xtec.cat\/solsones\/wp-content\/uploads\/usu1176\/2024\/04\/IMG_20240425_114711-1-2048x1542.jpg 2048w, https:\/\/serveiseducatius.xtec.cat\/solsones\/wp-content\/uploads\/usu1176\/2024\/04\/IMG_20240425_114711-1-200x150.jpg 200w\" sizes=\"auto, (max-width: 376px) 100vw, 376px\" \/><\/a>Uns 450 alumnes de la comarca van participar en la VIII Fira Esportiva del Solson\u00e8s que organitza el Seminari de Mestres d&#8217;Educaci\u00f3 F\u00edsica, el Consell Esportiu del Solson\u00e8s, amb la col\u00b7laboraci\u00f3 del Pla Educatiu d&#8217;Entorn i l&#8217;Ajuntament de Solsona.<\/p>\n<p style=\"text-align: justify;\">L&#8217;objectiu de la realitzaci\u00f3 d&#8217;aquesta Fira Esportiva \u00e9s fomentar la conviv\u00e8ncia entre alumnes de prim\u00e0ria de la comarca, enfortint la xarxa de treball i els vincles entre centres mitjan\u00e7ant la pr\u00e0ctica esportiva de proximitat, arrelada a l&#8217;entorn i vinculada a les entitats i clubs de Solsona i comarca.<\/p>\n<p style=\"text-align: justify;\">En aquesta edici\u00f3, s&#8217;ha plantejat un reenfocament del funcionament de la Fira per tal de donar noves perspectives al projecte i impulsar-lo. A m\u00e9s a m\u00e9s, s&#8217;ha fet coincidir la data amb el Dia Mundial de l&#8217;Educaci\u00f3 F\u00edsica al Carrer.<\/p>\n<p style=\"text-align: justify;\">La distribuci\u00f3 s&#8217;ha organitzat per cursos d&#8217;aquesta manera:<\/p>\n<ul style=\"text-align: justify;\">\n<li><strong>Fira de 2n: <\/strong>Han gaudit de jocs populars i\/o tradicionals a les places de Solsona. La dinamitzaci\u00f3 s&#8217;ha fet a c\u00e0rrec del Club de Bitlles Olius i alumnat col\u00b7laborador de l&#8217;IE Vall de Lord.<\/li>\n<li><strong>Fira de 4t: <\/strong>Han pogut realitzar activitats i\/o esports a la natura a la zona esportiva del Parc de la Mina i el Parc de la Mare de la Font. Hi ha col\u00b7laborat Espaigua, ETFEM, ESCAMN, Cardonaevents i l&#8217;alumnat del CFGM de T\u00e8cnic de Guia en el Medi Natural i de Temps de Lleure de l&#8217;Escola Arrels II<\/li>\n<li><strong>Fira de 6\u00e8: <\/strong>S&#8217;han dut a terme esports de col\u00b7laboraci\u00f3 i oposici\u00f3 a les instal\u00b7lacions esportives municipals de Solsona. Les activitats han anat a c\u00e0rrec de: FB Solsona Arrels i CF Solsona, AE Lach i alumnat col\u00b7laborador de l&#8217;Institut Francesc Ribalta.<\/li>\n<\/ul>\n<p style=\"text-align: justify;\">Tot l&#8217;alumnat ha pogut gaudir d&#8217;<strong>un esmorzar saludable<\/strong> a base de fruita, a c\u00e0rrec del Pla Educatiu d&#8217;Entorn de Solsona.<\/p>\n<p>&nbsp;<\/p>\n<table style=\"border-collapse: collapse; width: 100%;\">\n<tbody>\n<tr>\n<td style=\"width: 33.3333%; text-align: center;\"><strong>FIRA DE 2n &#8211; <\/strong>Places de Solsona<\/td>\n<td style=\"width: 33.3333%; text-align: center;\"><strong>FIRA DE 4t &#8211; <\/strong>Parc Font de la Mina i Mare de la Font<\/td>\n<td style=\"width: 33.3333%; text-align: center;\"><strong>FIRA DE 6\u00e8 &#8211; <\/strong>Instal\u00b7lacions Esportives Municipals de Solsona<\/td>\n<\/tr>\n<tr>\n<td style=\"width: 33.3333%;\"><a href=\"https:\/\/serveiseducatius.xtec.cat\/solsones\/wp-content\/uploads\/usu1176\/2024\/04\/2024-04-25-09.22.41-scaled-e1714117579191.jpg\"><img loading=\"lazy\" decoding=\"async\" class=\"alignnone wp-image-15076 size-full\" src=\"https:\/\/serveiseducatius.xtec.cat\/solsones\/wp-content\/uploads\/usu1176\/2024\/04\/2024-04-25-09.22.41-scaled-e1714117579191.jpg\" alt=\"\" width=\"2560\" height=\"1083\" srcset=\"https:\/\/serveiseducatius.xtec.cat\/solsones\/wp-content\/uploads\/usu1176\/2024\/04\/2024-04-25-09.22.41-scaled-e1714117579191.jpg 2560w, https:\/\/serveiseducatius.xtec.cat\/solsones\/wp-content\/uploads\/usu1176\/2024\/04\/2024-04-25-09.22.41-scaled-e1714117579191-300x127.jpg 300w, https:\/\/serveiseducatius.xtec.cat\/solsones\/wp-content\/uploads\/usu1176\/2024\/04\/2024-04-25-09.22.41-scaled-e1714117579191-1024x433.jpg 1024w, https:\/\/serveiseducatius.xtec.cat\/solsones\/wp-content\/uploads\/usu1176\/2024\/04\/2024-04-25-09.22.41-scaled-e1714117579191-768x325.jpg 768w, https:\/\/serveiseducatius.xtec.cat\/solsones\/wp-content\/uploads\/usu1176\/2024\/04\/2024-04-25-09.22.41-scaled-e1714117579191-1536x650.jpg 1536w, https:\/\/serveiseducatius.xtec.cat\/solsones\/wp-content\/uploads\/usu1176\/2024\/04\/2024-04-25-09.22.41-scaled-e1714117579191-2048x866.jpg 2048w\" sizes=\"auto, (max-width: 2560px) 100vw, 2560px\" \/><\/a><\/td>\n<td style=\"width: 33.3333%;\"><a href=\"https:\/\/serveiseducatius.xtec.cat\/solsones\/wp-content\/uploads\/usu1176\/2024\/04\/2024-04-25-10.19.15-e1714117607292.jpg\"><img loading=\"lazy\" decoding=\"async\" class=\"alignnone wp-image-15075 size-full\" src=\"https:\/\/serveiseducatius.xtec.cat\/solsones\/wp-content\/uploads\/usu1176\/2024\/04\/2024-04-25-10.19.15-e1714117607292.jpg\" alt=\"\" width=\"1978\" height=\"880\" srcset=\"https:\/\/serveiseducatius.xtec.cat\/solsones\/wp-content\/uploads\/usu1176\/2024\/04\/2024-04-25-10.19.15-e1714117607292.jpg 1978w, https:\/\/serveiseducatius.xtec.cat\/solsones\/wp-content\/uploads\/usu1176\/2024\/04\/2024-04-25-10.19.15-e1714117607292-300x133.jpg 300w, https:\/\/serveiseducatius.xtec.cat\/solsones\/wp-content\/uploads\/usu1176\/2024\/04\/2024-04-25-10.19.15-e1714117607292-1024x456.jpg 1024w, https:\/\/serveiseducatius.xtec.cat\/solsones\/wp-content\/uploads\/usu1176\/2024\/04\/2024-04-25-10.19.15-e1714117607292-768x342.jpg 768w, https:\/\/serveiseducatius.xtec.cat\/solsones\/wp-content\/uploads\/usu1176\/2024\/04\/2024-04-25-10.19.15-e1714117607292-1536x683.jpg 1536w\" sizes=\"auto, (max-width: 1978px) 100vw, 1978px\" \/><\/a><\/td>\n<td style=\"width: 33.3333%;\"><a href=\"https:\/\/serveiseducatius.xtec.cat\/solsones\/wp-content\/uploads\/usu1176\/2024\/04\/2024-04-25-12.27.31-scaled.jpg\"><img loading=\"lazy\" decoding=\"async\" class=\"wp-image-15074 aligncenter\" src=\"https:\/\/serveiseducatius.xtec.cat\/solsones\/wp-content\/uploads\/usu1176\/2024\/04\/2024-04-25-12.27.31-scaled.jpg\" alt=\"\" width=\"418\" height=\"195\" srcset=\"https:\/\/serveiseducatius.xtec.cat\/solsones\/wp-content\/uploads\/usu1176\/2024\/04\/2024-04-25-12.27.31-scaled.jpg 2560w, https:\/\/serveiseducatius.xtec.cat\/solsones\/wp-content\/uploads\/usu1176\/2024\/04\/2024-04-25-12.27.31-300x140.jpg 300w, https:\/\/serveiseducatius.xtec.cat\/solsones\/wp-content\/uploads\/usu1176\/2024\/04\/2024-04-25-12.27.31-1024x477.jpg 1024w, https:\/\/serveiseducatius.xtec.cat\/solsones\/wp-content\/uploads\/usu1176\/2024\/04\/2024-04-25-12.27.31-768x358.jpg 768w, https:\/\/serveiseducatius.xtec.cat\/solsones\/wp-content\/uploads\/usu1176\/2024\/04\/2024-04-25-12.27.31-1536x715.jpg 1536w, https:\/\/serveiseducatius.xtec.cat\/solsones\/wp-content\/uploads\/usu1176\/2024\/04\/2024-04-25-12.27.31-2048x954.jpg 2048w\" sizes=\"auto, (max-width: 418px) 100vw, 418px\" \/><\/a><\/td>\n<\/tr>\n<\/tbody>\n<\/table>\n<p>&nbsp;<\/p>\n<p>&nbsp;<\/p>\n<p>&nbsp;<\/p>\n<p style=\"text-align: justify;\">\n","protected":false},"excerpt":{"rendered":"<p>El passat dijous 25 d&#8217;abril es va celebrar la VIII Fira Esportiva del Solson\u00e8s Uns 450 alumnes de la comarca van participar en la VIII Fira Esportiva del Solson\u00e8s que organitza el Seminari de Mestres d&#8217;Educaci\u00f3 F\u00edsica, el Consell Esportiu del Solson\u00e8s, amb la col\u00b7laboraci\u00f3 del Pla Educatiu d&#8217;Entorn i l&#8217;Ajuntament de Solsona. L&#8217;objectiu de [&hellip;]<\/p>\n","protected":false},"author":1,"featured_media":15075,"comment_status":"closed","ping_status":"closed","sticky":false,"template":"","format":"standard","meta":{"_bbp_topic_count":0,"_bbp_reply_count":0,"_bbp_total_topic_count":0,"_bbp_total_reply_count":0,"_bbp_voice_count":0,"_bbp_anonymous_reply_count":0,"_bbp_topic_count_hidden":0,"_bbp_reply_count_hidden":0,"_bbp_forum_subforum_count":0,"site-sidebar-layout":"default","site-content-layout":"","ast-site-content-layout":"","site-content-style":"default","site-sidebar-style":"default","ast-global-header-display":"","ast-banner-title-visibility":"","ast-main-header-display":"","ast-hfb-above-header-display":"","ast-hfb-below-header-display":"","ast-hfb-mobile-header-display":"","site-post-title":"","ast-breadcrumbs-content":"","ast-featured-img":"","footer-sml-layout":"","theme-transparent-header-meta":"","adv-header-id-meta":"","stick-header-meta":"","header-above-stick-meta":"","header-main-stick-meta":"","header-below-stick-meta":"","astra-migrate-meta-layouts":"default","ast-page-background-enabled":"default","ast-page-background-meta":{"desktop":{"background-color":"var(--ast-global-color-4)","background-image":"","background-repeat":"repeat","background-position":"center center","background-size":"auto","background-attachment":"scroll","background-type":"","background-media":"","overlay-type":"","overlay-color":"","overlay-opacity":"","overlay-gradient":""},"tablet":{"background-color":"","background-image":"","background-repeat":"repeat","background-position":"center center","background-size":"auto","background-attachment":"scroll","background-type":"","background-media":"","overlay-type":"","overlay-color":"","overlay-opacity":"","overlay-gradient":""},"mobile":{"background-color":"","background-image":"","background-repeat":"repeat","background-position":"center center","background-size":"auto","background-attachment":"scroll","background-type":"","background-media":"","overlay-type":"","overlay-color":"","overlay-opacity":"","overlay-gradient":""}},"ast-content-background-meta":{"desktop":{"background-color":"var(--ast-global-color-5)","background-image":"","background-repeat":"repeat","background-position":"center center","background-size":"auto","background-attachment":"scroll","background-type":"","background-media":"","overlay-type":"","overlay-color":"","overlay-opacity":"","overlay-gradient":""},"tablet":{"background-color":"var(--ast-global-color-5)","background-image":"","background-repeat":"repeat","background-position":"center center","background-size":"auto","background-attachment":"scroll","background-type":"","background-media":"","overlay-type":"","overlay-color":"","overlay-opacity":"","overlay-gradient":""},"mobile":{"background-color":"var(--ast-global-color-5)","background-image":"","background-repeat":"repeat","background-position":"center center","background-size":"auto","background-attachment":"scroll","background-type":"","background-media":"","overlay-type":"","overlay-color":"","overlay-opacity":"","overlay-gradient":""}},"footnotes":""},"categories":[1,75,29],"tags":[969,228,918],"class_list":["post-15073","post","type-post","status-publish","format-standard","has-post-thumbnail","hentry","category-general","category-pee","category-portada","tag-dia-ef-al-carrer","tag-educacio-fisica","tag-fira-esportiva"],"post_mailing_queue_ids":[],"_links":{"self":[{"href":"https:\/\/serveiseducatius.xtec.cat\/solsones\/wp-json\/wp\/v2\/posts\/15073","targetHints":{"allow":["GET"]}}],"collection":[{"href":"https:\/\/serveiseducatius.xtec.cat\/solsones\/wp-json\/wp\/v2\/posts"}],"about":[{"href":"https:\/\/serveiseducatius.xtec.cat\/solsones\/wp-json\/wp\/v2\/types\/post"}],"author":[{"embeddable":true,"href":"https:\/\/serveiseducatius.xtec.cat\/solsones\/wp-json\/wp\/v2\/users\/1"}],"replies":[{"embeddable":true,"href":"https:\/\/serveiseducatius.xtec.cat\/solsones\/wp-json\/wp\/v2\/comments?post=15073"}],"version-history":[{"count":6,"href":"https:\/\/serveiseducatius.xtec.cat\/solsones\/wp-json\/wp\/v2\/posts\/15073\/revisions"}],"predecessor-version":[{"id":15090,"href":"https:\/\/serveiseducatius.xtec.cat\/solsones\/wp-json\/wp\/v2\/posts\/15073\/revisions\/15090"}],"wp:featuredmedia":[{"embeddable":true,"href":"https:\/\/serveiseducatius.xtec.cat\/solsones\/wp-json\/wp\/v2\/media\/15075"}],"wp:attachment":[{"href":"https:\/\/serveiseducatius.xtec.cat\/solsones\/wp-json\/wp\/v2\/media?parent=15073"}],"wp:term":[{"taxonomy":"category","embeddable":true,"href":"https:\/\/serveiseducatius.xtec.cat\/solsones\/wp-json\/wp\/v2\/categories?post=15073"},{"taxonomy":"post_tag","embeddable":true,"href":"https:\/\/serveiseducatius.xtec.cat\/solsones\/wp-json\/wp\/v2\/tags?post=15073"}],"curies":[{"name":"wp","href":"https:\/\/api.w.org\/{rel}","templated":true}]}}