{"id":15066,"date":"2024-04-15T14:01:24","date_gmt":"2024-04-15T12:01:24","guid":{"rendered":"https:\/\/serveiseducatius.xtec.cat\/solsones\/?p=15066"},"modified":"2024-04-15T14:06:38","modified_gmt":"2024-04-15T12:06:38","slug":"jornada-formativa-contra-lassetjament-escolar","status":"publish","type":"post","link":"https:\/\/serveiseducatius.xtec.cat\/solsones\/portada\/jornada-formativa-contra-lassetjament-escolar\/","title":{"rendered":"Jornada formativa contra l\u2019Assetjament Escolar"},"content":{"rendered":"<p style=\"text-align: justify;\"><img loading=\"lazy\" decoding=\"async\" class=\"wp-image-21852 alignleft\" src=\"https:\/\/serveiseducatius.xtec.cat\/badalona\/wp-content\/uploads\/usu1088\/2024\/04\/Imatge-difusio-XTEC-logo-1024x724.png\" alt=\"\" width=\"345\" height=\"244\" \/>El dissabte\u00a0<strong>4 de maig de 9:30\u202fh a 14\u202fh<\/strong> tindr\u00e0 lloc, al recinte de Fabra i Cots de Barcelona, la Jornada formativa en\u00a0<strong>commemoraci\u00f3 del dia Internacional contra l\u2019Assetjament Escolar<\/strong>\u00a0oberta per a tots els docents.<\/p>\n<p dir=\"ltr\" style=\"text-align: justify;\">Sota el t\u00edtol\u00a0<a href=\"https:\/\/projectes.xtec.cat\/convivenciapositiva\/general\/jornada-pel-dia-internacional-contra-lassetjament-escolar\/\" target=\"_blank\" rel=\"noopener\">\u201c<\/a><em><a href=\"https:\/\/projectes.xtec.cat\/convivenciapositiva\/general\/jornada-pel-dia-internacional-contra-lassetjament-escolar\/\" target=\"_blank\" rel=\"noopener\">Emoci\u00f3 i creativitat, un cam\u00ed cap a la prevenci\u00f3 de l\u2019assetjament escolar<\/a><\/em><a href=\"https:\/\/projectes.xtec.cat\/convivenciapositiva\/general\/jornada-pel-dia-internacional-contra-lassetjament-escolar\/\" target=\"_blank\" rel=\"noopener\">\u201d\u00a0<\/a>l\u2019objectiu de la formaci\u00f3 \u00e9s actualitzar el treball preventiu en el fenomen de l\u2019assetjament escolar i el ciberassetjament i dotar d\u2019eines als docents per a dinamitzar activitats sensibilitzadores vivencials a l\u2019aula.<\/p>\n<p dir=\"ltr\">Us hi podeu\u00a0<strong>inscriure del 5 al 25 d\u2019abril<\/strong>\u00a0omplint el seg\u00fcent\u00a0<a href=\"https:\/\/docs.google.com\/forms\/d\/e\/1FAIpQLSeVqgyaTvrhraai3sBLw0KSXOAM1FmY7ERFbH71jDncDT_TDA\/viewform\" target=\"_blank\" rel=\"noopener\">formulari<\/a>.<\/p>\n<p>Si voleu consultar recursos per treballar amb l\u2019alumnat, teniu m\u00e9s informaci\u00f3 al seg\u00fcent\u00a0<a href=\"https:\/\/xtec.gencat.cat\/ca\/centres\/celebracions\/2024\/dia-internacional-assetjament-escolar\/\" target=\"_blank\" rel=\"noopener\">enlla\u00e7.<\/a><\/p>\n","protected":false},"excerpt":{"rendered":"<p>El dissabte\u00a04 de maig de 9:30\u202fh a 14\u202fh tindr\u00e0 lloc, al recinte de Fabra i Cots de Barcelona, la Jornada formativa en\u00a0commemoraci\u00f3 del dia Internacional contra l\u2019Assetjament Escolar\u00a0oberta per a tots els docents. Sota el t\u00edtol\u00a0\u201cEmoci\u00f3 i creativitat, un cam\u00ed cap a la prevenci\u00f3 de l\u2019assetjament escolar\u201d\u00a0l\u2019objectiu de la formaci\u00f3 \u00e9s actualitzar el treball preventiu [&hellip;]<\/p>\n","protected":false},"author":1,"featured_media":15067,"comment_status":"closed","ping_status":"closed","sticky":false,"template":"","format":"standard","meta":{"_bbp_topic_count":0,"_bbp_reply_count":0,"_bbp_total_topic_count":0,"_bbp_total_reply_count":0,"_bbp_voice_count":0,"_bbp_anonymous_reply_count":0,"_bbp_topic_count_hidden":0,"_bbp_reply_count_hidden":0,"_bbp_forum_subforum_count":0,"site-sidebar-layout":"default","site-content-layout":"","ast-site-content-layout":"","site-content-style":"default","site-sidebar-style":"default","ast-global-header-display":"","ast-banner-title-visibility":"","ast-main-header-display":"","ast-hfb-above-header-display":"","ast-hfb-below-header-display":"","ast-hfb-mobile-header-display":"","site-post-title":"","ast-breadcrumbs-content":"","ast-featured-img":"","footer-sml-layout":"","theme-transparent-header-meta":"","adv-header-id-meta":"","stick-header-meta":"","header-above-stick-meta":"","header-main-stick-meta":"","header-below-stick-meta":"","astra-migrate-meta-layouts":"default","ast-page-background-enabled":"default","ast-page-background-meta":{"desktop":{"background-color":"var(--ast-global-color-4)","background-image":"","background-repeat":"repeat","background-position":"center center","background-size":"auto","background-attachment":"scroll","background-type":"","background-media":"","overlay-type":"","overlay-color":"","overlay-opacity":"","overlay-gradient":""},"tablet":{"background-color":"","background-image":"","background-repeat":"repeat","background-position":"center center","background-size":"auto","background-attachment":"scroll","background-type":"","background-media":"","overlay-type":"","overlay-color":"","overlay-opacity":"","overlay-gradient":""},"mobile":{"background-color":"","background-image":"","background-repeat":"repeat","background-position":"center center","background-size":"auto","background-attachment":"scroll","background-type":"","background-media":"","overlay-type":"","overlay-color":"","overlay-opacity":"","overlay-gradient":""}},"ast-content-background-meta":{"desktop":{"background-color":"var(--ast-global-color-5)","background-image":"","background-repeat":"repeat","background-position":"center center","background-size":"auto","background-attachment":"scroll","background-type":"","background-media":"","overlay-type":"","overlay-color":"","overlay-opacity":"","overlay-gradient":""},"tablet":{"background-color":"var(--ast-global-color-5)","background-image":"","background-repeat":"repeat","background-position":"center center","background-size":"auto","background-attachment":"scroll","background-type":"","background-media":"","overlay-type":"","overlay-color":"","overlay-opacity":"","overlay-gradient":""},"mobile":{"background-color":"var(--ast-global-color-5)","background-image":"","background-repeat":"repeat","background-position":"center center","background-size":"auto","background-attachment":"scroll","background-type":"","background-media":"","overlay-type":"","overlay-color":"","overlay-opacity":"","overlay-gradient":""}},"footnotes":""},"categories":[154,29],"tags":[967,968],"class_list":["post-15066","post","type-post","status-publish","format-standard","has-post-thumbnail","hentry","category-formacio","category-portada","tag-assetjament-escolar","tag-stop-bullying"],"post_mailing_queue_ids":[],"_links":{"self":[{"href":"https:\/\/serveiseducatius.xtec.cat\/solsones\/wp-json\/wp\/v2\/posts\/15066","targetHints":{"allow":["GET"]}}],"collection":[{"href":"https:\/\/serveiseducatius.xtec.cat\/solsones\/wp-json\/wp\/v2\/posts"}],"about":[{"href":"https:\/\/serveiseducatius.xtec.cat\/solsones\/wp-json\/wp\/v2\/types\/post"}],"author":[{"embeddable":true,"href":"https:\/\/serveiseducatius.xtec.cat\/solsones\/wp-json\/wp\/v2\/users\/1"}],"replies":[{"embeddable":true,"href":"https:\/\/serveiseducatius.xtec.cat\/solsones\/wp-json\/wp\/v2\/comments?post=15066"}],"version-history":[{"count":3,"href":"https:\/\/serveiseducatius.xtec.cat\/solsones\/wp-json\/wp\/v2\/posts\/15066\/revisions"}],"predecessor-version":[{"id":15070,"href":"https:\/\/serveiseducatius.xtec.cat\/solsones\/wp-json\/wp\/v2\/posts\/15066\/revisions\/15070"}],"wp:featuredmedia":[{"embeddable":true,"href":"https:\/\/serveiseducatius.xtec.cat\/solsones\/wp-json\/wp\/v2\/media\/15067"}],"wp:attachment":[{"href":"https:\/\/serveiseducatius.xtec.cat\/solsones\/wp-json\/wp\/v2\/media?parent=15066"}],"wp:term":[{"taxonomy":"category","embeddable":true,"href":"https:\/\/serveiseducatius.xtec.cat\/solsones\/wp-json\/wp\/v2\/categories?post=15066"},{"taxonomy":"post_tag","embeddable":true,"href":"https:\/\/serveiseducatius.xtec.cat\/solsones\/wp-json\/wp\/v2\/tags?post=15066"}],"curies":[{"name":"wp","href":"https:\/\/api.w.org\/{rel}","templated":true}]}}