{"id":14945,"date":"2024-02-26T13:42:25","date_gmt":"2024-02-26T12:42:25","guid":{"rendered":"https:\/\/serveiseducatius.xtec.cat\/solsones\/?p=14945"},"modified":"2024-02-26T13:56:31","modified_gmt":"2024-02-26T12:56:31","slug":"23a-edicio-de-les-jornades-literaries-de-la-zer-el-solsones","status":"publish","type":"post","link":"https:\/\/serveiseducatius.xtec.cat\/solsones\/general\/23a-edicio-de-les-jornades-literaries-de-la-zer-el-solsones\/","title":{"rendered":"23a edici\u00f3 de les Jornades Liter\u00e0ries de la ZER el Solson\u00e8s"},"content":{"rendered":"<p>Un any m\u00e9s la <strong>ZER el Solson\u00e8s<\/strong> ha celebrat les esperades <strong>Jornades Liter\u00e0ries<\/strong> amb el seu alumnat i equip docent a les instal\u00b7lacions de <strong>la Carral els dies<\/strong> <strong>22 i 23 de febrer<\/strong>. En aquesta 23a edici\u00f3, aquest esdeveniment cultural ha comptat amb la pres\u00e8ncia de la <strong>il\u00b7lustradora Roser Calafell<\/strong> que ha realitzat diversos tallers amb diferents grups d&#8217;alumnat.<\/p>\n<p><a href=\"https:\/\/serveiseducatius.xtec.cat\/solsones\/wp-content\/uploads\/usu1176\/2024\/02\/WhatsApp-Image-2024-02-26-at-12.38.30.jpeg\"><img loading=\"lazy\" decoding=\"async\" class=\"alignnone size-large wp-image-14949\" src=\"https:\/\/serveiseducatius.xtec.cat\/solsones\/wp-content\/uploads\/usu1176\/2024\/02\/WhatsApp-Image-2024-02-26-at-12.38.30-1024x472.jpeg\" alt=\"\" width=\"1024\" height=\"472\" srcset=\"https:\/\/serveiseducatius.xtec.cat\/solsones\/wp-content\/uploads\/usu1176\/2024\/02\/WhatsApp-Image-2024-02-26-at-12.38.30-1024x472.jpeg 1024w, https:\/\/serveiseducatius.xtec.cat\/solsones\/wp-content\/uploads\/usu1176\/2024\/02\/WhatsApp-Image-2024-02-26-at-12.38.30-300x138.jpeg 300w, https:\/\/serveiseducatius.xtec.cat\/solsones\/wp-content\/uploads\/usu1176\/2024\/02\/WhatsApp-Image-2024-02-26-at-12.38.30-768x354.jpeg 768w, https:\/\/serveiseducatius.xtec.cat\/solsones\/wp-content\/uploads\/usu1176\/2024\/02\/WhatsApp-Image-2024-02-26-at-12.38.30-1536x708.jpeg 1536w, https:\/\/serveiseducatius.xtec.cat\/solsones\/wp-content\/uploads\/usu1176\/2024\/02\/WhatsApp-Image-2024-02-26-at-12.38.30.jpeg 1600w\" sizes=\"auto, (max-width: 1024px) 100vw, 1024px\" \/><\/a> <a href=\"https:\/\/serveiseducatius.xtec.cat\/solsones\/wp-content\/uploads\/usu1176\/2024\/02\/WhatsApp-Image-2024-02-26-at-12.52.34.jpeg\"><img loading=\"lazy\" decoding=\"async\" class=\"alignnone size-large wp-image-14947\" src=\"https:\/\/serveiseducatius.xtec.cat\/solsones\/wp-content\/uploads\/usu1176\/2024\/02\/WhatsApp-Image-2024-02-26-at-12.52.34-1024x769.jpeg\" alt=\"\" width=\"1024\" height=\"769\" srcset=\"https:\/\/serveiseducatius.xtec.cat\/solsones\/wp-content\/uploads\/usu1176\/2024\/02\/WhatsApp-Image-2024-02-26-at-12.52.34-1024x769.jpeg 1024w, https:\/\/serveiseducatius.xtec.cat\/solsones\/wp-content\/uploads\/usu1176\/2024\/02\/WhatsApp-Image-2024-02-26-at-12.52.34-300x225.jpeg 300w, https:\/\/serveiseducatius.xtec.cat\/solsones\/wp-content\/uploads\/usu1176\/2024\/02\/WhatsApp-Image-2024-02-26-at-12.52.34-768x576.jpeg 768w, https:\/\/serveiseducatius.xtec.cat\/solsones\/wp-content\/uploads\/usu1176\/2024\/02\/WhatsApp-Image-2024-02-26-at-12.52.34-1536x1153.jpeg 1536w, https:\/\/serveiseducatius.xtec.cat\/solsones\/wp-content\/uploads\/usu1176\/2024\/02\/WhatsApp-Image-2024-02-26-at-12.52.34-200x150.jpeg 200w, https:\/\/serveiseducatius.xtec.cat\/solsones\/wp-content\/uploads\/usu1176\/2024\/02\/WhatsApp-Image-2024-02-26-at-12.52.34.jpeg 2048w\" sizes=\"auto, (max-width: 1024px) 100vw, 1024px\" \/><\/a><\/p>\n<p><a href=\"https:\/\/serveiseducatius.xtec.cat\/solsones\/wp-content\/uploads\/usu1176\/2024\/02\/WhatsApp-Image-2024-02-26-at-12.50.53.jpeg\"><img loading=\"lazy\" decoding=\"async\" class=\"alignnone size-large wp-image-14950\" src=\"https:\/\/serveiseducatius.xtec.cat\/solsones\/wp-content\/uploads\/usu1176\/2024\/02\/WhatsApp-Image-2024-02-26-at-12.50.53-1024x769.jpeg\" alt=\"\" width=\"1024\" height=\"769\" srcset=\"https:\/\/serveiseducatius.xtec.cat\/solsones\/wp-content\/uploads\/usu1176\/2024\/02\/WhatsApp-Image-2024-02-26-at-12.50.53-1024x769.jpeg 1024w, https:\/\/serveiseducatius.xtec.cat\/solsones\/wp-content\/uploads\/usu1176\/2024\/02\/WhatsApp-Image-2024-02-26-at-12.50.53-300x225.jpeg 300w, https:\/\/serveiseducatius.xtec.cat\/solsones\/wp-content\/uploads\/usu1176\/2024\/02\/WhatsApp-Image-2024-02-26-at-12.50.53-768x576.jpeg 768w, https:\/\/serveiseducatius.xtec.cat\/solsones\/wp-content\/uploads\/usu1176\/2024\/02\/WhatsApp-Image-2024-02-26-at-12.50.53-1536x1153.jpeg 1536w, https:\/\/serveiseducatius.xtec.cat\/solsones\/wp-content\/uploads\/usu1176\/2024\/02\/WhatsApp-Image-2024-02-26-at-12.50.53-200x150.jpeg 200w, https:\/\/serveiseducatius.xtec.cat\/solsones\/wp-content\/uploads\/usu1176\/2024\/02\/WhatsApp-Image-2024-02-26-at-12.50.53.jpeg 2048w\" sizes=\"auto, (max-width: 1024px) 100vw, 1024px\" \/><\/a><\/p>\n<p><a href=\"https:\/\/serveiseducatius.xtec.cat\/solsones\/wp-content\/uploads\/usu1176\/2024\/02\/WhatsApp-Image-2024-02-26-at-12.37.46.jpeg\"><img loading=\"lazy\" decoding=\"async\" class=\"alignnone size-large wp-image-14951\" src=\"https:\/\/serveiseducatius.xtec.cat\/solsones\/wp-content\/uploads\/usu1176\/2024\/02\/WhatsApp-Image-2024-02-26-at-12.37.46-642x1024.jpeg\" alt=\"\" width=\"642\" height=\"1024\" srcset=\"https:\/\/serveiseducatius.xtec.cat\/solsones\/wp-content\/uploads\/usu1176\/2024\/02\/WhatsApp-Image-2024-02-26-at-12.37.46-642x1024.jpeg 642w, https:\/\/serveiseducatius.xtec.cat\/solsones\/wp-content\/uploads\/usu1176\/2024\/02\/WhatsApp-Image-2024-02-26-at-12.37.46-188x300.jpeg 188w, https:\/\/serveiseducatius.xtec.cat\/solsones\/wp-content\/uploads\/usu1176\/2024\/02\/WhatsApp-Image-2024-02-26-at-12.37.46.jpeg 738w\" sizes=\"auto, (max-width: 642px) 100vw, 642px\" \/><\/a><\/p>\n","protected":false},"excerpt":{"rendered":"<p>Un any m\u00e9s la ZER el Solson\u00e8s ha celebrat les esperades Jornades Liter\u00e0ries amb el seu alumnat i equip docent a les instal\u00b7lacions de la Carral els dies 22 i 23 de febrer. En aquesta 23a edici\u00f3, aquest esdeveniment cultural ha comptat amb la pres\u00e8ncia de la il\u00b7lustradora Roser Calafell que ha realitzat diversos tallers [&hellip;]<\/p>\n","protected":false},"author":1,"featured_media":14955,"comment_status":"closed","ping_status":"closed","sticky":false,"template":"","format":"standard","meta":{"_bbp_topic_count":0,"_bbp_reply_count":0,"_bbp_total_topic_count":0,"_bbp_total_reply_count":0,"_bbp_voice_count":0,"_bbp_anonymous_reply_count":0,"_bbp_topic_count_hidden":0,"_bbp_reply_count_hidden":0,"_bbp_forum_subforum_count":0,"site-sidebar-layout":"default","site-content-layout":"","ast-site-content-layout":"","site-content-style":"default","site-sidebar-style":"default","ast-global-header-display":"","ast-banner-title-visibility":"","ast-main-header-display":"","ast-hfb-above-header-display":"","ast-hfb-below-header-display":"","ast-hfb-mobile-header-display":"","site-post-title":"","ast-breadcrumbs-content":"","ast-featured-img":"","footer-sml-layout":"","theme-transparent-header-meta":"","adv-header-id-meta":"","stick-header-meta":"","header-above-stick-meta":"","header-main-stick-meta":"","header-below-stick-meta":"","astra-migrate-meta-layouts":"default","ast-page-background-enabled":"default","ast-page-background-meta":{"desktop":{"background-color":"var(--ast-global-color-4)","background-image":"","background-repeat":"repeat","background-position":"center center","background-size":"auto","background-attachment":"scroll","background-type":"","background-media":"","overlay-type":"","overlay-color":"","overlay-opacity":"","overlay-gradient":""},"tablet":{"background-color":"","background-image":"","background-repeat":"repeat","background-position":"center center","background-size":"auto","background-attachment":"scroll","background-type":"","background-media":"","overlay-type":"","overlay-color":"","overlay-opacity":"","overlay-gradient":""},"mobile":{"background-color":"","background-image":"","background-repeat":"repeat","background-position":"center center","background-size":"auto","background-attachment":"scroll","background-type":"","background-media":"","overlay-type":"","overlay-color":"","overlay-opacity":"","overlay-gradient":""}},"ast-content-background-meta":{"desktop":{"background-color":"var(--ast-global-color-5)","background-image":"","background-repeat":"repeat","background-position":"center center","background-size":"auto","background-attachment":"scroll","background-type":"","background-media":"","overlay-type":"","overlay-color":"","overlay-opacity":"","overlay-gradient":""},"tablet":{"background-color":"var(--ast-global-color-5)","background-image":"","background-repeat":"repeat","background-position":"center center","background-size":"auto","background-attachment":"scroll","background-type":"","background-media":"","overlay-type":"","overlay-color":"","overlay-opacity":"","overlay-gradient":""},"mobile":{"background-color":"var(--ast-global-color-5)","background-image":"","background-repeat":"repeat","background-position":"center center","background-size":"auto","background-attachment":"scroll","background-type":"","background-media":"","overlay-type":"","overlay-color":"","overlay-opacity":"","overlay-gradient":""}},"footnotes":""},"categories":[325,1,268,269,29,326],"tags":[436,356],"class_list":["post-14945","post","type-post","status-publish","format-standard","has-post-thumbnail","hentry","category-animacio-a-la-lectura","category-general","category-noticies-generals","category-noticies-se","category-portada","category-programa-de-suport-a-leducacio","tag-jornades","tag-zer-el-solsones"],"post_mailing_queue_ids":[],"_links":{"self":[{"href":"https:\/\/serveiseducatius.xtec.cat\/solsones\/wp-json\/wp\/v2\/posts\/14945","targetHints":{"allow":["GET"]}}],"collection":[{"href":"https:\/\/serveiseducatius.xtec.cat\/solsones\/wp-json\/wp\/v2\/posts"}],"about":[{"href":"https:\/\/serveiseducatius.xtec.cat\/solsones\/wp-json\/wp\/v2\/types\/post"}],"author":[{"embeddable":true,"href":"https:\/\/serveiseducatius.xtec.cat\/solsones\/wp-json\/wp\/v2\/users\/1"}],"replies":[{"embeddable":true,"href":"https:\/\/serveiseducatius.xtec.cat\/solsones\/wp-json\/wp\/v2\/comments?post=14945"}],"version-history":[{"count":2,"href":"https:\/\/serveiseducatius.xtec.cat\/solsones\/wp-json\/wp\/v2\/posts\/14945\/revisions"}],"predecessor-version":[{"id":14954,"href":"https:\/\/serveiseducatius.xtec.cat\/solsones\/wp-json\/wp\/v2\/posts\/14945\/revisions\/14954"}],"wp:featuredmedia":[{"embeddable":true,"href":"https:\/\/serveiseducatius.xtec.cat\/solsones\/wp-json\/wp\/v2\/media\/14955"}],"wp:attachment":[{"href":"https:\/\/serveiseducatius.xtec.cat\/solsones\/wp-json\/wp\/v2\/media?parent=14945"}],"wp:term":[{"taxonomy":"category","embeddable":true,"href":"https:\/\/serveiseducatius.xtec.cat\/solsones\/wp-json\/wp\/v2\/categories?post=14945"},{"taxonomy":"post_tag","embeddable":true,"href":"https:\/\/serveiseducatius.xtec.cat\/solsones\/wp-json\/wp\/v2\/tags?post=14945"}],"curies":[{"name":"wp","href":"https:\/\/api.w.org\/{rel}","templated":true}]}}