{"id":14915,"date":"2024-02-20T10:38:55","date_gmt":"2024-02-20T09:38:55","guid":{"rendered":"https:\/\/serveiseducatius.xtec.cat\/solsones\/?p=14915"},"modified":"2024-02-20T10:53:36","modified_gmt":"2024-02-20T09:53:36","slug":"novetat-orientacions-pel-tractament-de-les-competencies-transversals","status":"publish","type":"post","link":"https:\/\/serveiseducatius.xtec.cat\/solsones\/portada\/novetat-orientacions-pel-tractament-de-les-competencies-transversals\/","title":{"rendered":"Novetat: Orientacions pel tractament de les Compet\u00e8ncies transversals"},"content":{"rendered":"<p>&nbsp;<\/p>\n<p>&nbsp;<\/p>\n<p><a href=\"https:\/\/serveiseducatius.xtec.cat\/solsones\/wp-content\/uploads\/usu1176\/2024\/02\/competenciesTransversals-1024x709-1.png\"><img loading=\"lazy\" decoding=\"async\" class=\"wp-image-14916 alignright\" src=\"https:\/\/serveiseducatius.xtec.cat\/solsones\/wp-content\/uploads\/usu1176\/2024\/02\/competenciesTransversals-1024x709-1.png\" alt=\"\" width=\"482\" height=\"334\" srcset=\"https:\/\/serveiseducatius.xtec.cat\/solsones\/wp-content\/uploads\/usu1176\/2024\/02\/competenciesTransversals-1024x709-1.png 1024w, https:\/\/serveiseducatius.xtec.cat\/solsones\/wp-content\/uploads\/usu1176\/2024\/02\/competenciesTransversals-1024x709-1-300x208.png 300w, https:\/\/serveiseducatius.xtec.cat\/solsones\/wp-content\/uploads\/usu1176\/2024\/02\/competenciesTransversals-1024x709-1-768x532.png 768w\" sizes=\"auto, (max-width: 482px) 100vw, 482px\" \/><\/a>Ja s\u2019han publicat les\u00a0<a href=\"https:\/\/projectes.xtec.cat\/nou-curriculum\/general\/orientacions-pel-tractament-de-les-competencies-transversals\/\" target=\"_blank\" rel=\"noopener\" data-saferedirecturl=\"https:\/\/www.google.com\/url?q=https:\/\/projectes.xtec.cat\/nou-curriculum\/general\/orientacions-pel-tractament-de-les-competencies-transversals\/&amp;source=gmail&amp;ust=1708167050803000&amp;usg=AOvVaw02Ehl7mUBbZENUWLBnwDNv\">Orientacions pel tractament de les compet\u00e8ncies transversals<\/a>\u00a0al Nodes del Nou Curr\u00edculum.<\/p>\n<p>El curr\u00edculum de l\u2019educaci\u00f3 b\u00e0sica inclou les compet\u00e8ncies clau que s\u00f3n l\u2019adaptaci\u00f3 de les establertes a la Recomanaci\u00f3 del Consell de la Uni\u00f3 Europea de 22 de maig de 2018, relativa a les compet\u00e8ncies clau per a l\u2019aprenentatge permanent.<\/p>\n<p>D\u2019aquestes, quatre s\u00f3n les compet\u00e8ncies transversals que es treballen des de totes les \u00e0rees, mat\u00e8ries, \u00e0mbits i projectes. A les sessions d\u2019avaluaci\u00f3 finals de segon, quart i sis\u00e8 d\u2019educaci\u00f3 prim\u00e0ria i de segon i quart d\u2019Educaci\u00f3 Secund\u00e0ria Obligat\u00f2ria, l\u2019equip docent ha d\u2019avaluar de forma col\u00b7legiada el grau d\u2019assoliment d\u2019aquestes compet\u00e8ncies:<\/p>\n<ol>\n<li>Compet\u00e8ncia ciutadana<\/li>\n<li>Compet\u00e8ncia emprenedora<\/li>\n<li>Compet\u00e8ncia personal, social i d\u2019aprendre a aprendre<\/li>\n<li>Compet\u00e8ncia digital<\/li>\n<\/ol>\n","protected":false},"excerpt":{"rendered":"<p>&nbsp; &nbsp; Ja s\u2019han publicat les\u00a0Orientacions pel tractament de les compet\u00e8ncies transversals\u00a0al Nodes del Nou Curr\u00edculum. El curr\u00edculum de l\u2019educaci\u00f3 b\u00e0sica inclou les compet\u00e8ncies clau que s\u00f3n l\u2019adaptaci\u00f3 de les establertes a la Recomanaci\u00f3 del Consell de la Uni\u00f3 Europea de 22 de maig de 2018, relativa a les compet\u00e8ncies clau per a l\u2019aprenentatge permanent. [&hellip;]<\/p>\n","protected":false},"author":1,"featured_media":14916,"comment_status":"closed","ping_status":"closed","sticky":false,"template":"","format":"standard","meta":{"_bbp_topic_count":0,"_bbp_reply_count":0,"_bbp_total_topic_count":0,"_bbp_total_reply_count":0,"_bbp_voice_count":0,"_bbp_anonymous_reply_count":0,"_bbp_topic_count_hidden":0,"_bbp_reply_count_hidden":0,"_bbp_forum_subforum_count":0,"site-sidebar-layout":"default","site-content-layout":"","ast-site-content-layout":"","site-content-style":"default","site-sidebar-style":"default","ast-global-header-display":"","ast-banner-title-visibility":"","ast-main-header-display":"","ast-hfb-above-header-display":"","ast-hfb-below-header-display":"","ast-hfb-mobile-header-display":"","site-post-title":"","ast-breadcrumbs-content":"","ast-featured-img":"","footer-sml-layout":"","theme-transparent-header-meta":"","adv-header-id-meta":"","stick-header-meta":"","header-above-stick-meta":"","header-main-stick-meta":"","header-below-stick-meta":"","astra-migrate-meta-layouts":"default","ast-page-background-enabled":"default","ast-page-background-meta":{"desktop":{"background-color":"var(--ast-global-color-4)","background-image":"","background-repeat":"repeat","background-position":"center center","background-size":"auto","background-attachment":"scroll","background-type":"","background-media":"","overlay-type":"","overlay-color":"","overlay-opacity":"","overlay-gradient":""},"tablet":{"background-color":"","background-image":"","background-repeat":"repeat","background-position":"center center","background-size":"auto","background-attachment":"scroll","background-type":"","background-media":"","overlay-type":"","overlay-color":"","overlay-opacity":"","overlay-gradient":""},"mobile":{"background-color":"","background-image":"","background-repeat":"repeat","background-position":"center center","background-size":"auto","background-attachment":"scroll","background-type":"","background-media":"","overlay-type":"","overlay-color":"","overlay-opacity":"","overlay-gradient":""}},"ast-content-background-meta":{"desktop":{"background-color":"var(--ast-global-color-5)","background-image":"","background-repeat":"repeat","background-position":"center center","background-size":"auto","background-attachment":"scroll","background-type":"","background-media":"","overlay-type":"","overlay-color":"","overlay-opacity":"","overlay-gradient":""},"tablet":{"background-color":"var(--ast-global-color-5)","background-image":"","background-repeat":"repeat","background-position":"center center","background-size":"auto","background-attachment":"scroll","background-type":"","background-media":"","overlay-type":"","overlay-color":"","overlay-opacity":"","overlay-gradient":""},"mobile":{"background-color":"var(--ast-global-color-5)","background-image":"","background-repeat":"repeat","background-position":"center center","background-size":"auto","background-attachment":"scroll","background-type":"","background-media":"","overlay-type":"","overlay-color":"","overlay-opacity":"","overlay-gradient":""}},"footnotes":""},"categories":[825,824,29],"tags":[949,880,915],"class_list":["post-14915","post","type-post","status-publish","format-standard","has-post-thumbnail","hentry","category-cdd","category-cultura-digital","category-portada","tag-competencies-transversals","tag-nou-curriculum","tag-xarxa-de-competencies"],"post_mailing_queue_ids":[],"_links":{"self":[{"href":"https:\/\/serveiseducatius.xtec.cat\/solsones\/wp-json\/wp\/v2\/posts\/14915","targetHints":{"allow":["GET"]}}],"collection":[{"href":"https:\/\/serveiseducatius.xtec.cat\/solsones\/wp-json\/wp\/v2\/posts"}],"about":[{"href":"https:\/\/serveiseducatius.xtec.cat\/solsones\/wp-json\/wp\/v2\/types\/post"}],"author":[{"embeddable":true,"href":"https:\/\/serveiseducatius.xtec.cat\/solsones\/wp-json\/wp\/v2\/users\/1"}],"replies":[{"embeddable":true,"href":"https:\/\/serveiseducatius.xtec.cat\/solsones\/wp-json\/wp\/v2\/comments?post=14915"}],"version-history":[{"count":4,"href":"https:\/\/serveiseducatius.xtec.cat\/solsones\/wp-json\/wp\/v2\/posts\/14915\/revisions"}],"predecessor-version":[{"id":14921,"href":"https:\/\/serveiseducatius.xtec.cat\/solsones\/wp-json\/wp\/v2\/posts\/14915\/revisions\/14921"}],"wp:featuredmedia":[{"embeddable":true,"href":"https:\/\/serveiseducatius.xtec.cat\/solsones\/wp-json\/wp\/v2\/media\/14916"}],"wp:attachment":[{"href":"https:\/\/serveiseducatius.xtec.cat\/solsones\/wp-json\/wp\/v2\/media?parent=14915"}],"wp:term":[{"taxonomy":"category","embeddable":true,"href":"https:\/\/serveiseducatius.xtec.cat\/solsones\/wp-json\/wp\/v2\/categories?post=14915"},{"taxonomy":"post_tag","embeddable":true,"href":"https:\/\/serveiseducatius.xtec.cat\/solsones\/wp-json\/wp\/v2\/tags?post=14915"}],"curies":[{"name":"wp","href":"https:\/\/api.w.org\/{rel}","templated":true}]}}