{"id":14911,"date":"2024-02-15T11:00:33","date_gmt":"2024-02-15T10:00:33","guid":{"rendered":"https:\/\/serveiseducatius.xtec.cat\/solsones\/?p=14911"},"modified":"2024-02-15T11:00:33","modified_gmt":"2024-02-15T10:00:33","slug":"situacions-daprenentatge-i-recursos-per-treballar-la-sequera-laigua-no-cau-del-cel","status":"publish","type":"post","link":"https:\/\/serveiseducatius.xtec.cat\/solsones\/portada\/situacions-daprenentatge-i-recursos-per-treballar-la-sequera-laigua-no-cau-del-cel\/","title":{"rendered":"Situacions d&#8217;aprenentatge i recursos per treballar la sequera: L\u2019aigua no cau del cel"},"content":{"rendered":"<p>&nbsp;<\/p>\n<p><a href=\"https:\/\/serveiseducatius.xtec.cat\/solsones\/wp-content\/uploads\/usu1176\/2024\/02\/Captura-3.png\"><img loading=\"lazy\" decoding=\"async\" class=\"wp-image-14912 alignleft\" src=\"https:\/\/serveiseducatius.xtec.cat\/solsones\/wp-content\/uploads\/usu1176\/2024\/02\/Captura-3.png\" alt=\"\" width=\"266\" height=\"243\" srcset=\"https:\/\/serveiseducatius.xtec.cat\/solsones\/wp-content\/uploads\/usu1176\/2024\/02\/Captura-3.png 788w, https:\/\/serveiseducatius.xtec.cat\/solsones\/wp-content\/uploads\/usu1176\/2024\/02\/Captura-3-300x274.png 300w, https:\/\/serveiseducatius.xtec.cat\/solsones\/wp-content\/uploads\/usu1176\/2024\/02\/Captura-3-768x702.png 768w\" sizes=\"auto, (max-width: 266px) 100vw, 266px\" \/><\/a>L\u2019aigua \u00e9s un recurs vital i limitat que necessita ser preservat i utilitzat amb cura. Aquestes situacions d\u2019aprenentatge estan dissenyades espec\u00edficament per tractar la q\u00fcesti\u00f3 de la sequera que ens afronta en les diferents etapes educatives, posant de manifest la import\u00e0ncia de la conservaci\u00f3 de l\u2019aigua i oferint una oportunitat per a la reflexi\u00f3.\u00a0 S\u00f3n exemples concrets de situacions amb un context ben definit i reptes clars, per\u00f2 tamb\u00e9 s\u00f3n prou flexibles per adaptar-se a les particularitats i necessitats de cada centre educatiu. A m\u00e9s, permeten integrar aquesta q\u00fcesti\u00f3 transversalment fomentant aix\u00ed un aprenentatge integral i contextualitzat.<\/p>\n<div>\n<div class=\"entradeta__wrapper\">\n<div class=\"row\">\n<div class=\"basic_text_peq col-xs-12\">\n<div class=\"pd-15x link-dotted\" data-crawling=\"principal-body\">\n<p>&nbsp;<\/p>\n<p>&nbsp;<\/p>\n<p>&nbsp;<\/p>\n<p><strong>Infantil<\/strong><\/p>\n<p><a title=\"Com podem aconseguir aigua per jugar al pati?\" href=\"https:\/\/xtec.gencat.cat\/web\/.content\/recursos\/ccnn\/estalvi-d-aigua\/infantil-com-podem-aconseguir-aigua-per-jugar-al-pati-1.pdf\"><strong>Com podem aconseguir aigua per jugar al pati?<\/strong><\/a><\/p>\n<p>&nbsp;<\/p>\n<p><strong>Educaci\u00f3 prim\u00e0ria i Educaci\u00f3 secund\u00e0ria obligat\u00f2ria<\/strong><\/p>\n<p><a title=\"Com arriba l'aigua a casa i les escoles\" href=\"https:\/\/xtec.gencat.cat\/web\/.content\/recursos\/ccnn\/estalvi-d-aigua\/basica-com-arriba-l-aigua-a-les-cases-i-les-escoles.pdf\"><strong>Com arriba l\u2019aigua a casa i les escoles<\/strong><\/a><\/p>\n<p><strong><a title=\"Restriccions d'aigua\" href=\"https:\/\/xtec.gencat.cat\/web\/.content\/recursos\/ccnn\/estalvi-d-aigua\/basica-restriccions-d-aigua.pdf\">Restriccions d\u2019aigua<\/a><\/strong><\/p>\n<p><strong><a title=\"Sense aigua a l'aixeta\" href=\"https:\/\/xtec.gencat.cat\/web\/.content\/recursos\/ccnn\/estalvi-d-aigua\/basica-sense-aigua-a-l-aixeta.pdf\">Sense aigua a l\u2019aixeta<\/a><\/strong><\/p>\n<p>&nbsp;<\/p>\n<p><strong>Batxillerat<\/strong><\/p>\n<p><a title=\"El clima ens desafia\" href=\"https:\/\/xtec.gencat.cat\/web\/.content\/recursos\/ccnn\/estalvi-d-aigua\/batxillerat-el-clima-ens-desafia.pdf\"><strong>El clima ens desafia<\/strong><\/a><\/p>\n<p><a title=\"La crisi de l'aigua\" href=\"https:\/\/xtec.gencat.cat\/web\/.content\/recursos\/ccnn\/estalvi-d-aigua\/batxillerat-la-crisi-de-l-aigua.pdf\"><strong>La crisi de l\u2019aigua<\/strong><\/a><\/p>\n<p>&nbsp;<\/p>\n<p><strong>Adults<\/strong><\/p>\n<p><a title=\"Fem rajar l'aixeta amb seny\" href=\"https:\/\/xtec.gencat.cat\/web\/.content\/recursos\/ccnn\/estalvi-d-aigua\/adults-fem-rajar-l-aixeta-amb-seny.pdf\"><strong>Fem rajar l\u2019aixeta amb seny<\/strong><\/a><\/p>\n<\/div>\n<\/div>\n<\/div>\n<\/div>\n<\/div>\n","protected":false},"excerpt":{"rendered":"<p>&nbsp; L\u2019aigua \u00e9s un recurs vital i limitat que necessita ser preservat i utilitzat amb cura. Aquestes situacions d\u2019aprenentatge estan dissenyades espec\u00edficament per tractar la q\u00fcesti\u00f3 de la sequera que ens afronta en les diferents etapes educatives, posant de manifest la import\u00e0ncia de la conservaci\u00f3 de l\u2019aigua i oferint una oportunitat per a la reflexi\u00f3.\u00a0 [&hellip;]<\/p>\n","protected":false},"author":1,"featured_media":14912,"comment_status":"closed","ping_status":"closed","sticky":false,"template":"","format":"standard","meta":{"_bbp_topic_count":0,"_bbp_reply_count":0,"_bbp_total_topic_count":0,"_bbp_total_reply_count":0,"_bbp_voice_count":0,"_bbp_anonymous_reply_count":0,"_bbp_topic_count_hidden":0,"_bbp_reply_count_hidden":0,"_bbp_forum_subforum_count":0,"site-sidebar-layout":"default","site-content-layout":"","ast-site-content-layout":"","site-content-style":"default","site-sidebar-style":"default","ast-global-header-display":"","ast-banner-title-visibility":"","ast-main-header-display":"","ast-hfb-above-header-display":"","ast-hfb-below-header-display":"","ast-hfb-mobile-header-display":"","site-post-title":"","ast-breadcrumbs-content":"","ast-featured-img":"","footer-sml-layout":"","theme-transparent-header-meta":"","adv-header-id-meta":"","stick-header-meta":"","header-above-stick-meta":"","header-main-stick-meta":"","header-below-stick-meta":"","astra-migrate-meta-layouts":"default","ast-page-background-enabled":"default","ast-page-background-meta":{"desktop":{"background-color":"var(--ast-global-color-4)","background-image":"","background-repeat":"repeat","background-position":"center center","background-size":"auto","background-attachment":"scroll","background-type":"","background-media":"","overlay-type":"","overlay-color":"","overlay-opacity":"","overlay-gradient":""},"tablet":{"background-color":"","background-image":"","background-repeat":"repeat","background-position":"center center","background-size":"auto","background-attachment":"scroll","background-type":"","background-media":"","overlay-type":"","overlay-color":"","overlay-opacity":"","overlay-gradient":""},"mobile":{"background-color":"","background-image":"","background-repeat":"repeat","background-position":"center center","background-size":"auto","background-attachment":"scroll","background-type":"","background-media":"","overlay-type":"","overlay-color":"","overlay-opacity":"","overlay-gradient":""}},"ast-content-background-meta":{"desktop":{"background-color":"var(--ast-global-color-5)","background-image":"","background-repeat":"repeat","background-position":"center center","background-size":"auto","background-attachment":"scroll","background-type":"","background-media":"","overlay-type":"","overlay-color":"","overlay-opacity":"","overlay-gradient":""},"tablet":{"background-color":"var(--ast-global-color-5)","background-image":"","background-repeat":"repeat","background-position":"center center","background-size":"auto","background-attachment":"scroll","background-type":"","background-media":"","overlay-type":"","overlay-color":"","overlay-opacity":"","overlay-gradient":""},"mobile":{"background-color":"var(--ast-global-color-5)","background-image":"","background-repeat":"repeat","background-position":"center center","background-size":"auto","background-attachment":"scroll","background-type":"","background-media":"","overlay-type":"","overlay-color":"","overlay-opacity":"","overlay-gradient":""}},"footnotes":""},"categories":[29],"tags":[948,352,880,947],"class_list":["post-14911","post","type-post","status-publish","format-standard","has-post-thumbnail","hentry","category-portada","tag-aigua","tag-medi-ambient","tag-nou-curriculum","tag-publicacions-departament"],"post_mailing_queue_ids":[],"_links":{"self":[{"href":"https:\/\/serveiseducatius.xtec.cat\/solsones\/wp-json\/wp\/v2\/posts\/14911","targetHints":{"allow":["GET"]}}],"collection":[{"href":"https:\/\/serveiseducatius.xtec.cat\/solsones\/wp-json\/wp\/v2\/posts"}],"about":[{"href":"https:\/\/serveiseducatius.xtec.cat\/solsones\/wp-json\/wp\/v2\/types\/post"}],"author":[{"embeddable":true,"href":"https:\/\/serveiseducatius.xtec.cat\/solsones\/wp-json\/wp\/v2\/users\/1"}],"replies":[{"embeddable":true,"href":"https:\/\/serveiseducatius.xtec.cat\/solsones\/wp-json\/wp\/v2\/comments?post=14911"}],"version-history":[{"count":2,"href":"https:\/\/serveiseducatius.xtec.cat\/solsones\/wp-json\/wp\/v2\/posts\/14911\/revisions"}],"predecessor-version":[{"id":14914,"href":"https:\/\/serveiseducatius.xtec.cat\/solsones\/wp-json\/wp\/v2\/posts\/14911\/revisions\/14914"}],"wp:featuredmedia":[{"embeddable":true,"href":"https:\/\/serveiseducatius.xtec.cat\/solsones\/wp-json\/wp\/v2\/media\/14912"}],"wp:attachment":[{"href":"https:\/\/serveiseducatius.xtec.cat\/solsones\/wp-json\/wp\/v2\/media?parent=14911"}],"wp:term":[{"taxonomy":"category","embeddable":true,"href":"https:\/\/serveiseducatius.xtec.cat\/solsones\/wp-json\/wp\/v2\/categories?post=14911"},{"taxonomy":"post_tag","embeddable":true,"href":"https:\/\/serveiseducatius.xtec.cat\/solsones\/wp-json\/wp\/v2\/tags?post=14911"}],"curies":[{"name":"wp","href":"https:\/\/api.w.org\/{rel}","templated":true}]}}