{"id":14851,"date":"2023-12-18T10:40:16","date_gmt":"2023-12-18T09:40:16","guid":{"rendered":"https:\/\/serveiseducatius.xtec.cat\/solsones\/?p=14851"},"modified":"2023-12-18T10:45:31","modified_gmt":"2023-12-18T09:45:31","slug":"per-llegir-aquestes-festes-recomanacions-de-lectures","status":"publish","type":"post","link":"https:\/\/serveiseducatius.xtec.cat\/solsones\/portada\/per-llegir-aquestes-festes-recomanacions-de-lectures\/","title":{"rendered":"Per llegir aquestes festes ! Recomanacions de lectures"},"content":{"rendered":"<p><a href=\"https:\/\/serveiseducatius.xtec.cat\/solsones\/wp-content\/uploads\/usu1176\/2023\/12\/coberta-carta-avi-1.jpg\"><img loading=\"lazy\" decoding=\"async\" class=\" wp-image-14852 alignleft\" src=\"https:\/\/serveiseducatius.xtec.cat\/solsones\/wp-content\/uploads\/usu1176\/2023\/12\/coberta-carta-avi-1.jpg\" alt=\"\" width=\"323\" height=\"324\" srcset=\"https:\/\/serveiseducatius.xtec.cat\/solsones\/wp-content\/uploads\/usu1176\/2023\/12\/coberta-carta-avi-1.jpg 1000w, https:\/\/serveiseducatius.xtec.cat\/solsones\/wp-content\/uploads\/usu1176\/2023\/12\/coberta-carta-avi-1-300x300.jpg 300w, https:\/\/serveiseducatius.xtec.cat\/solsones\/wp-content\/uploads\/usu1176\/2023\/12\/coberta-carta-avi-1-150x150.jpg 150w, https:\/\/serveiseducatius.xtec.cat\/solsones\/wp-content\/uploads\/usu1176\/2023\/12\/coberta-carta-avi-1-768x771.jpg 768w\" sizes=\"auto, (max-width: 323px) 100vw, 323px\" \/><\/a>Regalar un llibre, una molt bona opci\u00f3 !!<\/p>\n<p>Aqu\u00ed teniu les recomanacions d\u2019alguns grups de persones expertes.<span id=\"more-21081\"><\/span><\/p>\n<ul>\n<li>El\u00a0<strong>Grup de Treball de Literatura Infantil del Garraf<\/strong>\u00a0han elaborat aquesta\u00a0<a href=\"https:\/\/drive.google.com\/file\/d\/1vCqquepOiLqhxSbN5SQzjk0Zmlg-JOnb\/view?usp=sharing\" target=\"_blank\" rel=\"noopener\">guia<\/a>\u00a0amb algunes recomanacions bibliogr\u00e0fiques destinades a l\u2019alumnat dels diferents cicles d\u2019Educaci\u00f3 Infantil i Prim\u00e0ria.\u00a0En aquest\u00a0<a href=\"https:\/\/serveiseducatius.xtec.cat\/garraf\/biblioteques-escolars-del-garraf\/guies-de-lectura\/\" target=\"_blank\" rel=\"noopener\" data-saferedirecturl=\"https:\/\/www.google.com\/url?q=https:\/\/serveiseducatius.xtec.cat\/garraf\/biblioteques-escolars-del-garraf\/guies-de-lectura\/&amp;source=gmail&amp;ust=1702626927053000&amp;usg=AOvVaw1e002qq7GzMHkgPGoChfDH\">espai web<\/a>\u00a0podreu trobar la\u00a0guia\u00a0d\u2019enguany juntament\u00a0amb les d\u2019altres anys.<\/li>\n<li>El\u00a0<strong>Jaume Centelles<\/strong>\u00a0en el seu blog<a href=\"https:\/\/jaumecentelles.cat\/\" target=\"_blank\" rel=\"noopener\">\u00a0\u201cLa invitaci\u00f3 a la lectura\u201d<\/a>\u00a0tamb\u00e9 ha publicat unes\u00a0<a href=\"https:\/\/jaumecentelles.cat\/2023\/11\/29\/lectures-recomanades-nadal-2023\/\" target=\"_blank\" rel=\"noopener\">recomanacions<\/a>\u00a0per aquest Nadal.<\/li>\n<li><span class=\"css-1qaijid r-bcqeeo r-qvutc0 r-poiln3\"><a href=\"https:\/\/drive.google.com\/file\/d\/1NmyxatWmSAS6KN5Ypm4HN-i4yFcIZD3H\/view?usp=sharing\"><strong>Essencials 0-6<\/strong><\/a>\u00a0\u00e9s la primera d\u2019una s\u00e8rie de guies sobre literatura infantil que permetran accedir amb major i millor coneixement a la literatura.<\/span><\/li>\n<\/ul>\n<p><span class=\"css-1qaijid r-bcqeeo r-qvutc0 r-poiln3\">Creada per\u00a0<\/span><span class=\"r-18u37iz\"><a class=\"css-1qaijid r-bcqeeo r-qvutc0 r-poiln3 r-1loqt21\" dir=\"ltr\" role=\"link\" href=\"https:\/\/twitter.com\/Annitaflickiflo\">@Annitaflickiflo\u00a0<\/a>i\u00a0<\/span><span class=\"r-18u37iz\"><a class=\"css-1qaijid r-bcqeeo r-qvutc0 r-poiln3 r-1loqt21\" dir=\"ltr\" role=\"link\" href=\"https:\/\/twitter.com\/PequenhaciudadP\">@Pequenhaciudad,<\/a><\/span>\u00a0la guia cont\u00e9 \u00e0lbums,\u00a0<span class=\"css-1qaijid r-bcqeeo r-qvutc0 r-poiln3\">poesia, pri<\/span><span class=\"css-1qaijid r-bcqeeo r-qvutc0 r-poiln3\">m<\/span><span class=\"css-1qaijid r-bcqeeo r-qvutc0 r-poiln3\">eres narratives, contes il\u00b7lustrats, c\u00f2mics, imatgiaris i llibres documentals. \u00c9s una selecci\u00f3 d\u2019obres considerades imprescindibles per una primera inf\u00e0ncia.\u00a0<strong>Essencials 0-6<\/strong>, pret\u00e9n ser alhora una eina de selecci\u00f3 i tria per a professionals (pel seu dia a dia en la confecci\u00f3 i manteniment de seccions de qualitat) com una guia inici\u00e0tica per fam\u00edlies que vulguin crear una primera biblioteca personal de qualitat per la canalla.\u00a0<\/span><\/p>\n","protected":false},"excerpt":{"rendered":"<p>Regalar un llibre, una molt bona opci\u00f3 !! Aqu\u00ed teniu les recomanacions d\u2019alguns grups de persones expertes. El\u00a0Grup de Treball de Literatura Infantil del Garraf\u00a0han elaborat aquesta\u00a0guia\u00a0amb algunes recomanacions bibliogr\u00e0fiques destinades a l\u2019alumnat dels diferents cicles d\u2019Educaci\u00f3 Infantil i Prim\u00e0ria.\u00a0En aquest\u00a0espai web\u00a0podreu trobar la\u00a0guia\u00a0d\u2019enguany juntament\u00a0amb les d\u2019altres anys. El\u00a0Jaume Centelles\u00a0en el seu blog\u00a0\u201cLa invitaci\u00f3 a [&hellip;]<\/p>\n","protected":false},"author":1,"featured_media":14852,"comment_status":"closed","ping_status":"closed","sticky":false,"template":"","format":"standard","meta":{"_bbp_topic_count":0,"_bbp_reply_count":0,"_bbp_total_topic_count":0,"_bbp_total_reply_count":0,"_bbp_voice_count":0,"_bbp_anonymous_reply_count":0,"_bbp_topic_count_hidden":0,"_bbp_reply_count_hidden":0,"_bbp_forum_subforum_count":0,"site-sidebar-layout":"default","site-content-layout":"","ast-site-content-layout":"","site-content-style":"default","site-sidebar-style":"default","ast-global-header-display":"","ast-banner-title-visibility":"","ast-main-header-display":"","ast-hfb-above-header-display":"","ast-hfb-below-header-display":"","ast-hfb-mobile-header-display":"","site-post-title":"","ast-breadcrumbs-content":"","ast-featured-img":"","footer-sml-layout":"","theme-transparent-header-meta":"","adv-header-id-meta":"","stick-header-meta":"","header-above-stick-meta":"","header-main-stick-meta":"","header-below-stick-meta":"","astra-migrate-meta-layouts":"default","ast-page-background-enabled":"default","ast-page-background-meta":{"desktop":{"background-color":"var(--ast-global-color-4)","background-image":"","background-repeat":"repeat","background-position":"center center","background-size":"auto","background-attachment":"scroll","background-type":"","background-media":"","overlay-type":"","overlay-color":"","overlay-opacity":"","overlay-gradient":""},"tablet":{"background-color":"","background-image":"","background-repeat":"repeat","background-position":"center center","background-size":"auto","background-attachment":"scroll","background-type":"","background-media":"","overlay-type":"","overlay-color":"","overlay-opacity":"","overlay-gradient":""},"mobile":{"background-color":"","background-image":"","background-repeat":"repeat","background-position":"center center","background-size":"auto","background-attachment":"scroll","background-type":"","background-media":"","overlay-type":"","overlay-color":"","overlay-opacity":"","overlay-gradient":""}},"ast-content-background-meta":{"desktop":{"background-color":"var(--ast-global-color-5)","background-image":"","background-repeat":"repeat","background-position":"center center","background-size":"auto","background-attachment":"scroll","background-type":"","background-media":"","overlay-type":"","overlay-color":"","overlay-opacity":"","overlay-gradient":""},"tablet":{"background-color":"var(--ast-global-color-5)","background-image":"","background-repeat":"repeat","background-position":"center center","background-size":"auto","background-attachment":"scroll","background-type":"","background-media":"","overlay-type":"","overlay-color":"","overlay-opacity":"","overlay-gradient":""},"mobile":{"background-color":"var(--ast-global-color-5)","background-image":"","background-repeat":"repeat","background-position":"center center","background-size":"auto","background-attachment":"scroll","background-type":"","background-media":"","overlay-type":"","overlay-color":"","overlay-opacity":"","overlay-gradient":""}},"footnotes":""},"categories":[280,325,81,64,66,29],"tags":[330,195],"class_list":["post-14851","post","type-post","status-publish","format-standard","has-post-thumbnail","hentry","category-activitats-a-la-biblioteca","category-animacio-a-la-lectura","category-biblioteca-escolar","category-comunitat","category-dinamitzacio","category-portada","tag-animacio-a-la-lectura","tag-competencia-lectora"],"post_mailing_queue_ids":[],"_links":{"self":[{"href":"https:\/\/serveiseducatius.xtec.cat\/solsones\/wp-json\/wp\/v2\/posts\/14851","targetHints":{"allow":["GET"]}}],"collection":[{"href":"https:\/\/serveiseducatius.xtec.cat\/solsones\/wp-json\/wp\/v2\/posts"}],"about":[{"href":"https:\/\/serveiseducatius.xtec.cat\/solsones\/wp-json\/wp\/v2\/types\/post"}],"author":[{"embeddable":true,"href":"https:\/\/serveiseducatius.xtec.cat\/solsones\/wp-json\/wp\/v2\/users\/1"}],"replies":[{"embeddable":true,"href":"https:\/\/serveiseducatius.xtec.cat\/solsones\/wp-json\/wp\/v2\/comments?post=14851"}],"version-history":[{"count":3,"href":"https:\/\/serveiseducatius.xtec.cat\/solsones\/wp-json\/wp\/v2\/posts\/14851\/revisions"}],"predecessor-version":[{"id":14855,"href":"https:\/\/serveiseducatius.xtec.cat\/solsones\/wp-json\/wp\/v2\/posts\/14851\/revisions\/14855"}],"wp:featuredmedia":[{"embeddable":true,"href":"https:\/\/serveiseducatius.xtec.cat\/solsones\/wp-json\/wp\/v2\/media\/14852"}],"wp:attachment":[{"href":"https:\/\/serveiseducatius.xtec.cat\/solsones\/wp-json\/wp\/v2\/media?parent=14851"}],"wp:term":[{"taxonomy":"category","embeddable":true,"href":"https:\/\/serveiseducatius.xtec.cat\/solsones\/wp-json\/wp\/v2\/categories?post=14851"},{"taxonomy":"post_tag","embeddable":true,"href":"https:\/\/serveiseducatius.xtec.cat\/solsones\/wp-json\/wp\/v2\/tags?post=14851"}],"curies":[{"name":"wp","href":"https:\/\/api.w.org\/{rel}","templated":true}]}}