{"id":14462,"date":"2023-06-07T12:15:22","date_gmt":"2023-06-07T10:15:22","guid":{"rendered":"https:\/\/serveiseducatius.xtec.cat\/solsones\/?p=14462"},"modified":"2023-06-07T12:15:22","modified_gmt":"2023-06-07T10:15:22","slug":"jornades-de-portes-obertes-per-a-docents","status":"publish","type":"post","link":"https:\/\/serveiseducatius.xtec.cat\/solsones\/portada\/jornades-de-portes-obertes-per-a-docents\/","title":{"rendered":"Jornades de portes obertes per a docents"},"content":{"rendered":"<p style=\"text-align: center;\">Des de l\u2019oficina de turisme de Bag\u00e0, ens conviden a les jornades de portes obertes per a docents on ens mostraran els recursos per a escolars de la Vila de Bag\u00e0.<br \/>\nEn aquestes jornades es podran visitar les instal\u00b7lacions del Palau de Pin\u00f3s, gaudir d\u2019una visita guiada pel nucli antic de la Vila de Bag\u00e0 i rebre informaci\u00f3 de les activitats complement\u00e0ries. Tamb\u00e9 informaran d\u2019altres recursos tur\u00edstics de la nostra comarca que recomanen visitar amb les escoles.<br \/>\nL\u2019activitat s\u2019iniciar\u00e0 al pati d\u2019armes del Palau dels Pin\u00f3s, tindr\u00e0 una durada d\u2019una hora i mitja, i finalitzar\u00e0 a l\u2019esgl\u00e9sia de Sant Esteve.<br \/>\n<strong>Les jornades es portaran a terme els diumenges 18 i 25 de juny a les 12:00.<\/strong><br \/>\n<strong>Cal inscripci\u00f3 pr\u00e8via enviant un correu a turismebaga@gmail.com.<\/strong><\/p>\n<p><a href=\"https:\/\/serveiseducatius.xtec.cat\/solsones\/wp-content\/uploads\/usu1176\/2023\/06\/Portes-obertes-a-Baga-1-e1686129696976.jpg\"><img loading=\"lazy\" decoding=\"async\" class=\"size-full wp-image-14463 aligncenter\" src=\"https:\/\/serveiseducatius.xtec.cat\/solsones\/wp-content\/uploads\/usu1176\/2023\/06\/Portes-obertes-a-Baga-1-e1686129696976.jpg\" alt=\"\" width=\"500\" height=\"500\" srcset=\"https:\/\/serveiseducatius.xtec.cat\/solsones\/wp-content\/uploads\/usu1176\/2023\/06\/Portes-obertes-a-Baga-1-e1686129696976.jpg 500w, https:\/\/serveiseducatius.xtec.cat\/solsones\/wp-content\/uploads\/usu1176\/2023\/06\/Portes-obertes-a-Baga-1-e1686129696976-300x300.jpg 300w, https:\/\/serveiseducatius.xtec.cat\/solsones\/wp-content\/uploads\/usu1176\/2023\/06\/Portes-obertes-a-Baga-1-e1686129696976-150x150.jpg 150w\" sizes=\"auto, (max-width: 500px) 100vw, 500px\" \/><\/a><\/p>\n","protected":false},"excerpt":{"rendered":"<p>Des de l\u2019oficina de turisme de Bag\u00e0, ens conviden a les jornades de portes obertes per a docents on ens mostraran els recursos per a escolars de la Vila de Bag\u00e0. En aquestes jornades es podran visitar les instal\u00b7lacions del Palau de Pin\u00f3s, gaudir d\u2019una visita guiada pel nucli antic de la Vila de Bag\u00e0 [&hellip;]<\/p>\n","protected":false},"author":1,"featured_media":14463,"comment_status":"closed","ping_status":"closed","sticky":false,"template":"","format":"standard","meta":{"_bbp_topic_count":0,"_bbp_reply_count":0,"_bbp_total_topic_count":0,"_bbp_total_reply_count":0,"_bbp_voice_count":0,"_bbp_anonymous_reply_count":0,"_bbp_topic_count_hidden":0,"_bbp_reply_count_hidden":0,"_bbp_forum_subforum_count":0,"site-sidebar-layout":"default","site-content-layout":"","ast-site-content-layout":"","site-content-style":"default","site-sidebar-style":"default","ast-global-header-display":"","ast-banner-title-visibility":"","ast-main-header-display":"","ast-hfb-above-header-display":"","ast-hfb-below-header-display":"","ast-hfb-mobile-header-display":"","site-post-title":"","ast-breadcrumbs-content":"","ast-featured-img":"","footer-sml-layout":"","theme-transparent-header-meta":"","adv-header-id-meta":"","stick-header-meta":"","header-above-stick-meta":"","header-main-stick-meta":"","header-below-stick-meta":"","astra-migrate-meta-layouts":"default","ast-page-background-enabled":"default","ast-page-background-meta":{"desktop":{"background-color":"var(--ast-global-color-4)","background-image":"","background-repeat":"repeat","background-position":"center center","background-size":"auto","background-attachment":"scroll","background-type":"","background-media":"","overlay-type":"","overlay-color":"","overlay-opacity":"","overlay-gradient":""},"tablet":{"background-color":"","background-image":"","background-repeat":"repeat","background-position":"center center","background-size":"auto","background-attachment":"scroll","background-type":"","background-media":"","overlay-type":"","overlay-color":"","overlay-opacity":"","overlay-gradient":""},"mobile":{"background-color":"","background-image":"","background-repeat":"repeat","background-position":"center center","background-size":"auto","background-attachment":"scroll","background-type":"","background-media":"","overlay-type":"","overlay-color":"","overlay-opacity":"","overlay-gradient":""}},"ast-content-background-meta":{"desktop":{"background-color":"var(--ast-global-color-5)","background-image":"","background-repeat":"repeat","background-position":"center center","background-size":"auto","background-attachment":"scroll","background-type":"","background-media":"","overlay-type":"","overlay-color":"","overlay-opacity":"","overlay-gradient":""},"tablet":{"background-color":"var(--ast-global-color-5)","background-image":"","background-repeat":"repeat","background-position":"center center","background-size":"auto","background-attachment":"scroll","background-type":"","background-media":"","overlay-type":"","overlay-color":"","overlay-opacity":"","overlay-gradient":""},"mobile":{"background-color":"var(--ast-global-color-5)","background-image":"","background-repeat":"repeat","background-position":"center center","background-size":"auto","background-attachment":"scroll","background-type":"","background-media":"","overlay-type":"","overlay-color":"","overlay-opacity":"","overlay-gradient":""}},"footnotes":""},"categories":[66,235,29],"tags":[],"class_list":["post-14462","post","type-post","status-publish","format-standard","has-post-thumbnail","hentry","category-dinamitzacio","category-formacio_ins","category-portada"],"post_mailing_queue_ids":[],"_links":{"self":[{"href":"https:\/\/serveiseducatius.xtec.cat\/solsones\/wp-json\/wp\/v2\/posts\/14462","targetHints":{"allow":["GET"]}}],"collection":[{"href":"https:\/\/serveiseducatius.xtec.cat\/solsones\/wp-json\/wp\/v2\/posts"}],"about":[{"href":"https:\/\/serveiseducatius.xtec.cat\/solsones\/wp-json\/wp\/v2\/types\/post"}],"author":[{"embeddable":true,"href":"https:\/\/serveiseducatius.xtec.cat\/solsones\/wp-json\/wp\/v2\/users\/1"}],"replies":[{"embeddable":true,"href":"https:\/\/serveiseducatius.xtec.cat\/solsones\/wp-json\/wp\/v2\/comments?post=14462"}],"version-history":[{"count":2,"href":"https:\/\/serveiseducatius.xtec.cat\/solsones\/wp-json\/wp\/v2\/posts\/14462\/revisions"}],"predecessor-version":[{"id":14465,"href":"https:\/\/serveiseducatius.xtec.cat\/solsones\/wp-json\/wp\/v2\/posts\/14462\/revisions\/14465"}],"wp:featuredmedia":[{"embeddable":true,"href":"https:\/\/serveiseducatius.xtec.cat\/solsones\/wp-json\/wp\/v2\/media\/14463"}],"wp:attachment":[{"href":"https:\/\/serveiseducatius.xtec.cat\/solsones\/wp-json\/wp\/v2\/media?parent=14462"}],"wp:term":[{"taxonomy":"category","embeddable":true,"href":"https:\/\/serveiseducatius.xtec.cat\/solsones\/wp-json\/wp\/v2\/categories?post=14462"},{"taxonomy":"post_tag","embeddable":true,"href":"https:\/\/serveiseducatius.xtec.cat\/solsones\/wp-json\/wp\/v2\/tags?post=14462"}],"curies":[{"name":"wp","href":"https:\/\/api.w.org\/{rel}","templated":true}]}}