{"id":14297,"date":"2023-02-15T16:52:31","date_gmt":"2023-02-15T15:52:31","guid":{"rendered":"https:\/\/serveiseducatius.xtec.cat\/solsones\/?p=14297"},"modified":"2023-02-15T16:52:31","modified_gmt":"2023-02-15T15:52:31","slug":"aprovacio-del-decret-dordenacio-dels-ensenyaments-de-leducacio-infantil","status":"publish","type":"post","link":"https:\/\/serveiseducatius.xtec.cat\/solsones\/portada\/aprovacio-del-decret-dordenacio-dels-ensenyaments-de-leducacio-infantil\/","title":{"rendered":"Aprovaci\u00f3 del Decret d\u2019ordenaci\u00f3 dels ensenyaments de l\u2019educaci\u00f3 infantil"},"content":{"rendered":"<p style=\"text-align: justify;\"><a href=\"https:\/\/serveiseducatius.xtec.cat\/solsones\/wp-content\/uploads\/usu1176\/2016\/11\/3d1.png\"><img loading=\"lazy\" decoding=\"async\" class=\" wp-image-8811 alignleft\" src=\"https:\/\/serveiseducatius.xtec.cat\/solsones\/wp-content\/uploads\/usu1176\/2016\/11\/3d1-300x194.png\" alt=\"\" width=\"238\" height=\"154\" srcset=\"https:\/\/serveiseducatius.xtec.cat\/solsones\/wp-content\/uploads\/usu1176\/2016\/11\/3d1-300x194.png 300w, https:\/\/serveiseducatius.xtec.cat\/solsones\/wp-content\/uploads\/usu1176\/2016\/11\/3d1.png 500w\" sizes=\"auto, (max-width: 238px) 100vw, 238px\" \/><\/a>El Govern va aprovar el\u00a0<a href=\"https:\/\/portaldogc.gencat.cat\/utilsEADOP\/PDF\/8851\/1955221.pdf\" target=\"_blank\" rel=\"noopener\">Decret d\u2019ordenaci\u00f3 dels ensenyaments de l\u2019educaci\u00f3 infantil,<\/a>\u00a0que inclou els dos cicles d\u2019aquesta etapa (de 0 a 3 anys i de 3 a 6 anys). Amb aquesta normativa, es culmina la nova ordenaci\u00f3 de totes les etapes educatives, ja que fa pocs mesos es va aprovar els decrets dels ensenyaments de batxillerat i de l\u2019educaci\u00f3 b\u00e0sica (prim\u00e0ria i ESO).<\/p>\n<p style=\"text-align: justify;\">Les principals novetats s\u00f3n:<\/p>\n<ul style=\"text-align: justify;\">\n<li>Curr\u00edculum competencial<\/li>\n<li>Incorpora la coeducaci\u00f3 i l\u2019educaci\u00f3 afectivosexual.<\/li>\n<li>Per primera vegada, presenta el 0-6 com una etapa educativa \u00fanica.<\/li>\n<\/ul>\n<p style=\"text-align: justify;\">El curr\u00edculum posa l\u2019infant al centre de les decisions i el desenvolupament de les seves capacitats, i el reconeix com el protagonista del seu propi aprenentatge i del grup al qual pertany.<\/p>\n<p style=\"text-align: justify;\">S\u2019organitza en quatre eixos:<\/p>\n<ul style=\"text-align: justify;\">\n<li>Un infant que creix amb autonomia i confian\u00e7a.<\/li>\n<li>Es comunica amb diferents llenguatges.<\/li>\n<li>Descobreix l\u2019entorn amb curiositat.<\/li>\n<li>Forma part de la diversitat del mon que l\u2019envolta.<\/li>\n<\/ul>\n<p style=\"text-align: justify;\">El\u00a0<a href=\"https:\/\/portaldogc.gencat.cat\/utilsEADOP\/PDF\/8851\/1955221.pdf\" target=\"_blank\" rel=\"noopener\">decret<\/a>\u00a0tamb\u00e9 recull l\u2019acompanyament de les fam\u00edlies i facilita que puguin formar part de la vida de l\u2019escola per convertir-la en un espai d\u2019educaci\u00f3 comunit\u00e0ria.<\/p>\n","protected":false},"excerpt":{"rendered":"<p>El Govern va aprovar el\u00a0Decret d\u2019ordenaci\u00f3 dels ensenyaments de l\u2019educaci\u00f3 infantil,\u00a0que inclou els dos cicles d\u2019aquesta etapa (de 0 a 3 anys i de 3 a 6 anys). Amb aquesta normativa, es culmina la nova ordenaci\u00f3 de totes les etapes educatives, ja que fa pocs mesos es va aprovar els decrets dels ensenyaments de batxillerat [&hellip;]<\/p>\n","protected":false},"author":1,"featured_media":10165,"comment_status":"closed","ping_status":"closed","sticky":false,"template":"","format":"standard","meta":{"_bbp_topic_count":0,"_bbp_reply_count":0,"_bbp_total_topic_count":0,"_bbp_total_reply_count":0,"_bbp_voice_count":0,"_bbp_anonymous_reply_count":0,"_bbp_topic_count_hidden":0,"_bbp_reply_count_hidden":0,"_bbp_forum_subforum_count":0,"site-sidebar-layout":"default","site-content-layout":"","ast-site-content-layout":"","site-content-style":"default","site-sidebar-style":"default","ast-global-header-display":"","ast-banner-title-visibility":"","ast-main-header-display":"","ast-hfb-above-header-display":"","ast-hfb-below-header-display":"","ast-hfb-mobile-header-display":"","site-post-title":"","ast-breadcrumbs-content":"","ast-featured-img":"","footer-sml-layout":"","theme-transparent-header-meta":"","adv-header-id-meta":"","stick-header-meta":"","header-above-stick-meta":"","header-main-stick-meta":"","header-below-stick-meta":"","astra-migrate-meta-layouts":"default","ast-page-background-enabled":"default","ast-page-background-meta":{"desktop":{"background-color":"var(--ast-global-color-4)","background-image":"","background-repeat":"repeat","background-position":"center center","background-size":"auto","background-attachment":"scroll","background-type":"","background-media":"","overlay-type":"","overlay-color":"","overlay-opacity":"","overlay-gradient":""},"tablet":{"background-color":"","background-image":"","background-repeat":"repeat","background-position":"center center","background-size":"auto","background-attachment":"scroll","background-type":"","background-media":"","overlay-type":"","overlay-color":"","overlay-opacity":"","overlay-gradient":""},"mobile":{"background-color":"","background-image":"","background-repeat":"repeat","background-position":"center center","background-size":"auto","background-attachment":"scroll","background-type":"","background-media":"","overlay-type":"","overlay-color":"","overlay-opacity":"","overlay-gradient":""}},"ast-content-background-meta":{"desktop":{"background-color":"var(--ast-global-color-5)","background-image":"","background-repeat":"repeat","background-position":"center center","background-size":"auto","background-attachment":"scroll","background-type":"","background-media":"","overlay-type":"","overlay-color":"","overlay-opacity":"","overlay-gradient":""},"tablet":{"background-color":"var(--ast-global-color-5)","background-image":"","background-repeat":"repeat","background-position":"center center","background-size":"auto","background-attachment":"scroll","background-type":"","background-media":"","overlay-type":"","overlay-color":"","overlay-opacity":"","overlay-gradient":""},"mobile":{"background-color":"var(--ast-global-color-5)","background-image":"","background-repeat":"repeat","background-position":"center center","background-size":"auto","background-attachment":"scroll","background-type":"","background-media":"","overlay-type":"","overlay-color":"","overlay-opacity":"","overlay-gradient":""}},"footnotes":""},"categories":[858,29],"tags":[163,880],"class_list":["post-14297","post","type-post","status-publish","format-standard","has-post-thumbnail","hentry","category-innovacio","category-portada","tag-educacio-infantil","tag-nou-curriculum"],"post_mailing_queue_ids":[],"_links":{"self":[{"href":"https:\/\/serveiseducatius.xtec.cat\/solsones\/wp-json\/wp\/v2\/posts\/14297","targetHints":{"allow":["GET"]}}],"collection":[{"href":"https:\/\/serveiseducatius.xtec.cat\/solsones\/wp-json\/wp\/v2\/posts"}],"about":[{"href":"https:\/\/serveiseducatius.xtec.cat\/solsones\/wp-json\/wp\/v2\/types\/post"}],"author":[{"embeddable":true,"href":"https:\/\/serveiseducatius.xtec.cat\/solsones\/wp-json\/wp\/v2\/users\/1"}],"replies":[{"embeddable":true,"href":"https:\/\/serveiseducatius.xtec.cat\/solsones\/wp-json\/wp\/v2\/comments?post=14297"}],"version-history":[{"count":3,"href":"https:\/\/serveiseducatius.xtec.cat\/solsones\/wp-json\/wp\/v2\/posts\/14297\/revisions"}],"predecessor-version":[{"id":14301,"href":"https:\/\/serveiseducatius.xtec.cat\/solsones\/wp-json\/wp\/v2\/posts\/14297\/revisions\/14301"}],"wp:featuredmedia":[{"embeddable":true,"href":"https:\/\/serveiseducatius.xtec.cat\/solsones\/wp-json\/wp\/v2\/media\/10165"}],"wp:attachment":[{"href":"https:\/\/serveiseducatius.xtec.cat\/solsones\/wp-json\/wp\/v2\/media?parent=14297"}],"wp:term":[{"taxonomy":"category","embeddable":true,"href":"https:\/\/serveiseducatius.xtec.cat\/solsones\/wp-json\/wp\/v2\/categories?post=14297"},{"taxonomy":"post_tag","embeddable":true,"href":"https:\/\/serveiseducatius.xtec.cat\/solsones\/wp-json\/wp\/v2\/tags?post=14297"}],"curies":[{"name":"wp","href":"https:\/\/api.w.org\/{rel}","templated":true}]}}