{"id":14225,"date":"2023-01-09T13:15:35","date_gmt":"2023-01-09T12:15:35","guid":{"rendered":"https:\/\/serveiseducatius.xtec.cat\/solsones\/?p=14225"},"modified":"2023-01-09T13:15:35","modified_gmt":"2023-01-09T12:15:35","slug":"3-noves-guies-pedagogiques-i-experiencies-daula-deducacio-per-la-pau-i-la-justicia-global-des-del-pensament-critic","status":"publish","type":"post","link":"https:\/\/serveiseducatius.xtec.cat\/solsones\/general\/3-noves-guies-pedagogiques-i-experiencies-daula-deducacio-per-la-pau-i-la-justicia-global-des-del-pensament-critic\/","title":{"rendered":"3 noves guies pedag\u00f2giques i experi\u00e8ncies d\u2019aula d\u2019educaci\u00f3 per la pau i la just\u00edcia global des del pensament cr\u00edtic"},"content":{"rendered":"<p><a href=\"https:\/\/serveiseducatius.xtec.cat\/solsones\/wp-content\/uploads\/usu1176\/2023\/01\/cultupau-212x300-1.png\"><img loading=\"lazy\" decoding=\"async\" class=\"size-full wp-image-14226 aligncenter\" src=\"https:\/\/serveiseducatius.xtec.cat\/solsones\/wp-content\/uploads\/usu1176\/2023\/01\/cultupau-212x300-1.png\" alt=\"\" width=\"212\" height=\"300\" \/><\/a><\/p>\n<p>&nbsp;<\/p>\n<p>Des de l\u2019<a href=\"https:\/\/escolapau.uab.cat\/ca\/inicio\/\" target=\"_blank\" rel=\"noopener\">Escola de Cultura de Pau de la UAB<\/a>\u00a0han elaborat\u00a0<strong>3 noves guies did\u00e0ctiques<\/strong>, recollides en la col\u00b7lecci\u00f3 Experi\u00e8ncies de pensament cr\u00edtic, on expliquen <strong>tres experi\u00e8ncies d\u2019educaci\u00f3 per la pau i la just\u00edcia global des del pensament cr\u00edtic a l\u2019aula<\/strong>\u00a0realitzades el curs 2021-2022 i sistematitzades.<\/p>\n<p><a href=\"https:\/\/escolapau.uab.cat\/wp-content\/uploads\/2022\/12\/GUIA_Camvi_01.pdf\" target=\"_blank\" rel=\"noopener\">Conflictes armats i ecofeminisme. Guia pedag\u00f2gica i experi\u00e8ncia d\u2019aula<\/a>. Escola Torres Jonama.<\/p>\n<p><a href=\"https:\/\/escolapau.uab.cat\/wp-content\/uploads\/2022\/12\/GUIA_Camvi_02.pdf\" target=\"_blank\" rel=\"noopener\">La Gran Guerra. Conflictes armats i dimensi\u00f3 de g\u00e8nere en temps de pand\u00e8mia.\u00a0Guia pedag\u00f2gica i experi\u00e8ncia d\u2019aula<\/a>.\u00a0\u00a0INS Ca\u2019n Oriach.<\/p>\n<p><a href=\"https:\/\/escolapau.uab.cat\/wp-content\/uploads\/2022\/12\/GUIA_Camvi_03.pdf\" target=\"_blank\" rel=\"noopener\">Projecte Refugi. Conflictes armats, despla\u00e7ament for\u00e7at i pand\u00e8mia. Guia pedag\u00f2gica i experi\u00e8ncia d\u2019aula<\/a>. IE Sant Esteve.<\/p>\n<div class=\"addtoany_share_save_container addtoany_content addtoany_content_bottom\">\n<div class=\"a2a_kit a2a_kit_size_25 addtoany_list\" data-a2a-url=\"https:\/\/serveiseducatius.xtec.cat\/lescorts\/portada\/3-noves-guies-pedagogiques-i-experiencies-daula-deducacio-per-la-pau-i-la-justicia-global-des-del-pensament-critic\/\" data-a2a-title=\"3 noves guies pedag\u00f2giques i experi\u00e8ncies d\u2019aula d\u2019educaci\u00f3 per la pau i la just\u00edcia global des del pensament cr\u00edtic\"><\/div>\n<\/div>\n","protected":false},"excerpt":{"rendered":"<p>&nbsp; Des de l\u2019Escola de Cultura de Pau de la UAB\u00a0han elaborat\u00a03 noves guies did\u00e0ctiques, recollides en la col\u00b7lecci\u00f3 Experi\u00e8ncies de pensament cr\u00edtic, on expliquen tres experi\u00e8ncies d\u2019educaci\u00f3 per la pau i la just\u00edcia global des del pensament cr\u00edtic a l\u2019aula\u00a0realitzades el curs 2021-2022 i sistematitzades. Conflictes armats i ecofeminisme. Guia pedag\u00f2gica i experi\u00e8ncia d\u2019aula. [&hellip;]<\/p>\n","protected":false},"author":1,"featured_media":14226,"comment_status":"closed","ping_status":"closed","sticky":false,"template":"","format":"standard","meta":{"_bbp_topic_count":0,"_bbp_reply_count":0,"_bbp_total_topic_count":0,"_bbp_total_reply_count":0,"_bbp_voice_count":0,"_bbp_anonymous_reply_count":0,"_bbp_topic_count_hidden":0,"_bbp_reply_count_hidden":0,"_bbp_forum_subforum_count":0,"site-sidebar-layout":"default","site-content-layout":"","ast-site-content-layout":"","site-content-style":"default","site-sidebar-style":"default","ast-global-header-display":"","ast-banner-title-visibility":"","ast-main-header-display":"","ast-hfb-above-header-display":"","ast-hfb-below-header-display":"","ast-hfb-mobile-header-display":"","site-post-title":"","ast-breadcrumbs-content":"","ast-featured-img":"","footer-sml-layout":"","theme-transparent-header-meta":"","adv-header-id-meta":"","stick-header-meta":"","header-above-stick-meta":"","header-main-stick-meta":"","header-below-stick-meta":"","astra-migrate-meta-layouts":"default","ast-page-background-enabled":"default","ast-page-background-meta":{"desktop":{"background-color":"var(--ast-global-color-4)","background-image":"","background-repeat":"repeat","background-position":"center center","background-size":"auto","background-attachment":"scroll","background-type":"","background-media":"","overlay-type":"","overlay-color":"","overlay-opacity":"","overlay-gradient":""},"tablet":{"background-color":"","background-image":"","background-repeat":"repeat","background-position":"center center","background-size":"auto","background-attachment":"scroll","background-type":"","background-media":"","overlay-type":"","overlay-color":"","overlay-opacity":"","overlay-gradient":""},"mobile":{"background-color":"","background-image":"","background-repeat":"repeat","background-position":"center center","background-size":"auto","background-attachment":"scroll","background-type":"","background-media":"","overlay-type":"","overlay-color":"","overlay-opacity":"","overlay-gradient":""}},"ast-content-background-meta":{"desktop":{"background-color":"var(--ast-global-color-5)","background-image":"","background-repeat":"repeat","background-position":"center center","background-size":"auto","background-attachment":"scroll","background-type":"","background-media":"","overlay-type":"","overlay-color":"","overlay-opacity":"","overlay-gradient":""},"tablet":{"background-color":"var(--ast-global-color-5)","background-image":"","background-repeat":"repeat","background-position":"center center","background-size":"auto","background-attachment":"scroll","background-type":"","background-media":"","overlay-type":"","overlay-color":"","overlay-opacity":"","overlay-gradient":""},"mobile":{"background-color":"var(--ast-global-color-5)","background-image":"","background-repeat":"repeat","background-position":"center center","background-size":"auto","background-attachment":"scroll","background-type":"","background-media":"","overlay-type":"","overlay-color":"","overlay-opacity":"","overlay-gradient":""}},"footnotes":""},"categories":[63,1,29,76],"tags":[857,891,890],"class_list":["post-14225","post","type-post","status-publish","format-standard","has-post-thumbnail","hentry","category-catalegs-tematics","category-general","category-portada","category-recursos","tag-educacio-per-la-pau","tag-guies-didactiques","tag-pensament-critic"],"post_mailing_queue_ids":[],"_links":{"self":[{"href":"https:\/\/serveiseducatius.xtec.cat\/solsones\/wp-json\/wp\/v2\/posts\/14225","targetHints":{"allow":["GET"]}}],"collection":[{"href":"https:\/\/serveiseducatius.xtec.cat\/solsones\/wp-json\/wp\/v2\/posts"}],"about":[{"href":"https:\/\/serveiseducatius.xtec.cat\/solsones\/wp-json\/wp\/v2\/types\/post"}],"author":[{"embeddable":true,"href":"https:\/\/serveiseducatius.xtec.cat\/solsones\/wp-json\/wp\/v2\/users\/1"}],"replies":[{"embeddable":true,"href":"https:\/\/serveiseducatius.xtec.cat\/solsones\/wp-json\/wp\/v2\/comments?post=14225"}],"version-history":[{"count":1,"href":"https:\/\/serveiseducatius.xtec.cat\/solsones\/wp-json\/wp\/v2\/posts\/14225\/revisions"}],"predecessor-version":[{"id":14227,"href":"https:\/\/serveiseducatius.xtec.cat\/solsones\/wp-json\/wp\/v2\/posts\/14225\/revisions\/14227"}],"wp:featuredmedia":[{"embeddable":true,"href":"https:\/\/serveiseducatius.xtec.cat\/solsones\/wp-json\/wp\/v2\/media\/14226"}],"wp:attachment":[{"href":"https:\/\/serveiseducatius.xtec.cat\/solsones\/wp-json\/wp\/v2\/media?parent=14225"}],"wp:term":[{"taxonomy":"category","embeddable":true,"href":"https:\/\/serveiseducatius.xtec.cat\/solsones\/wp-json\/wp\/v2\/categories?post=14225"},{"taxonomy":"post_tag","embeddable":true,"href":"https:\/\/serveiseducatius.xtec.cat\/solsones\/wp-json\/wp\/v2\/tags?post=14225"}],"curies":[{"name":"wp","href":"https:\/\/api.w.org\/{rel}","templated":true}]}}