{"id":14047,"date":"2022-09-16T14:04:46","date_gmt":"2022-09-16T12:04:46","guid":{"rendered":"https:\/\/serveiseducatius.xtec.cat\/solsones\/?p=14047"},"modified":"2022-09-19T10:44:42","modified_gmt":"2022-09-19T08:44:42","slug":"xarxa-territorial-de-cultura-digital-2022-2023","status":"publish","type":"post","link":"https:\/\/serveiseducatius.xtec.cat\/solsones\/general\/xarxa-territorial-de-cultura-digital-2022-2023\/","title":{"rendered":"Xarxa Territorial de Cultura Digital 2022-2023"},"content":{"rendered":"<p>El 15 de setembre de 2022 a <strong>2\/4 de 6 de la tarda<\/strong> es va fer la <a href=\"https:\/\/projectes.xtec.cat\/xtcd\/\" target=\"_blank\" rel=\"noopener\"><strong>presentaci\u00f3 de la XTCD\u00a0<\/strong><\/a><strong>2022-23\u00a0<\/strong>i de les subxarxes corresponents (CDD, EDC CDC).<\/p>\n<p><a href=\"https:\/\/www.youtube.com\/watch?v=LVpFWB_g2Jw\"><img loading=\"lazy\" decoding=\"async\" class=\"alignleft wp-image-14048 size-full\" src=\"https:\/\/serveiseducatius.xtec.cat\/solsones\/wp-content\/uploads\/usu1176\/2022\/09\/xtcd-300x177-1.png\" alt=\"\" width=\"300\" height=\"177\" \/><\/a><\/p>\n<p>&nbsp;<\/p>\n<p>&nbsp;<\/p>\n<p>&nbsp;<\/p>\n<p>&nbsp;<\/p>\n<p>&nbsp;<\/p>\n<p>Enlla\u00e7 a les propostes formatives de l\u2019\u00c0rea de Cultura Digital, centralitzades i territorialitzades, per a aquest curs 2022-23.<\/p>\n<p><strong><span id=\"m_-5324871846255015436m_-7022579782909049922m_-2330504309205303584gmail-m_9020843376358563197m_3300685245519316458gmail-docs-internal-guid-dcc820d4-7fff-3a2d-1464-32125296a915\"><a href=\"http:\/\/xtec.gencat.cat\/ca\/formacio\/formaciogeneralprofessorat\/cultura-digital\/planificacio-oferta-formativa-modalitats\/capsules-formatives-i-itineraris\/\" target=\"_blank\" rel=\"noopener\">C\u00e0psules formatives i itineraris<\/a><br \/>\n<\/span><a href=\"http:\/\/xtec.gencat.cat\/ca\/formacio\/formaciogeneralprofessorat\/cultura-digital\/planificacio-oferta-formativa-modalitats\/cursostelematics\/\" target=\"_blank\" rel=\"noopener\">Cursos telem\u00e0tics<\/a><\/strong><\/p>\n<table style=\"width: 47.6334%; height: 76px;\" border=\"0\" width=\"675\" cellspacing=\"2\" cellpadding=\"0\">\n<tbody>\n<tr style=\"height: 26px;\">\n<td style=\"width: 92px; height: 26px;\" valign=\"TOP\"><strong><span style=\"font-family: arial, helvetica, geneva; font-size: small;\">9001000529<\/span><\/strong><\/td>\n<td style=\"width: 575px; height: 26px;\" valign=\"TOP\"><span style=\"font-family: arial, helvetica, geneva; font-size: small;\"><b><a href=\"https:\/\/aplicacions.gestioeducativa.gencat.cat\/pls\/soloas\/pk_for_mod_ins.p_for_detall_activitat?p_header=Llista%20d%27activitats^pk_for_mod_ins.p_for_cons_activitats?p_tipus_act=ADMO,MXPC,ADWS,CHMB,APII,CIBE,APDC,AINF,SCIN,JCIN,LNKT,FTA2,FTB1,CHCP,FNCL,REXE,ADNO,DSKU%26p_totes=S%26p_inici=1%26p_excloure_crp_rec=T&amp;p_codi=9001000529&amp;p_curs=2022-2023&amp;p_excloure_crp_rec=T\">Formaci\u00f3 Compet\u00e8ncia Digital docent, nivell A2 (Telem\u00e0tic-no presencial) 1T<\/a><\/b><\/span><\/td>\n<\/tr>\n<tr style=\"height: 50px;\">\n<td style=\"width: 92px; height: 50px;\" valign=\"TOP\"><strong><span style=\"font-family: arial, helvetica, geneva; font-size: small;\">9001010529<\/span><\/strong><\/td>\n<td style=\"width: 575px; height: 50px;\" valign=\"TOP\"><span style=\"font-family: arial, helvetica, geneva; font-size: small;\"><b><a href=\"https:\/\/aplicacions.gestioeducativa.gencat.cat\/pls\/soloas\/pk_for_mod_ins.p_for_detall_activitat?p_header=Llista%20d%27activitats^pk_for_mod_ins.p_for_cons_activitats?p_tipus_act=ADMO,MXPC,ADWS,CHMB,APII,CIBE,APDC,AINF,SCIN,JCIN,LNKT,FTA2,FTB1,CHCP,FNCL,REXE,ADNO,DSKU%26p_totes=S%26p_inici=1%26p_excloure_crp_rec=T&amp;p_codi=9001010529&amp;p_curs=2022-2023&amp;p_excloure_crp_rec=T\">Formaci\u00f3 Compet\u00e8ncia Digital docent, nivell B1 (Telem\u00e0tic-no presencial) 1T<\/a><\/b><\/span><\/td>\n<\/tr>\n<\/tbody>\n<\/table>\n<p><a href=\"https:\/\/serveiseducatius.xtec.cat\/solsones\/wp-content\/uploads\/usu1176\/2022\/09\/xtcd.png\"><img loading=\"lazy\" decoding=\"async\" class=\"alignleft wp-image-14058\" src=\"https:\/\/serveiseducatius.xtec.cat\/solsones\/wp-content\/uploads\/usu1176\/2022\/09\/xtcd.png\" alt=\"\" width=\"209\" height=\"220\" srcset=\"https:\/\/serveiseducatius.xtec.cat\/solsones\/wp-content\/uploads\/usu1176\/2022\/09\/xtcd.png 645w, https:\/\/serveiseducatius.xtec.cat\/solsones\/wp-content\/uploads\/usu1176\/2022\/09\/xtcd-284x300.png 284w\" sizes=\"auto, (max-width: 209px) 100vw, 209px\" \/><\/a><\/p>\n","protected":false},"excerpt":{"rendered":"<p>Enlla\u00e7 a les propostes formatives de l\u2019\u00c0rea de Cultura Digital, centralitzades i territorialitzades, per a aquest curs 2022-23.<\/p>\n","protected":false},"author":1,"featured_media":14058,"comment_status":"closed","ping_status":"closed","sticky":false,"template":"","format":"standard","meta":{"_bbp_topic_count":0,"_bbp_reply_count":0,"_bbp_total_topic_count":0,"_bbp_total_reply_count":0,"_bbp_voice_count":0,"_bbp_anonymous_reply_count":0,"_bbp_topic_count_hidden":0,"_bbp_reply_count_hidden":0,"_bbp_forum_subforum_count":0,"site-sidebar-layout":"default","site-content-layout":"","ast-site-content-layout":"","site-content-style":"default","site-sidebar-style":"default","ast-global-header-display":"","ast-banner-title-visibility":"","ast-main-header-display":"","ast-hfb-above-header-display":"","ast-hfb-below-header-display":"","ast-hfb-mobile-header-display":"","site-post-title":"","ast-breadcrumbs-content":"","ast-featured-img":"","footer-sml-layout":"","theme-transparent-header-meta":"","adv-header-id-meta":"","stick-header-meta":"","header-above-stick-meta":"","header-main-stick-meta":"","header-below-stick-meta":"","astra-migrate-meta-layouts":"default","ast-page-background-enabled":"default","ast-page-background-meta":{"desktop":{"background-color":"var(--ast-global-color-4)","background-image":"","background-repeat":"repeat","background-position":"center center","background-size":"auto","background-attachment":"scroll","background-type":"","background-media":"","overlay-type":"","overlay-color":"","overlay-opacity":"","overlay-gradient":""},"tablet":{"background-color":"","background-image":"","background-repeat":"repeat","background-position":"center center","background-size":"auto","background-attachment":"scroll","background-type":"","background-media":"","overlay-type":"","overlay-color":"","overlay-opacity":"","overlay-gradient":""},"mobile":{"background-color":"","background-image":"","background-repeat":"repeat","background-position":"center center","background-size":"auto","background-attachment":"scroll","background-type":"","background-media":"","overlay-type":"","overlay-color":"","overlay-opacity":"","overlay-gradient":""}},"ast-content-background-meta":{"desktop":{"background-color":"var(--ast-global-color-5)","background-image":"","background-repeat":"repeat","background-position":"center center","background-size":"auto","background-attachment":"scroll","background-type":"","background-media":"","overlay-type":"","overlay-color":"","overlay-opacity":"","overlay-gradient":""},"tablet":{"background-color":"var(--ast-global-color-5)","background-image":"","background-repeat":"repeat","background-position":"center center","background-size":"auto","background-attachment":"scroll","background-type":"","background-media":"","overlay-type":"","overlay-color":"","overlay-opacity":"","overlay-gradient":""},"mobile":{"background-color":"var(--ast-global-color-5)","background-image":"","background-repeat":"repeat","background-position":"center center","background-size":"auto","background-attachment":"scroll","background-type":"","background-media":"","overlay-type":"","overlay-color":"","overlay-opacity":"","overlay-gradient":""}},"footnotes":""},"categories":[825,826,824,827,1,29,78,828],"tags":[878,877,196,822,226,818],"class_list":["post-14047","post","type-post","status-publish","format-standard","has-post-thumbnail","hentry","category-cdd","category-cdc","category-cultura-digital","category-edc","category-general","category-portada","category-tac","category-xtcd","tag-cdc","tag-cdd","tag-competencia-digital","tag-edc","tag-formacio","tag-xtcd"],"post_mailing_queue_ids":[],"_links":{"self":[{"href":"https:\/\/serveiseducatius.xtec.cat\/solsones\/wp-json\/wp\/v2\/posts\/14047","targetHints":{"allow":["GET"]}}],"collection":[{"href":"https:\/\/serveiseducatius.xtec.cat\/solsones\/wp-json\/wp\/v2\/posts"}],"about":[{"href":"https:\/\/serveiseducatius.xtec.cat\/solsones\/wp-json\/wp\/v2\/types\/post"}],"author":[{"embeddable":true,"href":"https:\/\/serveiseducatius.xtec.cat\/solsones\/wp-json\/wp\/v2\/users\/1"}],"replies":[{"embeddable":true,"href":"https:\/\/serveiseducatius.xtec.cat\/solsones\/wp-json\/wp\/v2\/comments?post=14047"}],"version-history":[{"count":3,"href":"https:\/\/serveiseducatius.xtec.cat\/solsones\/wp-json\/wp\/v2\/posts\/14047\/revisions"}],"predecessor-version":[{"id":14063,"href":"https:\/\/serveiseducatius.xtec.cat\/solsones\/wp-json\/wp\/v2\/posts\/14047\/revisions\/14063"}],"wp:featuredmedia":[{"embeddable":true,"href":"https:\/\/serveiseducatius.xtec.cat\/solsones\/wp-json\/wp\/v2\/media\/14058"}],"wp:attachment":[{"href":"https:\/\/serveiseducatius.xtec.cat\/solsones\/wp-json\/wp\/v2\/media?parent=14047"}],"wp:term":[{"taxonomy":"category","embeddable":true,"href":"https:\/\/serveiseducatius.xtec.cat\/solsones\/wp-json\/wp\/v2\/categories?post=14047"},{"taxonomy":"post_tag","embeddable":true,"href":"https:\/\/serveiseducatius.xtec.cat\/solsones\/wp-json\/wp\/v2\/tags?post=14047"}],"curies":[{"name":"wp","href":"https:\/\/api.w.org\/{rel}","templated":true}]}}