{"id":14042,"date":"2022-09-16T09:57:15","date_gmt":"2022-09-16T07:57:15","guid":{"rendered":"https:\/\/serveiseducatius.xtec.cat\/solsones\/?p=14042"},"modified":"2022-09-16T09:57:15","modified_gmt":"2022-09-16T07:57:15","slug":"oferta-formativa-usav","status":"publish","type":"post","link":"https:\/\/serveiseducatius.xtec.cat\/solsones\/portada\/oferta-formativa-usav\/","title":{"rendered":"Oferta formativa USAV"},"content":{"rendered":"<p><a href=\"https:\/\/serveiseducatius.xtec.cat\/solsones\/wp-content\/uploads\/usu1176\/2022\/09\/lliure-violencies.png_2112338113.png\"><img loading=\"lazy\" decoding=\"async\" class=\"size-full wp-image-14044 alignleft\" src=\"https:\/\/serveiseducatius.xtec.cat\/solsones\/wp-content\/uploads\/usu1176\/2022\/09\/lliure-violencies.png_2112338113.png\" alt=\"\" width=\"305\" height=\"338\" srcset=\"https:\/\/serveiseducatius.xtec.cat\/solsones\/wp-content\/uploads\/usu1176\/2022\/09\/lliure-violencies.png_2112338113.png 305w, https:\/\/serveiseducatius.xtec.cat\/solsones\/wp-content\/uploads\/usu1176\/2022\/09\/lliure-violencies.png_2112338113-271x300.png 271w\" sizes=\"auto, (max-width: 305px) 100vw, 305px\" \/><\/a>El\u00a0<a href=\"https:\/\/educacio.gencat.cat\/ca\/departament\/linies-estrategiques\/escoles-lliures-de-violencies\/\" target=\"_blank\" rel=\"noopener\">Pla Les escoles lliures de viol\u00e8ncies (LELV)<\/a>\u00a0planteja com un pilar la formaci\u00f3 de les persones de refer\u00e8ncia perqu\u00e8 puguin observar els canvis sobtats que poden presentar infants i adolescents en la seva conducta, des del punt de vista emocional, som\u00e0tic i d\u2019aprenentatge, i puguin informar a les direccions dels centres, que s\u00f3n les encarregades de valorar la situaci\u00f3 per dur a terme les actuacions i derivacions indicades en els protocols.<\/p>\n<p>El\u00a0<strong>Pla les escoles lliures de viol\u00e8ncies<\/strong>\u00a0preveu formar el personal docent, personal d\u2019administraci\u00f3 i serveis i professionals d\u2019atenci\u00f3 educativa (PAS i PAE) i altres membres de la comunitat educativa per tal de transformar i millorar la detecci\u00f3 i l\u2019acompanyament en les situacions de viol\u00e8ncia.<\/p>\n<p>Trobareu l\u2019oferta formativa de primer torn al seg\u00fcent\u00a0<a href=\"https:\/\/xtec.gencat.cat\/ca\/centres\/projeducatiu\/pla-escoles-lliures-de-violencies\/formacio\/\" target=\"_blank\" rel=\"noopener\">enlla\u00e7<\/a>.<\/p>\n<ul>\n<li>\u201c<strong>Les viol\u00e8ncies masclistes en l\u2019\u00e0mbit educatiu<\/strong>\u201d (c\u00e0psula de 5h).<br \/>\nData d\u2019inici de la 1\u00aa edici\u00f3: 22\/9\/22. Destinataris: Equip directiu, tutoria i personal docent de prim\u00e0ria i secund\u00e0ria<\/li>\n<\/ul>\n<ul>\n<li>\u201c<strong>Protocols i actuacions en viol\u00e8ncies masclistes als centres educatius<\/strong>\u201d (c\u00e0psula de 5h).<br \/>\nData d\u2019inici de la 1\u00aa edici\u00f3: 26\/9\/22. Destinataris: Equip directiu i tutoria<\/li>\n<\/ul>\n<ul>\n<li>\u201c<strong>Qu\u00e8 fem amb qui exerceix la viol\u00e8ncia masclist<\/strong>a\u201d (c\u00e0psula de 5h).<br \/>\nData d\u2019inici 1\u00aa edici\u00f3: 4\/10\/22. Destinataris: Perfil docent<\/li>\n<\/ul>\n<ul>\n<li>\u201cAssetjament escolar: detecci\u00f3 i eines d\u2019intervenci\u00f3\u201d (c\u00e0psula de 5h).<\/li>\n<\/ul>\n<p>Data d\u2019inici 1\u00aa edici\u00f3:19\/10\/22. Destinataris: Perfil docent de prim\u00e0ria i secund\u00e0ria<\/p>\n<ul>\n<li>\u201c<strong>Sensibilitzaci\u00f3 i abordatge del matrimoni for\u00e7at i la mutilaci\u00f3 genital femenina en l\u2019\u00e0mbit educatiu<\/strong>\u201d (c\u00e0psula de 5h).<\/li>\n<\/ul>\n<p>Data d\u2019inici 1\u00aa edici\u00f3:03\/10\/22.\u00a0Destinataris: \u2013 Persones directores de centre educatiu, persona del claustre referent de perspectiva de g\u00e8nere, persones tutores i perfil docent de les franges de 3r a 4rt d\u2019ESO.<\/p>\n","protected":false},"excerpt":{"rendered":"<p>El\u00a0Pla Les escoles lliures de viol\u00e8ncies (LELV)\u00a0planteja com un pilar la formaci\u00f3 de les persones de refer\u00e8ncia perqu\u00e8 puguin observar els canvis sobtats que poden presentar infants i adolescents en la seva conducta, des del punt de vista emocional, som\u00e0tic i d\u2019aprenentatge, i puguin informar a les direccions dels centres, que s\u00f3n les encarregades de [&hellip;]<\/p>\n","protected":false},"author":1,"featured_media":14043,"comment_status":"closed","ping_status":"closed","sticky":false,"template":"","format":"standard","meta":{"_bbp_topic_count":0,"_bbp_reply_count":0,"_bbp_total_topic_count":0,"_bbp_total_reply_count":0,"_bbp_voice_count":0,"_bbp_anonymous_reply_count":0,"_bbp_topic_count_hidden":0,"_bbp_reply_count_hidden":0,"_bbp_forum_subforum_count":0,"site-sidebar-layout":"default","site-content-layout":"","ast-site-content-layout":"","site-content-style":"default","site-sidebar-style":"default","ast-global-header-display":"","ast-banner-title-visibility":"","ast-main-header-display":"","ast-hfb-above-header-display":"","ast-hfb-below-header-display":"","ast-hfb-mobile-header-display":"","site-post-title":"","ast-breadcrumbs-content":"","ast-featured-img":"","footer-sml-layout":"","theme-transparent-header-meta":"","adv-header-id-meta":"","stick-header-meta":"","header-above-stick-meta":"","header-main-stick-meta":"","header-below-stick-meta":"","astra-migrate-meta-layouts":"default","ast-page-background-enabled":"default","ast-page-background-meta":{"desktop":{"background-color":"var(--ast-global-color-4)","background-image":"","background-repeat":"repeat","background-position":"center center","background-size":"auto","background-attachment":"scroll","background-type":"","background-media":"","overlay-type":"","overlay-color":"","overlay-opacity":"","overlay-gradient":""},"tablet":{"background-color":"","background-image":"","background-repeat":"repeat","background-position":"center center","background-size":"auto","background-attachment":"scroll","background-type":"","background-media":"","overlay-type":"","overlay-color":"","overlay-opacity":"","overlay-gradient":""},"mobile":{"background-color":"","background-image":"","background-repeat":"repeat","background-position":"center center","background-size":"auto","background-attachment":"scroll","background-type":"","background-media":"","overlay-type":"","overlay-color":"","overlay-opacity":"","overlay-gradient":""}},"ast-content-background-meta":{"desktop":{"background-color":"var(--ast-global-color-5)","background-image":"","background-repeat":"repeat","background-position":"center center","background-size":"auto","background-attachment":"scroll","background-type":"","background-media":"","overlay-type":"","overlay-color":"","overlay-opacity":"","overlay-gradient":""},"tablet":{"background-color":"var(--ast-global-color-5)","background-image":"","background-repeat":"repeat","background-position":"center center","background-size":"auto","background-attachment":"scroll","background-type":"","background-media":"","overlay-type":"","overlay-color":"","overlay-opacity":"","overlay-gradient":""},"mobile":{"background-color":"var(--ast-global-color-5)","background-image":"","background-repeat":"repeat","background-position":"center center","background-size":"auto","background-attachment":"scroll","background-type":"","background-media":"","overlay-type":"","overlay-color":"","overlay-opacity":"","overlay-gradient":""}},"footnotes":""},"categories":[699,154,29],"tags":[226,876,841,875,874],"class_list":["post-14042","post","type-post","status-publish","format-standard","has-post-thumbnail","hentry","category-coeducacio","category-formacio","category-portada","tag-formacio","tag-les-escoles-lliures-de-violencia","tag-prevencio-abus-sexual","tag-pvm","tag-usav"],"post_mailing_queue_ids":[],"_links":{"self":[{"href":"https:\/\/serveiseducatius.xtec.cat\/solsones\/wp-json\/wp\/v2\/posts\/14042","targetHints":{"allow":["GET"]}}],"collection":[{"href":"https:\/\/serveiseducatius.xtec.cat\/solsones\/wp-json\/wp\/v2\/posts"}],"about":[{"href":"https:\/\/serveiseducatius.xtec.cat\/solsones\/wp-json\/wp\/v2\/types\/post"}],"author":[{"embeddable":true,"href":"https:\/\/serveiseducatius.xtec.cat\/solsones\/wp-json\/wp\/v2\/users\/1"}],"replies":[{"embeddable":true,"href":"https:\/\/serveiseducatius.xtec.cat\/solsones\/wp-json\/wp\/v2\/comments?post=14042"}],"version-history":[{"count":1,"href":"https:\/\/serveiseducatius.xtec.cat\/solsones\/wp-json\/wp\/v2\/posts\/14042\/revisions"}],"predecessor-version":[{"id":14045,"href":"https:\/\/serveiseducatius.xtec.cat\/solsones\/wp-json\/wp\/v2\/posts\/14042\/revisions\/14045"}],"wp:featuredmedia":[{"embeddable":true,"href":"https:\/\/serveiseducatius.xtec.cat\/solsones\/wp-json\/wp\/v2\/media\/14043"}],"wp:attachment":[{"href":"https:\/\/serveiseducatius.xtec.cat\/solsones\/wp-json\/wp\/v2\/media?parent=14042"}],"wp:term":[{"taxonomy":"category","embeddable":true,"href":"https:\/\/serveiseducatius.xtec.cat\/solsones\/wp-json\/wp\/v2\/categories?post=14042"},{"taxonomy":"post_tag","embeddable":true,"href":"https:\/\/serveiseducatius.xtec.cat\/solsones\/wp-json\/wp\/v2\/tags?post=14042"}],"curies":[{"name":"wp","href":"https:\/\/api.w.org\/{rel}","templated":true}]}}