{"id":13811,"date":"2022-01-31T10:45:44","date_gmt":"2022-01-31T09:45:44","guid":{"rendered":"https:\/\/serveiseducatius.xtec.cat\/solsones\/?p=13811"},"modified":"2022-01-31T10:45:44","modified_gmt":"2022-01-31T09:45:44","slug":"2a-capsula-hort-escolar-fem-planter-per-lhort-de-lescola","status":"publish","type":"post","link":"https:\/\/serveiseducatius.xtec.cat\/solsones\/portada\/2a-capsula-hort-escolar-fem-planter-per-lhort-de-lescola\/","title":{"rendered":"2a C\u00e0psula Hort escolar. Fem planter per l\u2019hort de l\u2019escola!"},"content":{"rendered":"<p>&nbsp;<\/p>\n<p><a href=\"https:\/\/serveiseducatius.xtec.cat\/solsones\/wp-content\/uploads\/usu1176\/2022\/01\/aaaCaptura.png\"><img loading=\"lazy\" decoding=\"async\" class=\"wp-image-13812 alignleft\" src=\"https:\/\/serveiseducatius.xtec.cat\/solsones\/wp-content\/uploads\/usu1176\/2022\/01\/aaaCaptura.png\" alt=\"\" width=\"626\" height=\"264\" srcset=\"https:\/\/serveiseducatius.xtec.cat\/solsones\/wp-content\/uploads\/usu1176\/2022\/01\/aaaCaptura.png 737w, https:\/\/serveiseducatius.xtec.cat\/solsones\/wp-content\/uploads\/usu1176\/2022\/01\/aaaCaptura-300x127.png 300w\" sizes=\"auto, (max-width: 626px) 100vw, 626px\" \/><\/a><\/p>\n<p style=\"text-align: justify;\">L\u2019hort escolar ecol\u00f2gic com a recurs pedag\u00f2gic. La jornada tindr\u00e0 dues vessants. Per una\u00a0banda ser\u00e0 t\u00e8cnic, per donar\u00a0resposta a tots els dubtes que\u00a0tinguem entorn a tot el que s\u2019ha de\u00a0tenir en compte a l\u2019hora de posar-nos\u00a0a fer el planter de l\u2019hort (llavors,\u00a0varietats locals, substrat, recipients,\u00a0condicions ambientals, etc.). Per una\u00a0altra banda tindr\u00e0 un vessant\u00a0pedag\u00f2gic on s\u2019exposaran diferents\u00a0exemples de com aprofitar la tasca\u00a0de fer el planter com a recurs\u00a0educatiu. En concret en centrarem\u00a0en com treballar el concepte de\u00a0llavor i d\u2019una forma m\u00e9s amplia com\u00a0ens pot servir per introduir el\u00a0concepte del model \u00e9sser viu.<\/p>\n<p>Us hi esperem el dimarts 8 de febrer.<\/p>\n<p style=\"text-align: justify;\"><strong><span style=\"color: #ff0000;\"><a style=\"color: #ff0000;\" href=\"https:\/\/drive.google.com\/file\/d\/19Xpk1HmIjtmRWaN3HlUc0YPfnff-rt5e\/view?usp=sharing\">Programa de la jornada<\/a><\/span><\/strong><\/p>\n<p style=\"text-align: justify;\">La jornada tindr\u00e0 aquests punts:<\/p>\n<p style=\"text-align: justify;\">17:30h\u00a0<strong>Presentaci\u00f3 de la Jornada<\/strong>. Sr. Josep Arderiu Ausir\u00f3, director dels Serveis Territorials del DACC a la Catalunya Central.<br \/>\n17:40h\u00a0<strong>Introducci\u00f3 de la jornada<\/strong>. Sra. Margarida Feliu, vicepresidenta 3era del Consell Comarcal d\u2019Osona. \u00c0rea de Medi Ambient i Sostenibilitat. Assessora del Programa Escoles Verdes a la Catalunya Central.<br \/>\n17.50h\u00a0<strong>Aspectes t\u00e8cnics en la preparaci\u00f3 del planter de l\u2019hort<\/strong>. Utilitzaci\u00f3 de varietats locals. Sra. X\u00e8nia Torras, enginyera t\u00e8cnica agr\u00edcola i responsable del projecte Esporus de l\u2019associaci\u00f3 L\u2019Era.<br \/>\n18.40h\u00a0<strong>Aprofitament del planter com a recurs educatiu<\/strong>. Sr. David Segal\u00e9s Masmitj\u00e0, educador ambiental. Departament d\u2019Educaci\u00f3 al Centre de Recursos Pedag\u00f2gics d\u2019Osona.<br \/>\n19.25h\u00a0<strong>Torn obert de preguntes<\/strong><br \/>\n19.30h\u00a0<strong>Cloenda de la jornada<\/strong><\/p>\n<p style=\"text-align: justify;\">Aquesta jornada es realitza en l\u00ednia. El dia abans de la jornada rebreu l\u2019enlla\u00e7 d\u2019acc\u00e9s a l\u2019aula virutal des d\u2019on podreu seguir-la.<\/p>\n<p style=\"text-align: justify;\">Podeu fer les<strong><span style=\"color: #ff0000;\">\u00a0<a style=\"color: #ff0000;\" href=\"https:\/\/ruralcat.gencat.cat\/web\/guest\/transferencia\/preinscripcio-jornada-tecnica?p_auth=LCN5BDO0&amp;p_p_id=JornadesPATT_WAR_jornadesPATT100SNAPSHOT&amp;p_p_lifecycle=1&amp;p_p_state=normal&amp;p_p_mode=view&amp;p_p_col_id=column-1&amp;p_p_col_pos=1&amp;p_p_col_count=2&amp;_JornadesPATT_WAR_jornadesPATT100SNAPSHOT_idJornada=4043094&amp;_JornadesPATT_WAR_jornadesPATT100SNAPSHOT_cmd=subscribeJornada\">inscripcions<\/a>\u00a0<\/span><\/strong>a trav\u00e9s de RuralCat<\/p>\n<p style=\"text-align: justify;\">Per m\u00e9s informaci\u00f3\u00a0<span style=\"color: #ff0000;\">bustiacoordinaciossttcc@gencat.cat<\/span><\/p>\n<div class=\"addtoany_share_save_container addtoany_content addtoany_content_bottom\">\n<div class=\"a2a_kit a2a_kit_size_25 addtoany_list\" data-a2a-url=\"https:\/\/serveiseducatius.xtec.cat\/osona\/portada\/fem-planter-per-lhort-de-lescola\/\" data-a2a-title=\"Fem planter per l\u2019hort de l\u2019escola!\"><\/div>\n<\/div>\n","protected":false},"excerpt":{"rendered":"<p>&nbsp; L\u2019hort escolar ecol\u00f2gic com a recurs pedag\u00f2gic. La jornada tindr\u00e0 dues vessants. Per una\u00a0banda ser\u00e0 t\u00e8cnic, per donar\u00a0resposta a tots els dubtes que\u00a0tinguem entorn a tot el que s\u2019ha de\u00a0tenir en compte a l\u2019hora de posar-nos\u00a0a fer el planter de l\u2019hort (llavors,\u00a0varietats locals, substrat, recipients,\u00a0condicions ambientals, etc.). Per una\u00a0altra banda tindr\u00e0 un vessant\u00a0pedag\u00f2gic on [&hellip;]<\/p>\n","protected":false},"author":1,"featured_media":13812,"comment_status":"closed","ping_status":"closed","sticky":false,"template":"","format":"standard","meta":{"_bbp_topic_count":0,"_bbp_reply_count":0,"_bbp_total_topic_count":0,"_bbp_total_reply_count":0,"_bbp_voice_count":0,"_bbp_anonymous_reply_count":0,"_bbp_topic_count_hidden":0,"_bbp_reply_count_hidden":0,"_bbp_forum_subforum_count":0,"site-sidebar-layout":"default","site-content-layout":"","ast-site-content-layout":"","site-content-style":"default","site-sidebar-style":"default","ast-global-header-display":"","ast-banner-title-visibility":"","ast-main-header-display":"","ast-hfb-above-header-display":"","ast-hfb-below-header-display":"","ast-hfb-mobile-header-display":"","site-post-title":"","ast-breadcrumbs-content":"","ast-featured-img":"","footer-sml-layout":"","theme-transparent-header-meta":"","adv-header-id-meta":"","stick-header-meta":"","header-above-stick-meta":"","header-main-stick-meta":"","header-below-stick-meta":"","astra-migrate-meta-layouts":"default","ast-page-background-enabled":"default","ast-page-background-meta":{"desktop":{"background-color":"var(--ast-global-color-4)","background-image":"","background-repeat":"repeat","background-position":"center center","background-size":"auto","background-attachment":"scroll","background-type":"","background-media":"","overlay-type":"","overlay-color":"","overlay-opacity":"","overlay-gradient":""},"tablet":{"background-color":"","background-image":"","background-repeat":"repeat","background-position":"center center","background-size":"auto","background-attachment":"scroll","background-type":"","background-media":"","overlay-type":"","overlay-color":"","overlay-opacity":"","overlay-gradient":""},"mobile":{"background-color":"","background-image":"","background-repeat":"repeat","background-position":"center center","background-size":"auto","background-attachment":"scroll","background-type":"","background-media":"","overlay-type":"","overlay-color":"","overlay-opacity":"","overlay-gradient":""}},"ast-content-background-meta":{"desktop":{"background-color":"var(--ast-global-color-5)","background-image":"","background-repeat":"repeat","background-position":"center center","background-size":"auto","background-attachment":"scroll","background-type":"","background-media":"","overlay-type":"","overlay-color":"","overlay-opacity":"","overlay-gradient":""},"tablet":{"background-color":"var(--ast-global-color-5)","background-image":"","background-repeat":"repeat","background-position":"center center","background-size":"auto","background-attachment":"scroll","background-type":"","background-media":"","overlay-type":"","overlay-color":"","overlay-opacity":"","overlay-gradient":""},"mobile":{"background-color":"var(--ast-global-color-5)","background-image":"","background-repeat":"repeat","background-position":"center center","background-size":"auto","background-attachment":"scroll","background-type":"","background-media":"","overlay-type":"","overlay-color":"","overlay-opacity":"","overlay-gradient":""}},"footnotes":""},"categories":[350,154,235,29],"tags":[299,773,838],"class_list":["post-13811","post","type-post","status-publish","format-standard","has-post-thumbnail","hentry","category-escoles-verdes","category-formacio","category-formacio_ins","category-portada","tag-escoles-verdes","tag-hort-escolar","tag-jornada"],"post_mailing_queue_ids":[],"_links":{"self":[{"href":"https:\/\/serveiseducatius.xtec.cat\/solsones\/wp-json\/wp\/v2\/posts\/13811","targetHints":{"allow":["GET"]}}],"collection":[{"href":"https:\/\/serveiseducatius.xtec.cat\/solsones\/wp-json\/wp\/v2\/posts"}],"about":[{"href":"https:\/\/serveiseducatius.xtec.cat\/solsones\/wp-json\/wp\/v2\/types\/post"}],"author":[{"embeddable":true,"href":"https:\/\/serveiseducatius.xtec.cat\/solsones\/wp-json\/wp\/v2\/users\/1"}],"replies":[{"embeddable":true,"href":"https:\/\/serveiseducatius.xtec.cat\/solsones\/wp-json\/wp\/v2\/comments?post=13811"}],"version-history":[{"count":3,"href":"https:\/\/serveiseducatius.xtec.cat\/solsones\/wp-json\/wp\/v2\/posts\/13811\/revisions"}],"predecessor-version":[{"id":13815,"href":"https:\/\/serveiseducatius.xtec.cat\/solsones\/wp-json\/wp\/v2\/posts\/13811\/revisions\/13815"}],"wp:featuredmedia":[{"embeddable":true,"href":"https:\/\/serveiseducatius.xtec.cat\/solsones\/wp-json\/wp\/v2\/media\/13812"}],"wp:attachment":[{"href":"https:\/\/serveiseducatius.xtec.cat\/solsones\/wp-json\/wp\/v2\/media?parent=13811"}],"wp:term":[{"taxonomy":"category","embeddable":true,"href":"https:\/\/serveiseducatius.xtec.cat\/solsones\/wp-json\/wp\/v2\/categories?post=13811"},{"taxonomy":"post_tag","embeddable":true,"href":"https:\/\/serveiseducatius.xtec.cat\/solsones\/wp-json\/wp\/v2\/tags?post=13811"}],"curies":[{"name":"wp","href":"https:\/\/api.w.org\/{rel}","templated":true}]}}