{"id":13320,"date":"2021-06-10T10:06:56","date_gmt":"2021-06-10T08:06:56","guid":{"rendered":"http:\/\/serveiseducatius.xtec.cat\/solsones\/?p=13320"},"modified":"2021-07-07T13:55:32","modified_gmt":"2021-07-07T11:55:32","slug":"projecte-laventura-de-fer-empresaris-per-al-solsones","status":"publish","type":"post","link":"https:\/\/serveiseducatius.xtec.cat\/solsones\/portada\/projecte-laventura-de-fer-empresaris-per-al-solsones\/","title":{"rendered":"Projecte: L&#8217;aventura de FER &#8211; Empresaris per al Solson\u00e8s"},"content":{"rendered":"<p><a href=\"https:\/\/serveiseducatius.xtec.cat\/solsones\/wp-content\/uploads\/usu1176\/2021\/05\/2021040611132032945.jpg\"><img loading=\"lazy\" decoding=\"async\" class=\" wp-image-13321 alignleft\" src=\"https:\/\/serveiseducatius.xtec.cat\/solsones\/wp-content\/uploads\/usu1176\/2021\/05\/2021040611132032945.jpg\" alt=\"\" width=\"328\" height=\"238\" srcset=\"https:\/\/serveiseducatius.xtec.cat\/solsones\/wp-content\/uploads\/usu1176\/2021\/05\/2021040611132032945.jpg 755w, https:\/\/serveiseducatius.xtec.cat\/solsones\/wp-content\/uploads\/usu1176\/2021\/05\/2021040611132032945-300x218.jpg 300w\" sizes=\"auto, (max-width: 328px) 100vw, 328px\" \/><\/a>El\u00a0projecte\u00a0&#8220;<strong>L&#8217;Aventura de\u00a0FER&#8221;<\/strong>\u00a0t\u00e9 com a objectius\u00a0<span style=\"font-weight: 400;\">contribuir en un futur a afrontar dos dels reptes del m\u00f3n rural: evitar el despoblament i afavorir la diversificaci\u00f3 econ\u00f2mica, i alhora\u00a0fomentar les vocacions emprenedores entre els joves.<\/span><\/p>\n<p style=\"font-weight: 400; text-align: justify;\">Tracta de despertar el talent emprenedor, la creativitat i la curiositat per les oportunitats que genera el m\u00f3n rural als alumnes de prim\u00e0ria (especialment 5\u00e9 i 6\u00e9),\u00a0\u00a0aix\u00ed com facilitar la cerca d&#8217;oportunitats i l&#8217;aprofitament de recursos oferts pel m\u00f3n rural, difondre la cultura<\/p>\n<p style=\"font-weight: 400; text-align: justify;\">emprenedora als centres educatius i incorporar valors relacionats amb l&#8217;emprenedoria, el treball en equip, el debat i les relacions.<\/p>\n<p style=\"text-align: left;\">Per aix\u00f2 us convoquem,\u00a0 tant a equips directius o a qui deleguin, com a tutors i tutores de cicles superiors, el dia de\u00a0<strong>l&#8217;entrega de premis del Concurs\u00a0de\u00a0dibuixos, redaccions\u00a0i treballs de\u00a0recerca<\/strong>, en el transcurs de la Fira de Sant Isidre<\/p>\n<p style=\"text-align: center;\"><strong>Diumenge dia 30 de maig<\/strong><\/p>\n<p style=\"text-align: center;\">Hora: <strong>12.30h.<\/strong><\/p>\n<p style=\"text-align: center;\">Lloc: <strong>Auditori de la sala polivalent de Solsona<\/strong><\/p>\n<p>El mateix dia presentarem del\u00a0<strong>projecte\u00a0d&#8217;emprenedoria<\/strong>\u00a0a les escoles\u00a0de\u00a0prim\u00e0ria\u00a0<strong>&#8220;L&#8217;aventura\u00a0de\u00a0FER&#8221;\u00a0<\/strong>a c\u00e0rrec\u00a0de\u00a0Gemma Cortada gerent del GAL Noguera Segri\u00e0 nord i us lliurarem\u00a0una carpeta amb documentaci\u00f3 sobre el\u00a0projecte.<\/p>\n<p><a href=\"https:\/\/forms.gle\/GBAZbcbaRSPbnfPf6\" target=\"_blank\" rel=\"noopener noreferrer\"><img loading=\"lazy\" decoding=\"async\" class=\"aligncenter wp-image-13322 size-full\" src=\"https:\/\/serveiseducatius.xtec.cat\/solsones\/wp-content\/uploads\/usu1176\/2021\/05\/Captura-9.png\" alt=\"\" width=\"624\" height=\"150\" srcset=\"https:\/\/serveiseducatius.xtec.cat\/solsones\/wp-content\/uploads\/usu1176\/2021\/05\/Captura-9.png 624w, https:\/\/serveiseducatius.xtec.cat\/solsones\/wp-content\/uploads\/usu1176\/2021\/05\/Captura-9-300x72.png 300w\" sizes=\"auto, (max-width: 624px) 100vw, 624px\" \/><\/a><\/p>\n<p>El dia <strong>28 de juny de 2021<\/strong>\u00a0es realitzar\u00e0 una sessi\u00f3 informativa per a totes aquelles escoles interessades en\u00a0con\u00e8ixer amb m\u00e9s profunditat el\u00a0projecte\u00a0i\/o\u00a0implementar\u00a0FER\u00a0el pr\u00f2xim curs escolar.\u00a0<a href=\"https:\/\/forms.gle\/GBAZbcbaRSPbnfPf6\" data-saferedirecturl=\"https:\/\/www.google.com\/url?q=https:\/\/forms.gle\/GBAZbcbaRSPbnfPf6&amp;source=gmail&amp;ust=1622040692663000&amp;usg=AFQjCNEE7cw7sZIEhzSaD6XT4LiOQrJCOw\"><strong>Inscripci\u00f3 a la sessi\u00f3<\/strong><\/a><\/p>\n<p>Us convidem a visitar el portal web<a href=\"http:\/\/www.futursemprenedors.cat\/\" data-saferedirecturl=\"https:\/\/www.google.com\/url?q=http:\/\/www.futursemprenedors.cat&amp;source=gmail&amp;ust=1622040692663000&amp;usg=AFQjCNFktDGOeCjZ1OSyVrZ_lUXHyM3flg\">\u00a0www.futursemprenedors.cat<\/a>\u00a0on trobareu m\u00e9s informaci\u00f3 sobre el\u00a0projecte. Tamb\u00e9 podeu veure un\u00a0<a href=\"https:\/\/www.futursemprenedors.cat\/coneix-fer\/coneix-fer\" data-saferedirecturl=\"https:\/\/www.google.com\/url?q=https:\/\/www.futursemprenedors.cat\/coneix-fer\/coneix-fer&amp;source=gmail&amp;ust=1622040692663000&amp;usg=AFQjCNFv-XQib8AvtCRqoFeivTTcQ9a01A\">v\u00eddeo resum del\u00a0FER<\/a>.<\/p>\n<p class=\"documentFirstHeading mt-0\">Al CRP del Solson\u00e8s disposem, entre altres materials,\u00a0 del nou recurs did\u00e0ctic que complementa el projecte FER: un <a href=\"https:\/\/www.futursemprenedors.cat\/actualitat\/noticies\/el-projecte-fer-complementa-els-seus-materials-amb-un-nou-recurs-didactic-un-tencaclosques-de-6m2-per-treballar-amb-bee-bot\" target=\"_blank\" rel=\"noopener noreferrer\">trencaclosques de 6m2 per treballar amb Bee-bot<\/a><\/p>\n","protected":false},"excerpt":{"rendered":"<p>El dia 28 de juny de 2021\u00a0es realitzar\u00e0 una sessi\u00f3 informativa per a totes aquelles escoles del Solson\u00e8s  interessades en\u00a0con\u00e8ixer amb m\u00e9s profunditat el\u00a0projecte\u00a0i\/o\u00a0implementar\u00a0FER\u00a0el pr\u00f2xim curs escolar.\u00a0<\/p>\n","protected":false},"author":1,"featured_media":13323,"comment_status":"closed","ping_status":"closed","sticky":false,"template":"","format":"standard","meta":{"_bbp_topic_count":0,"_bbp_reply_count":0,"_bbp_total_topic_count":0,"_bbp_total_reply_count":0,"_bbp_voice_count":0,"_bbp_anonymous_reply_count":0,"_bbp_topic_count_hidden":0,"_bbp_reply_count_hidden":0,"_bbp_forum_subforum_count":0,"site-sidebar-layout":"default","site-content-layout":"","ast-site-content-layout":"","site-content-style":"default","site-sidebar-style":"default","ast-global-header-display":"","ast-banner-title-visibility":"","ast-main-header-display":"","ast-hfb-above-header-display":"","ast-hfb-below-header-display":"","ast-hfb-mobile-header-display":"","site-post-title":"","ast-breadcrumbs-content":"","ast-featured-img":"","footer-sml-layout":"","theme-transparent-header-meta":"","adv-header-id-meta":"","stick-header-meta":"","header-above-stick-meta":"","header-main-stick-meta":"","header-below-stick-meta":"","astra-migrate-meta-layouts":"default","ast-page-background-enabled":"default","ast-page-background-meta":{"desktop":{"background-color":"var(--ast-global-color-4)","background-image":"","background-repeat":"repeat","background-position":"center center","background-size":"auto","background-attachment":"scroll","background-type":"","background-media":"","overlay-type":"","overlay-color":"","overlay-opacity":"","overlay-gradient":""},"tablet":{"background-color":"","background-image":"","background-repeat":"repeat","background-position":"center center","background-size":"auto","background-attachment":"scroll","background-type":"","background-media":"","overlay-type":"","overlay-color":"","overlay-opacity":"","overlay-gradient":""},"mobile":{"background-color":"","background-image":"","background-repeat":"repeat","background-position":"center center","background-size":"auto","background-attachment":"scroll","background-type":"","background-media":"","overlay-type":"","overlay-color":"","overlay-opacity":"","overlay-gradient":""}},"ast-content-background-meta":{"desktop":{"background-color":"var(--ast-global-color-5)","background-image":"","background-repeat":"repeat","background-position":"center center","background-size":"auto","background-attachment":"scroll","background-type":"","background-media":"","overlay-type":"","overlay-color":"","overlay-opacity":"","overlay-gradient":""},"tablet":{"background-color":"var(--ast-global-color-5)","background-image":"","background-repeat":"repeat","background-position":"center center","background-size":"auto","background-attachment":"scroll","background-type":"","background-media":"","overlay-type":"","overlay-color":"","overlay-opacity":"","overlay-gradient":""},"mobile":{"background-color":"var(--ast-global-color-5)","background-image":"","background-repeat":"repeat","background-position":"center center","background-size":"auto","background-attachment":"scroll","background-type":"","background-media":"","overlay-type":"","overlay-color":"","overlay-opacity":"","overlay-gradient":""}},"footnotes":""},"categories":[154,82,235,29,76],"tags":[89,226,759,264],"class_list":["post-13320","post","type-post","status-publish","format-standard","has-post-thumbnail","hentry","category-formacio","category-maletes-pedagogiques","category-formacio_ins","category-portada","category-recursos","tag-emprenedoria","tag-formacio","tag-laventura-de-fer","tag-maleta-pedagogica"],"post_mailing_queue_ids":[],"_links":{"self":[{"href":"https:\/\/serveiseducatius.xtec.cat\/solsones\/wp-json\/wp\/v2\/posts\/13320","targetHints":{"allow":["GET"]}}],"collection":[{"href":"https:\/\/serveiseducatius.xtec.cat\/solsones\/wp-json\/wp\/v2\/posts"}],"about":[{"href":"https:\/\/serveiseducatius.xtec.cat\/solsones\/wp-json\/wp\/v2\/types\/post"}],"author":[{"embeddable":true,"href":"https:\/\/serveiseducatius.xtec.cat\/solsones\/wp-json\/wp\/v2\/users\/1"}],"replies":[{"embeddable":true,"href":"https:\/\/serveiseducatius.xtec.cat\/solsones\/wp-json\/wp\/v2\/comments?post=13320"}],"version-history":[{"count":3,"href":"https:\/\/serveiseducatius.xtec.cat\/solsones\/wp-json\/wp\/v2\/posts\/13320\/revisions"}],"predecessor-version":[{"id":13329,"href":"https:\/\/serveiseducatius.xtec.cat\/solsones\/wp-json\/wp\/v2\/posts\/13320\/revisions\/13329"}],"wp:featuredmedia":[{"embeddable":true,"href":"https:\/\/serveiseducatius.xtec.cat\/solsones\/wp-json\/wp\/v2\/media\/13323"}],"wp:attachment":[{"href":"https:\/\/serveiseducatius.xtec.cat\/solsones\/wp-json\/wp\/v2\/media?parent=13320"}],"wp:term":[{"taxonomy":"category","embeddable":true,"href":"https:\/\/serveiseducatius.xtec.cat\/solsones\/wp-json\/wp\/v2\/categories?post=13320"},{"taxonomy":"post_tag","embeddable":true,"href":"https:\/\/serveiseducatius.xtec.cat\/solsones\/wp-json\/wp\/v2\/tags?post=13320"}],"curies":[{"name":"wp","href":"https:\/\/api.w.org\/{rel}","templated":true}]}}