{"id":13184,"date":"2021-04-26T15:50:28","date_gmt":"2021-04-26T13:50:28","guid":{"rendered":"http:\/\/serveiseducatius.xtec.cat\/solsones\/?p=13184"},"modified":"2021-04-26T15:50:28","modified_gmt":"2021-04-26T13:50:28","slug":"proves-diagnostiques-de-segon-de-primaria-tallers-informatius-nou","status":"publish","type":"post","link":"https:\/\/serveiseducatius.xtec.cat\/solsones\/portada\/proves-diagnostiques-de-segon-de-primaria-tallers-informatius-nou\/","title":{"rendered":"Proves diagn\u00f2stiques de segon de prim\u00e0ria. Tallers informatius. NOU!"},"content":{"rendered":"<p><a href=\"https:\/\/serveiseducatius.xtec.cat\/solsones\/wp-content\/uploads\/usu1176\/2021\/04\/Captura-5.png\"><img loading=\"lazy\" decoding=\"async\" class=\"wp-image-13185 alignleft\" src=\"https:\/\/serveiseducatius.xtec.cat\/solsones\/wp-content\/uploads\/usu1176\/2021\/04\/Captura-5.png\" alt=\"\" width=\"523\" height=\"572\" srcset=\"https:\/\/serveiseducatius.xtec.cat\/solsones\/wp-content\/uploads\/usu1176\/2021\/04\/Captura-5.png 702w, https:\/\/serveiseducatius.xtec.cat\/solsones\/wp-content\/uploads\/usu1176\/2021\/04\/Captura-5-274x300.png 274w\" sizes=\"auto, (max-width: 523px) 100vw, 523px\" \/><\/a><\/p>\n<p>&nbsp;<\/p>\n<p style=\"text-align: justify;\">El Departament d\u2019Educaci\u00f3 organitza uns tallers adre\u00e7ats als mestres de segon d\u2019educaci\u00f3 prim\u00e0ria que vulguin aplicar<a href=\"http:\/\/csda.gencat.cat\/ca\/arees-actuacio\/avaluacions-consell\/avaluacio-diagnostica-primaria\/diagnostica-2020\/\" target=\"_blank\" rel=\"noopener noreferrer\"><strong>\u00a0la prova<\/strong><\/a>\u00a0aquest tercer trimestre del curs 2020-2021.<\/p>\n<p style=\"text-align: justify;\">En aquests tallers es treballaran cada una de les activitats i els seus elements de manera m\u00e9s detallada (desenvolupament, atenci\u00f3 a la diversitat, aplicaci\u00f3 de les r\u00fabriques, exemples de produccions dels alumnes, etc.).<\/p>\n<p style=\"text-align: justify;\">At\u00e8s el gran volum d\u2019inscripcions dels docents als tallers,\u00a0 en comptes de tallers, faran dos webinar; d\u2019aquesta manera podran donar resposta a l\u2019inter\u00e8s mostrat pels 1400 docents inscrits fins ara i a tots els que hi vulguin assistir.<\/p>\n<p style=\"text-align: justify;\">Les dates de la nova proposta s\u00f3n les seg\u00fcents:<\/p>\n<p style=\"text-align: justify;\">Primera sessi\u00f3 webinar:<strong>\u00a0dilluns, 26 d\u2019abril de 12.45 a 14h. Enlla\u00e7:\u00a0<\/strong><a href=\"https:\/\/zoom.us\/j\/99781512744\" data-saferedirecturl=\"https:\/\/www.google.com\/url?q=https:\/\/zoom.us\/j\/99781512744&amp;source=gmail&amp;ust=1619084568199000&amp;usg=AFQjCNG0_yKe1iC5IR7xHdriRqdEZkvbdA\"><strong>Enlla\u00e7 webinar 26\/04\/21<\/strong><\/a><\/p>\n<p style=\"text-align: justify;\">Segona sessi\u00f3 webinar:<strong>\u00a0dijous, 29 d\u2019abril de 17.15 a 18.30h. Enlla\u00e7:\u00a0<\/strong><a href=\"https:\/\/zoom.us\/j\/99238978699\" data-saferedirecturl=\"https:\/\/www.google.com\/url?q=https:\/\/zoom.us\/j\/99238978699&amp;source=gmail&amp;ust=1619084568199000&amp;usg=AFQjCNHIsPZTkNbNLdQ8zhw5PDT5Dzslaw\"><strong>Enlla\u00e7 Webinar 29\/04\/21<\/strong><\/a><\/p>\n<p style=\"text-align: justify;\"><strong>Si algun centre no pogu\u00e9s connectar-se a cap webinar o, fins i tot per aquells que volguessin tornar-ho a veure, les dues sessions s\u2019enregistraran i es penjaran a la web del Consell Superior d\u2019Avaluaci\u00f3.<\/strong><\/p>\n","protected":false},"excerpt":{"rendered":"<p>&nbsp; El Departament d\u2019Educaci\u00f3 organitza uns tallers adre\u00e7ats als mestres de segon d\u2019educaci\u00f3 prim\u00e0ria que vulguin aplicar\u00a0la prova\u00a0aquest tercer trimestre del curs 2020-2021. En aquests tallers es treballaran cada una de les activitats i els seus elements de manera m\u00e9s detallada (desenvolupament, atenci\u00f3 a la diversitat, aplicaci\u00f3 de les r\u00fabriques, exemples de produccions dels alumnes, [&hellip;]<\/p>\n","protected":false},"author":1,"featured_media":13185,"comment_status":"closed","ping_status":"closed","sticky":false,"template":"","format":"standard","meta":{"_bbp_topic_count":0,"_bbp_reply_count":0,"_bbp_total_topic_count":0,"_bbp_total_reply_count":0,"_bbp_voice_count":0,"_bbp_anonymous_reply_count":0,"_bbp_topic_count_hidden":0,"_bbp_reply_count_hidden":0,"_bbp_forum_subforum_count":0,"site-sidebar-layout":"default","site-content-layout":"","ast-site-content-layout":"","site-content-style":"default","site-sidebar-style":"default","ast-global-header-display":"","ast-banner-title-visibility":"","ast-main-header-display":"","ast-hfb-above-header-display":"","ast-hfb-below-header-display":"","ast-hfb-mobile-header-display":"","site-post-title":"","ast-breadcrumbs-content":"","ast-featured-img":"","footer-sml-layout":"","theme-transparent-header-meta":"","adv-header-id-meta":"","stick-header-meta":"","header-above-stick-meta":"","header-main-stick-meta":"","header-below-stick-meta":"","astra-migrate-meta-layouts":"default","ast-page-background-enabled":"default","ast-page-background-meta":{"desktop":{"background-color":"var(--ast-global-color-4)","background-image":"","background-repeat":"repeat","background-position":"center center","background-size":"auto","background-attachment":"scroll","background-type":"","background-media":"","overlay-type":"","overlay-color":"","overlay-opacity":"","overlay-gradient":""},"tablet":{"background-color":"","background-image":"","background-repeat":"repeat","background-position":"center center","background-size":"auto","background-attachment":"scroll","background-type":"","background-media":"","overlay-type":"","overlay-color":"","overlay-opacity":"","overlay-gradient":""},"mobile":{"background-color":"","background-image":"","background-repeat":"repeat","background-position":"center center","background-size":"auto","background-attachment":"scroll","background-type":"","background-media":"","overlay-type":"","overlay-color":"","overlay-opacity":"","overlay-gradient":""}},"ast-content-background-meta":{"desktop":{"background-color":"var(--ast-global-color-5)","background-image":"","background-repeat":"repeat","background-position":"center center","background-size":"auto","background-attachment":"scroll","background-type":"","background-media":"","overlay-type":"","overlay-color":"","overlay-opacity":"","overlay-gradient":""},"tablet":{"background-color":"var(--ast-global-color-5)","background-image":"","background-repeat":"repeat","background-position":"center center","background-size":"auto","background-attachment":"scroll","background-type":"","background-media":"","overlay-type":"","overlay-color":"","overlay-opacity":"","overlay-gradient":""},"mobile":{"background-color":"var(--ast-global-color-5)","background-image":"","background-repeat":"repeat","background-position":"center center","background-size":"auto","background-attachment":"scroll","background-type":"","background-media":"","overlay-type":"","overlay-color":"","overlay-opacity":"","overlay-gradient":""}},"footnotes":""},"categories":[154,156,29],"tags":[415,737,736],"class_list":["post-13184","post","type-post","status-publish","format-standard","has-post-thumbnail","hentry","category-formacio","category-materials-de-formacio","category-portada","tag-competencies-basiques","tag-diagnostica-2n-primaria","tag-prova"],"post_mailing_queue_ids":[],"_links":{"self":[{"href":"https:\/\/serveiseducatius.xtec.cat\/solsones\/wp-json\/wp\/v2\/posts\/13184","targetHints":{"allow":["GET"]}}],"collection":[{"href":"https:\/\/serveiseducatius.xtec.cat\/solsones\/wp-json\/wp\/v2\/posts"}],"about":[{"href":"https:\/\/serveiseducatius.xtec.cat\/solsones\/wp-json\/wp\/v2\/types\/post"}],"author":[{"embeddable":true,"href":"https:\/\/serveiseducatius.xtec.cat\/solsones\/wp-json\/wp\/v2\/users\/1"}],"replies":[{"embeddable":true,"href":"https:\/\/serveiseducatius.xtec.cat\/solsones\/wp-json\/wp\/v2\/comments?post=13184"}],"version-history":[{"count":2,"href":"https:\/\/serveiseducatius.xtec.cat\/solsones\/wp-json\/wp\/v2\/posts\/13184\/revisions"}],"predecessor-version":[{"id":13187,"href":"https:\/\/serveiseducatius.xtec.cat\/solsones\/wp-json\/wp\/v2\/posts\/13184\/revisions\/13187"}],"wp:featuredmedia":[{"embeddable":true,"href":"https:\/\/serveiseducatius.xtec.cat\/solsones\/wp-json\/wp\/v2\/media\/13185"}],"wp:attachment":[{"href":"https:\/\/serveiseducatius.xtec.cat\/solsones\/wp-json\/wp\/v2\/media?parent=13184"}],"wp:term":[{"taxonomy":"category","embeddable":true,"href":"https:\/\/serveiseducatius.xtec.cat\/solsones\/wp-json\/wp\/v2\/categories?post=13184"},{"taxonomy":"post_tag","embeddable":true,"href":"https:\/\/serveiseducatius.xtec.cat\/solsones\/wp-json\/wp\/v2\/tags?post=13184"}],"curies":[{"name":"wp","href":"https:\/\/api.w.org\/{rel}","templated":true}]}}