{"id":13126,"date":"2021-04-15T17:16:01","date_gmt":"2021-04-15T15:16:01","guid":{"rendered":"http:\/\/serveiseducatius.xtec.cat\/solsones\/?p=13126"},"modified":"2021-04-15T17:18:26","modified_gmt":"2021-04-15T15:18:26","slug":"visionat-del-film-josep-als-instituts","status":"publish","type":"post","link":"https:\/\/serveiseducatius.xtec.cat\/solsones\/portada\/visionat-del-film-josep-als-instituts\/","title":{"rendered":"Visionat del film \u201cJosep\u201d als instituts"},"content":{"rendered":"<p><a href=\"https:\/\/serveiseducatius.xtec.cat\/solsones\/wp-content\/uploads\/usu1176\/2021\/04\/josep.jpg\"><img loading=\"lazy\" decoding=\"async\" class=\" wp-image-13127 aligncenter\" src=\"https:\/\/serveiseducatius.xtec.cat\/solsones\/wp-content\/uploads\/usu1176\/2021\/04\/josep.jpg\" alt=\"\" width=\"207\" height=\"311\" \/><\/a><\/p>\n<p>Del del Memorial Democr\u00e0tic, han arribat a un acord amb la plataforma Filmin per projectar a les aules dels instituts de Catalunya el film d\u2019animaci\u00f3 \u201cJosep\u201d (Aurel, 2020), que tracta de l\u2019exili republic\u00e0 de 1939 i l\u2019internament dels refugiats en camps de concentraci\u00f3 del sud de Fran\u00e7a.<\/p>\n<p><strong>El visionat a les aules ser\u00e0 gratu\u00eft, pr\u00e8via<a href=\"https:\/\/forms.office.com\/Pages\/ResponsePage.aspx?id=3CeUOw7TvEOMBv9yU2dv7MLECx0FDlhBsUfawbHPcXJUN05ZWUFLUFlXRlBTMzM1MktQVjI4NElLTi4u\" target=\"_blank\" rel=\"noopener noreferrer\">\u00a0inscripci\u00f3<\/a>\u00a0per part dels centres<\/strong>, i es far\u00e0 en diverses sessions a finals d\u2019abril.<\/p>\n<p>A m\u00e9s, es complementar\u00e0 amb una conversa entre el director del film, Aurel, i el Jordi Font, director del Memorial Democr\u00e0tic.<\/p>\n<p>La conversa estar\u00e0 basada en les preguntes que facin arribar els mateixos alumnes<strong>.<\/strong><\/p>\n<p><strong> Podeu trobar la informaci\u00f3 detallada de l\u2019activitat i el formulari d\u2019inscripci\u00f3<a href=\"http:\/\/memoria.gencat.cat\/ca\/actualitat\/activitats\/detalls\/activitatagenda\/Josep-projeccio-i-conversa-amb-Aurelien-Froment-Aurel\" target=\"_blank\" rel=\"noopener noreferrer\">\u00a0en aquest enlla\u00e7.<\/a><\/strong><\/p>\n","protected":false},"excerpt":{"rendered":"<p>El visionat a les aules ser\u00e0 gratu\u00eft, pr\u00e8via\u00a0inscripci\u00f3\u00a0per part dels centres, i es far\u00e0 en diverses sessions a finals d\u2019abril<\/p>\n","protected":false},"author":1,"featured_media":13127,"comment_status":"closed","ping_status":"closed","sticky":false,"template":"","format":"standard","meta":{"_bbp_topic_count":0,"_bbp_reply_count":0,"_bbp_total_topic_count":0,"_bbp_total_reply_count":0,"_bbp_voice_count":0,"_bbp_anonymous_reply_count":0,"_bbp_topic_count_hidden":0,"_bbp_reply_count_hidden":0,"_bbp_forum_subforum_count":0,"site-sidebar-layout":"default","site-content-layout":"","ast-site-content-layout":"","site-content-style":"default","site-sidebar-style":"default","ast-global-header-display":"","ast-banner-title-visibility":"","ast-main-header-display":"","ast-hfb-above-header-display":"","ast-hfb-below-header-display":"","ast-hfb-mobile-header-display":"","site-post-title":"","ast-breadcrumbs-content":"","ast-featured-img":"","footer-sml-layout":"","theme-transparent-header-meta":"","adv-header-id-meta":"","stick-header-meta":"","header-above-stick-meta":"","header-main-stick-meta":"","header-below-stick-meta":"","astra-migrate-meta-layouts":"default","ast-page-background-enabled":"default","ast-page-background-meta":{"desktop":{"background-color":"var(--ast-global-color-4)","background-image":"","background-repeat":"repeat","background-position":"center center","background-size":"auto","background-attachment":"scroll","background-type":"","background-media":"","overlay-type":"","overlay-color":"","overlay-opacity":"","overlay-gradient":""},"tablet":{"background-color":"","background-image":"","background-repeat":"repeat","background-position":"center center","background-size":"auto","background-attachment":"scroll","background-type":"","background-media":"","overlay-type":"","overlay-color":"","overlay-opacity":"","overlay-gradient":""},"mobile":{"background-color":"","background-image":"","background-repeat":"repeat","background-position":"center center","background-size":"auto","background-attachment":"scroll","background-type":"","background-media":"","overlay-type":"","overlay-color":"","overlay-opacity":"","overlay-gradient":""}},"ast-content-background-meta":{"desktop":{"background-color":"var(--ast-global-color-5)","background-image":"","background-repeat":"repeat","background-position":"center center","background-size":"auto","background-attachment":"scroll","background-type":"","background-media":"","overlay-type":"","overlay-color":"","overlay-opacity":"","overlay-gradient":""},"tablet":{"background-color":"var(--ast-global-color-5)","background-image":"","background-repeat":"repeat","background-position":"center center","background-size":"auto","background-attachment":"scroll","background-type":"","background-media":"","overlay-type":"","overlay-color":"","overlay-opacity":"","overlay-gradient":""},"mobile":{"background-color":"var(--ast-global-color-5)","background-image":"","background-repeat":"repeat","background-position":"center center","background-size":"auto","background-attachment":"scroll","background-type":"","background-media":"","overlay-type":"","overlay-color":"","overlay-opacity":"","overlay-gradient":""}},"footnotes":""},"categories":[66,268,29],"tags":[334,247],"class_list":["post-13126","post","type-post","status-publish","format-standard","has-post-thumbnail","hentry","category-dinamitzacio","category-noticies-generals","category-portada","tag-cinema","tag-historia"],"post_mailing_queue_ids":[],"_links":{"self":[{"href":"https:\/\/serveiseducatius.xtec.cat\/solsones\/wp-json\/wp\/v2\/posts\/13126","targetHints":{"allow":["GET"]}}],"collection":[{"href":"https:\/\/serveiseducatius.xtec.cat\/solsones\/wp-json\/wp\/v2\/posts"}],"about":[{"href":"https:\/\/serveiseducatius.xtec.cat\/solsones\/wp-json\/wp\/v2\/types\/post"}],"author":[{"embeddable":true,"href":"https:\/\/serveiseducatius.xtec.cat\/solsones\/wp-json\/wp\/v2\/users\/1"}],"replies":[{"embeddable":true,"href":"https:\/\/serveiseducatius.xtec.cat\/solsones\/wp-json\/wp\/v2\/comments?post=13126"}],"version-history":[{"count":3,"href":"https:\/\/serveiseducatius.xtec.cat\/solsones\/wp-json\/wp\/v2\/posts\/13126\/revisions"}],"predecessor-version":[{"id":13132,"href":"https:\/\/serveiseducatius.xtec.cat\/solsones\/wp-json\/wp\/v2\/posts\/13126\/revisions\/13132"}],"wp:featuredmedia":[{"embeddable":true,"href":"https:\/\/serveiseducatius.xtec.cat\/solsones\/wp-json\/wp\/v2\/media\/13127"}],"wp:attachment":[{"href":"https:\/\/serveiseducatius.xtec.cat\/solsones\/wp-json\/wp\/v2\/media?parent=13126"}],"wp:term":[{"taxonomy":"category","embeddable":true,"href":"https:\/\/serveiseducatius.xtec.cat\/solsones\/wp-json\/wp\/v2\/categories?post=13126"},{"taxonomy":"post_tag","embeddable":true,"href":"https:\/\/serveiseducatius.xtec.cat\/solsones\/wp-json\/wp\/v2\/tags?post=13126"}],"curies":[{"name":"wp","href":"https:\/\/api.w.org\/{rel}","templated":true}]}}