{"id":13077,"date":"2021-04-06T11:46:57","date_gmt":"2021-04-06T09:46:57","guid":{"rendered":"http:\/\/serveiseducatius.xtec.cat\/solsones\/?p=13077"},"modified":"2021-04-06T11:47:34","modified_gmt":"2021-04-06T09:47:34","slug":"jornada-pedagogica-joan-perucho","status":"publish","type":"post","link":"https:\/\/serveiseducatius.xtec.cat\/solsones\/portada\/jornada-pedagogica-joan-perucho\/","title":{"rendered":"Jornada Pedag\u00f2gica Joan Perucho"},"content":{"rendered":"<p style=\"text-align: justify;\">Amb motiu de la commemoraci\u00f3 de l\u2019<a href=\"http:\/\/xtec.gencat.cat\/ca\/centres\/celebracions\/2020\/any-joan-perucho\/\" target=\"_blank\" rel=\"noopener noreferrer\">Any Joan Perucho<\/a>,\u00a0el curs passat el\u00a0Departament d\u2019Educaci\u00f3\u00a0tenia previst celebrar la\u00a0<i><b>Jornada Pedag\u00f2gica Joan Perucho<\/b><\/i>, que s\u2019ha hagut d\u2019ajornar fins aquesta primavera a causa de la pand\u00e8mia.<\/p>\n<p style=\"text-align: justify;\">Finalment, doncs, aquesta jornada commemorativa tindr\u00e0 lloc el proper <strong>divendres<\/strong> <b>16 d\u2019abril de 2021 <\/b>de <b>17 a 20 h <\/b>i es far\u00e0 de manera telem\u00e0tica. Constar\u00e0 d\u2019una pon\u00e8ncia marc a c\u00e0rrec de Juli\u00e0 Guillamon (comissari de l\u2019Any Joan Perucho), la presentaci\u00f3 d\u2019experi\u00e8ncies de centres i de materials did\u00e0ctics elaborats per a la commemoraci\u00f3, i de l\u2019espectacle de Carles Belda \u201cRoman\u00e7 de les hist\u00f2ries naturals\u201d, com a cloenda liter\u00e0ria.<\/p>\n<p><a href=\"https:\/\/aplicacions.gestioeducativa.gencat.cat\/pls\/soloas\/pk_for_mod_ins.p_for_detall_activitat?p_codi=9001470555&amp;p_curs=2020-2021&amp;p_es_inscr=S\" target=\"_blank\" rel=\"noopener noreferrer\" data-saferedirecturl=\"https:\/\/www.google.com\/url?q=https:\/\/aplicacions.gestioeducativa.gencat.cat\/pls\/soloas\/pk_for_mod_ins.p_for_detall_activitat?p_codi%3D9001470555%26p_curs%3D2020-2021%26p_es_inscr%3DS&amp;source=gmail&amp;ust=1616579850157000&amp;usg=AFQjCNEyiz-_JtwwiEwT_PmNSDJj8MNlQw\">Aqu\u00ed teniu l&#8217;enlla\u00e7 a la inscripci\u00f3<\/a>.<a href=\"https:\/\/serveiseducatius.xtec.cat\/solsones\/wp-content\/uploads\/usu1176\/2021\/04\/JoanPerucho-2.jpg\" target=\"_blank\" rel=\"noopener noreferrer\"><img loading=\"lazy\" decoding=\"async\" class=\"aligncenter wp-image-13089\" src=\"https:\/\/serveiseducatius.xtec.cat\/solsones\/wp-content\/uploads\/usu1176\/2021\/04\/JoanPerucho-2.jpg\" alt=\"\" width=\"498\" height=\"717\" srcset=\"https:\/\/serveiseducatius.xtec.cat\/solsones\/wp-content\/uploads\/usu1176\/2021\/04\/JoanPerucho-2.jpg 556w, https:\/\/serveiseducatius.xtec.cat\/solsones\/wp-content\/uploads\/usu1176\/2021\/04\/JoanPerucho-2-209x300.jpg 209w\" sizes=\"auto, (max-width: 498px) 100vw, 498px\" \/><\/a><\/p>\n","protected":false},"excerpt":{"rendered":"<p>El proper divendres 16 d&#8217;abril de 17 a 20 h tindr\u00e0 lloc de manera telem\u00e0tica la Jornada Pedag\u00f2gica Joan Perucho. <\/p>\n","protected":false},"author":1,"featured_media":13091,"comment_status":"closed","ping_status":"closed","sticky":false,"template":"","format":"standard","meta":{"_bbp_topic_count":0,"_bbp_reply_count":0,"_bbp_total_topic_count":0,"_bbp_total_reply_count":0,"_bbp_voice_count":0,"_bbp_anonymous_reply_count":0,"_bbp_topic_count_hidden":0,"_bbp_reply_count_hidden":0,"_bbp_forum_subforum_count":0,"site-sidebar-layout":"default","site-content-layout":"","ast-site-content-layout":"","site-content-style":"default","site-sidebar-style":"default","ast-global-header-display":"","ast-banner-title-visibility":"","ast-main-header-display":"","ast-hfb-above-header-display":"","ast-hfb-below-header-display":"","ast-hfb-mobile-header-display":"","site-post-title":"","ast-breadcrumbs-content":"","ast-featured-img":"","footer-sml-layout":"","theme-transparent-header-meta":"","adv-header-id-meta":"","stick-header-meta":"","header-above-stick-meta":"","header-main-stick-meta":"","header-below-stick-meta":"","astra-migrate-meta-layouts":"default","ast-page-background-enabled":"default","ast-page-background-meta":{"desktop":{"background-color":"var(--ast-global-color-4)","background-image":"","background-repeat":"repeat","background-position":"center center","background-size":"auto","background-attachment":"scroll","background-type":"","background-media":"","overlay-type":"","overlay-color":"","overlay-opacity":"","overlay-gradient":""},"tablet":{"background-color":"","background-image":"","background-repeat":"repeat","background-position":"center center","background-size":"auto","background-attachment":"scroll","background-type":"","background-media":"","overlay-type":"","overlay-color":"","overlay-opacity":"","overlay-gradient":""},"mobile":{"background-color":"","background-image":"","background-repeat":"repeat","background-position":"center center","background-size":"auto","background-attachment":"scroll","background-type":"","background-media":"","overlay-type":"","overlay-color":"","overlay-opacity":"","overlay-gradient":""}},"ast-content-background-meta":{"desktop":{"background-color":"var(--ast-global-color-5)","background-image":"","background-repeat":"repeat","background-position":"center center","background-size":"auto","background-attachment":"scroll","background-type":"","background-media":"","overlay-type":"","overlay-color":"","overlay-opacity":"","overlay-gradient":""},"tablet":{"background-color":"var(--ast-global-color-5)","background-image":"","background-repeat":"repeat","background-position":"center center","background-size":"auto","background-attachment":"scroll","background-type":"","background-media":"","overlay-type":"","overlay-color":"","overlay-opacity":"","overlay-gradient":""},"mobile":{"background-color":"var(--ast-global-color-5)","background-image":"","background-repeat":"repeat","background-position":"center center","background-size":"auto","background-attachment":"scroll","background-type":"","background-media":"","overlay-type":"","overlay-color":"","overlay-opacity":"","overlay-gradient":""}},"footnotes":""},"categories":[325,65,66,268,29],"tags":[596,192],"class_list":["post-13077","post","type-post","status-publish","format-standard","has-post-thumbnail","hentry","category-animacio-a-la-lectura","category-crp","category-dinamitzacio","category-noticies-generals","category-portada","tag-jornada-pedagogica","tag-literatura-infantil-i-juvenil"],"post_mailing_queue_ids":[],"_links":{"self":[{"href":"https:\/\/serveiseducatius.xtec.cat\/solsones\/wp-json\/wp\/v2\/posts\/13077","targetHints":{"allow":["GET"]}}],"collection":[{"href":"https:\/\/serveiseducatius.xtec.cat\/solsones\/wp-json\/wp\/v2\/posts"}],"about":[{"href":"https:\/\/serveiseducatius.xtec.cat\/solsones\/wp-json\/wp\/v2\/types\/post"}],"author":[{"embeddable":true,"href":"https:\/\/serveiseducatius.xtec.cat\/solsones\/wp-json\/wp\/v2\/users\/1"}],"replies":[{"embeddable":true,"href":"https:\/\/serveiseducatius.xtec.cat\/solsones\/wp-json\/wp\/v2\/comments?post=13077"}],"version-history":[{"count":3,"href":"https:\/\/serveiseducatius.xtec.cat\/solsones\/wp-json\/wp\/v2\/posts\/13077\/revisions"}],"predecessor-version":[{"id":13100,"href":"https:\/\/serveiseducatius.xtec.cat\/solsones\/wp-json\/wp\/v2\/posts\/13077\/revisions\/13100"}],"wp:featuredmedia":[{"embeddable":true,"href":"https:\/\/serveiseducatius.xtec.cat\/solsones\/wp-json\/wp\/v2\/media\/13091"}],"wp:attachment":[{"href":"https:\/\/serveiseducatius.xtec.cat\/solsones\/wp-json\/wp\/v2\/media?parent=13077"}],"wp:term":[{"taxonomy":"category","embeddable":true,"href":"https:\/\/serveiseducatius.xtec.cat\/solsones\/wp-json\/wp\/v2\/categories?post=13077"},{"taxonomy":"post_tag","embeddable":true,"href":"https:\/\/serveiseducatius.xtec.cat\/solsones\/wp-json\/wp\/v2\/tags?post=13077"}],"curies":[{"name":"wp","href":"https:\/\/api.w.org\/{rel}","templated":true}]}}