{"id":13074,"date":"2021-04-21T16:28:26","date_gmt":"2021-04-21T14:28:26","guid":{"rendered":"http:\/\/serveiseducatius.xtec.cat\/solsones\/?p=13074"},"modified":"2021-04-21T16:28:26","modified_gmt":"2021-04-21T14:28:26","slug":"jornada-pedagogica-josep-carner","status":"publish","type":"post","link":"https:\/\/serveiseducatius.xtec.cat\/solsones\/portada\/jornada-pedagogica-josep-carner\/","title":{"rendered":"Jornada Pedag\u00f2gica Josep Carner"},"content":{"rendered":"<p style=\"text-align: justify;\">El proper <strong>dijous 27 de maig<\/strong> de <strong>17 a 20 h<\/strong> es far\u00e0 de manera telem\u00e0tica la <strong>Jornada Josep Carner<\/strong>. Constar\u00e0 d\u2019una confer\u00e8ncia marc a c\u00e0rrec de Jaume Coll (comissari de l\u2019<a href=\"https:\/\/cultura.gencat.cat\/ca\/temes\/commemoracions\/2020\/anyjosepcarner\/inici\/\" target=\"_blank\" rel=\"noopener noreferrer\">Any Josep Carner<\/a>), la presentaci\u00f3 d\u2019experi\u00e8ncies de centres i de materials did\u00e0ctics elaborats per a la commemoraci\u00f3, i d\u2019una cloenda liter\u00e0ria.<\/p>\n<p><a href=\"https:\/\/aplicacions.gestioeducativa.gencat.cat\/pls\/soloas\/pk_for_mod_ins.p_for_detall_activitat?p_codi=9001480555&amp;p_curs=2020-2021&amp;p_es_inscr=S\" target=\"_blank\" rel=\"noopener noreferrer\" data-saferedirecturl=\"https:\/\/www.google.com\/url?q=https:\/\/aplicacions.gestioeducativa.gencat.cat\/pls\/soloas\/pk_for_mod_ins.p_for_detall_activitat?p_codi%3D9001480555%26p_curs%3D2020-2021%26p_es_inscr%3DS&amp;source=gmail&amp;ust=1617779708218000&amp;usg=AFQjCNH72VwyUFthg-zX3EDbcgQ530V2Gg\">Aqu\u00ed teniu l&#8217;enlla\u00e7 a la inscripci\u00f3<\/a>.<\/p>\n<p><a href=\"https:\/\/serveiseducatius.xtec.cat\/solsones\/wp-content\/uploads\/usu1176\/2021\/04\/Jornada-pedagogica-Carner.png_981502079.png\" target=\"_blank\" rel=\"noopener noreferrer\"><img loading=\"lazy\" decoding=\"async\" class=\"aligncenter wp-image-13075\" src=\"https:\/\/serveiseducatius.xtec.cat\/solsones\/wp-content\/uploads\/usu1176\/2021\/04\/Jornada-pedagogica-Carner.png_981502079.png\" alt=\"\" width=\"503\" height=\"720\" srcset=\"https:\/\/serveiseducatius.xtec.cat\/solsones\/wp-content\/uploads\/usu1176\/2021\/04\/Jornada-pedagogica-Carner.png_981502079.png 577w, https:\/\/serveiseducatius.xtec.cat\/solsones\/wp-content\/uploads\/usu1176\/2021\/04\/Jornada-pedagogica-Carner.png_981502079-209x300.png 209w\" sizes=\"auto, (max-width: 503px) 100vw, 503px\" \/><\/a><\/p>\n<div><\/div>\n","protected":false},"excerpt":{"rendered":"<p>El proper dijous 27 de maig de 17 a 20 h es far\u00e0 de manera telem\u00e0tica la Jornada Josep Carner. Constar\u00e0 d\u2019una confer\u00e8ncia marc a c\u00e0rrec de Jaume Coll (comissari de l\u2019Any Josep Carner), la presentaci\u00f3 d\u2019experi\u00e8ncies de centres i de materials did\u00e0ctics elaborats per a la commemoraci\u00f3, i d\u2019una cloenda liter\u00e0ria. Aqu\u00ed teniu l&#8217;enlla\u00e7 [&hellip;]<\/p>\n","protected":false},"author":1,"featured_media":13083,"comment_status":"closed","ping_status":"closed","sticky":false,"template":"","format":"standard","meta":{"_bbp_topic_count":0,"_bbp_reply_count":0,"_bbp_total_topic_count":0,"_bbp_total_reply_count":0,"_bbp_voice_count":0,"_bbp_anonymous_reply_count":0,"_bbp_topic_count_hidden":0,"_bbp_reply_count_hidden":0,"_bbp_forum_subforum_count":0,"site-sidebar-layout":"default","site-content-layout":"","ast-site-content-layout":"","site-content-style":"default","site-sidebar-style":"default","ast-global-header-display":"","ast-banner-title-visibility":"","ast-main-header-display":"","ast-hfb-above-header-display":"","ast-hfb-below-header-display":"","ast-hfb-mobile-header-display":"","site-post-title":"","ast-breadcrumbs-content":"","ast-featured-img":"","footer-sml-layout":"","theme-transparent-header-meta":"","adv-header-id-meta":"","stick-header-meta":"","header-above-stick-meta":"","header-main-stick-meta":"","header-below-stick-meta":"","astra-migrate-meta-layouts":"default","ast-page-background-enabled":"default","ast-page-background-meta":{"desktop":{"background-color":"var(--ast-global-color-4)","background-image":"","background-repeat":"repeat","background-position":"center center","background-size":"auto","background-attachment":"scroll","background-type":"","background-media":"","overlay-type":"","overlay-color":"","overlay-opacity":"","overlay-gradient":""},"tablet":{"background-color":"","background-image":"","background-repeat":"repeat","background-position":"center center","background-size":"auto","background-attachment":"scroll","background-type":"","background-media":"","overlay-type":"","overlay-color":"","overlay-opacity":"","overlay-gradient":""},"mobile":{"background-color":"","background-image":"","background-repeat":"repeat","background-position":"center center","background-size":"auto","background-attachment":"scroll","background-type":"","background-media":"","overlay-type":"","overlay-color":"","overlay-opacity":"","overlay-gradient":""}},"ast-content-background-meta":{"desktop":{"background-color":"var(--ast-global-color-5)","background-image":"","background-repeat":"repeat","background-position":"center center","background-size":"auto","background-attachment":"scroll","background-type":"","background-media":"","overlay-type":"","overlay-color":"","overlay-opacity":"","overlay-gradient":""},"tablet":{"background-color":"var(--ast-global-color-5)","background-image":"","background-repeat":"repeat","background-position":"center center","background-size":"auto","background-attachment":"scroll","background-type":"","background-media":"","overlay-type":"","overlay-color":"","overlay-opacity":"","overlay-gradient":""},"mobile":{"background-color":"var(--ast-global-color-5)","background-image":"","background-repeat":"repeat","background-position":"center center","background-size":"auto","background-attachment":"scroll","background-type":"","background-media":"","overlay-type":"","overlay-color":"","overlay-opacity":"","overlay-gradient":""}},"footnotes":""},"categories":[325,65,268,29],"tags":[596,192],"class_list":["post-13074","post","type-post","status-publish","format-standard","has-post-thumbnail","hentry","category-animacio-a-la-lectura","category-crp","category-noticies-generals","category-portada","tag-jornada-pedagogica","tag-literatura-infantil-i-juvenil"],"post_mailing_queue_ids":[],"_links":{"self":[{"href":"https:\/\/serveiseducatius.xtec.cat\/solsones\/wp-json\/wp\/v2\/posts\/13074","targetHints":{"allow":["GET"]}}],"collection":[{"href":"https:\/\/serveiseducatius.xtec.cat\/solsones\/wp-json\/wp\/v2\/posts"}],"about":[{"href":"https:\/\/serveiseducatius.xtec.cat\/solsones\/wp-json\/wp\/v2\/types\/post"}],"author":[{"embeddable":true,"href":"https:\/\/serveiseducatius.xtec.cat\/solsones\/wp-json\/wp\/v2\/users\/1"}],"replies":[{"embeddable":true,"href":"https:\/\/serveiseducatius.xtec.cat\/solsones\/wp-json\/wp\/v2\/comments?post=13074"}],"version-history":[{"count":3,"href":"https:\/\/serveiseducatius.xtec.cat\/solsones\/wp-json\/wp\/v2\/posts\/13074\/revisions"}],"predecessor-version":[{"id":13099,"href":"https:\/\/serveiseducatius.xtec.cat\/solsones\/wp-json\/wp\/v2\/posts\/13074\/revisions\/13099"}],"wp:featuredmedia":[{"embeddable":true,"href":"https:\/\/serveiseducatius.xtec.cat\/solsones\/wp-json\/wp\/v2\/media\/13083"}],"wp:attachment":[{"href":"https:\/\/serveiseducatius.xtec.cat\/solsones\/wp-json\/wp\/v2\/media?parent=13074"}],"wp:term":[{"taxonomy":"category","embeddable":true,"href":"https:\/\/serveiseducatius.xtec.cat\/solsones\/wp-json\/wp\/v2\/categories?post=13074"},{"taxonomy":"post_tag","embeddable":true,"href":"https:\/\/serveiseducatius.xtec.cat\/solsones\/wp-json\/wp\/v2\/tags?post=13074"}],"curies":[{"name":"wp","href":"https:\/\/api.w.org\/{rel}","templated":true}]}}