{"id":12732,"date":"2021-03-17T13:38:58","date_gmt":"2021-03-17T12:38:58","guid":{"rendered":"http:\/\/serveiseducatius.xtec.cat\/solsones\/?p=12732"},"modified":"2021-03-17T13:38:58","modified_gmt":"2021-03-17T12:38:58","slug":"propostes-i-recursos-dia-mundial-de-laigua-i-medi-ambient","status":"publish","type":"post","link":"https:\/\/serveiseducatius.xtec.cat\/solsones\/portada\/propostes-i-recursos-dia-mundial-de-laigua-i-medi-ambient\/","title":{"rendered":"Propostes i recursos: Dia mundial de l&#8217;aigua i medi ambient"},"content":{"rendered":"<h5 style=\"text-align: left;\">Vaga clim\u00e0tica (19 de mar\u00e7) i 11 documentals per a l&#8217;acci\u00f3 clim\u00e0tica<\/h5>\n<p style=\"text-align: justify;\"><a href=\"https:\/\/serveiseducatius.xtec.cat\/solsones\/wp-content\/uploads\/usu1176\/2021\/03\/unnamed-1.jpg\"><img loading=\"lazy\" decoding=\"async\" class=\"wp-image-12759 alignleft\" src=\"https:\/\/serveiseducatius.xtec.cat\/solsones\/wp-content\/uploads\/usu1176\/2021\/03\/unnamed-1.jpg\" alt=\"\" width=\"161\" height=\"200\" srcset=\"https:\/\/serveiseducatius.xtec.cat\/solsones\/wp-content\/uploads\/usu1176\/2021\/03\/unnamed-1.jpg 410w, https:\/\/serveiseducatius.xtec.cat\/solsones\/wp-content\/uploads\/usu1176\/2021\/03\/unnamed-1-240x300.jpg 240w\" sizes=\"auto, (max-width: 161px) 100vw, 161px\" \/><\/a>El moviment Jove per al Clima ha anunciat una <strong>vaga clim\u00e0tica internacional<\/strong> per el proper divendres <strong>19 de mar\u00e7<\/strong>. Sota el lema &#8220;No m\u00e9s promeses buides&#8221; la mobilitzaci\u00f3 vol exigir als l\u00edders internacionals el compliment de l&#8217;acord de Par\u00eds i la implementaci\u00f3 de mesures concretes de forma immediata.<\/p>\n<p><img loading=\"lazy\" decoding=\"async\" class=\"wp-image-12766 alignright\" style=\"border: none; color: #2795b6;\" src=\"https:\/\/serveiseducatius.xtec.cat\/solsones\/wp-content\/uploads\/usu1176\/2021\/03\/unnamed-2.jpg\" alt=\"\" width=\"104\" height=\"87\" \/><\/p>\n<p style=\"text-align: justify;\"><strong>En aquest <a href=\"https:\/\/escolesverdeslleida.fundesplai.org\/propostes-recursos-educatius\/vaga-climatica-19-marc-11-documentals-accio-climatica-2\/\" target=\"_blank\" rel=\"noopener noreferrer\">bloc<\/a> del programa Escoles Verdes de Lleida trobareu els v\u00eddeos i tamb\u00e9 una propost<\/strong><strong>a i recursos per sumar-vos a aquesta mobilitzaci\u00f3 pel clima.<\/strong><\/p>\n<p>&nbsp;<\/p>\n<h5><\/h5>\n<p>&nbsp;<\/p>\n<h5 style=\"text-align: left;\">Propostes i recursos did\u00e0ctics: Dia mundial de l&#8217;aigua (22 de mar\u00e7)<\/h5>\n<p style=\"text-align: justify;\"><a href=\"https:\/\/serveiseducatius.xtec.cat\/solsones\/wp-content\/uploads\/usu1176\/2021\/03\/unnamed.jpg\"><img loading=\"lazy\" decoding=\"async\" class=\"wp-image-12733 alignright\" src=\"https:\/\/serveiseducatius.xtec.cat\/solsones\/wp-content\/uploads\/usu1176\/2021\/03\/unnamed.jpg\" alt=\"\" width=\"231\" height=\"157\" srcset=\"https:\/\/serveiseducatius.xtec.cat\/solsones\/wp-content\/uploads\/usu1176\/2021\/03\/unnamed.jpg 1004w, https:\/\/serveiseducatius.xtec.cat\/solsones\/wp-content\/uploads\/usu1176\/2021\/03\/unnamed-300x203.jpg 300w, https:\/\/serveiseducatius.xtec.cat\/solsones\/wp-content\/uploads\/usu1176\/2021\/03\/unnamed-768x519.jpg 768w\" sizes=\"auto, (max-width: 231px) 100vw, 231px\" \/><\/a>El <strong>22 de mar\u00e7<\/strong> \u00e9s el <strong>Dia mundial de l&#8217;aigua<\/strong> i enguany el lema d&#8217;aquesta diada \u00e9s <strong><em>Qu\u00e8 significa l&#8217;aigua per tu?\u00a0<\/em><\/strong>\u00c9s un dia per a reflexionar sobre el seu\u00a0<span style=\"font-family: inherit; font-size: 1em; text-align: justify;\">veritable valor i pensar com protegir aquest recurs essencial per la vida. Quina import\u00e0ncia t\u00e9 l\u2019aigua per a la\u00a0<\/span><span style=\"font-family: inherit; font-size: 1em; text-align: justify;\">vostra llar i la vostra vida familiar, el vostre mitj\u00e0 de vida, les vostres pr\u00e0ctiques culturals, el vostre benestar i el vostre entorn local?<\/span><\/p>\n<p style=\"text-align: justify;\"><strong>En aquest <a href=\"https:\/\/escolesverdeslleida.fundesplai.org\/actualitat-esdeveniments-ambientals\/dia-mundial-aigua\/\" target=\"_blank\" rel=\"noopener noreferrer\">bloc<\/a> del programa Escoles Verdes podeu trobar m\u00e9s informaci\u00f3 i un recull de propostes i recursos did\u00e0ctics per treballar el Dia Mundial de l&#8217;Aigua am<\/strong><strong>b els vostres alumnes.<\/strong><\/p>\n<p>&nbsp;<\/p>\n<h5 style=\"text-align: left;\">C\u00e0psula Medi: L\u2019Oce\u00e0 dins l\u2019aula. Qui agafa el repte?<\/h5>\n<p style=\"text-align: justify;\">A m\u00e9s, us informem que el dia 22 de mar\u00e7 de 17.30 h a 19.30 h hi ha la\u00a0segona C\u00e0psula de Medi d&#8217;aquest curs. Aquesta vegada, dedicada a <strong>L\u2019Oce\u00e0 dins l\u2019aula. Qui agafa el repte?<\/strong>\u00a0Ser\u00e0 retransmesa pel canal de Youtube <em><a href=\"https:\/\/www.youtube.com\/channel\/UCr1QWhZwVGwll5KzxcFfubQ\" target=\"_blank\" rel=\"noopener noreferrer\" data-saferedirecturl=\"https:\/\/www.google.com\/url?q=https:\/\/www.youtube.com\/channel\/UCr1QWhZwVGwll5KzxcFfubQ&amp;source=gmail&amp;ust=1616054452398000&amp;usg=AFQjCNGqx3oIxAWcd7MJsP8PEyBzOkYDjg\">\u00c0mbit Cient\u00edfic i\u00a0Medi. CESIRE<\/a>. <\/em>Podeu inscriure-us en aquest\u00a0<em><u><a href=\"https:\/\/aplicacions.gestioeducativa.gencat.cat\/pls\/soloas\/pk_for_mod_ins.p_for_detall_activitat?p_codi=9002120532&amp;p_curs=2020-2021&amp;p_es_inscr=S\" target=\"_blank\" rel=\"noopener noreferrer\" data-saferedirecturl=\"https:\/\/www.google.com\/url?q=https:\/\/aplicacions.gestioeducativa.gencat.cat\/pls\/soloas\/pk_for_mod_ins.p_for_detall_activitat?p_codi%3D9002120532%26p_curs%3D2020-2021%26p_es_inscr%3DS&amp;source=gmail&amp;ust=1616054452398000&amp;usg=AFQjCNFRf8q7s89tJRHwkcDTKlfSbADWQg\">enlla\u00e7<\/a><\/u><\/em><a href=\"https:\/\/serveiseducatius.xtec.cat\/solsones\/wp-content\/uploads\/usu1176\/2021\/03\/image.png\"><img loading=\"lazy\" decoding=\"async\" class=\" wp-image-12736 aligncenter\" src=\"https:\/\/serveiseducatius.xtec.cat\/solsones\/wp-content\/uploads\/usu1176\/2021\/03\/image.png\" alt=\"\" width=\"618\" height=\"273\" srcset=\"https:\/\/serveiseducatius.xtec.cat\/solsones\/wp-content\/uploads\/usu1176\/2021\/03\/image.png 567w, https:\/\/serveiseducatius.xtec.cat\/solsones\/wp-content\/uploads\/usu1176\/2021\/03\/image-300x132.png 300w\" sizes=\"auto, (max-width: 618px) 100vw, 618px\" \/><\/a><\/p>\n<p>&nbsp;<\/p>\n<h5 style=\"text-align: left;\">Seminari en l\u00ednia de preparaci\u00f3 del Let\u2019s Clean Up Europe!<\/h5>\n<p><span style=\"color: #000000; font-family: arial, sans-serif;\"> <a href=\"https:\/\/serveiseducatius.xtec.cat\/solsones\/wp-content\/uploads\/usu1176\/2021\/03\/Capturaaa.jpg\"><img loading=\"lazy\" decoding=\"async\" class=\"wp-image-12777 alignleft\" src=\"https:\/\/serveiseducatius.xtec.cat\/solsones\/wp-content\/uploads\/usu1176\/2021\/03\/Capturaaa.jpg\" alt=\"\" width=\"86\" height=\"124\" \/><\/a><\/span><span style=\"color: #000000; font-family: arial, sans-serif;\">En el marc de la <b>VIII edici\u00f3 del<\/b>\u00a0<b>Let\u2019s Clean Up Europe!<\/b> que se celebra del 7 al 9 de maig de 2021 s&#8217;organitza una sessi\u00f3 online de\u00a0presentaci\u00f3 de recursos i experi\u00e8ncies per dissenyar projectes educatius.<\/span><\/p>\n<p><span style=\"color: #000000; font-family: arial, sans-serif;\">Des de l&#8217;ARC, <strong>el proper\u00a022 de mar\u00e7 a les 17.30h, organitzen un webinar per tal d&#8217;aprofitar la campanya europea\u00a0Let&#8217;s Clean up\u00a0amb el prop\u00f2sit d&#8217;anar m\u00e9s enll\u00e0 d&#8217;una recollida puntual de residus.\u00a0<\/strong><\/span><\/p>\n<p><span style=\"font-family: arial, sans-serif;\"><span style=\"color: #000000;\">Us annexem el programa i us\u00a0compartim el<\/span>\u00a0<a href=\"https:\/\/www.youtube.com\/watch?v=naXAVQ6ZHqU\" target=\"_blank\" rel=\"noopener noreferrer\" data-saferedirecturl=\"https:\/\/www.google.com\/url?q=https:\/\/www.youtube.com\/watch?v%3DnaXAVQ6ZHqU&amp;source=gmail&amp;ust=1616060959132000&amp;usg=AFQjCNHQ2a3n6BmHgtXG3FpdIJHiAugGfA\">v\u00eddeo promocional d&#8217;aquesta edici\u00f3<\/a><\/span><span style=\"color: #000000; font-family: arial, sans-serif;\">.<\/span><\/p>\n<p><span style=\"color: #000000; font-family: arial, sans-serif;\">Us facilitem el formulari d&#8217;inscripci\u00f3: <\/span><a href=\"https:\/\/docs.google.com\/forms\/d\/e\/1FAIpQLScq-jJVIv9sqoQTNW883sCkdnFrsgIjxbIqtMUT4cznGpUwLw\/viewform?gxids=7628\" target=\"_blank\" rel=\"noopener noreferrer\" data-saferedirecturl=\"https:\/\/www.google.com\/url?q=https:\/\/docs.google.com\/forms\/d\/e\/1FAIpQLScq-jJVIv9sqoQTNW883sCkdnFrsgIjxbIqtMUT4cznGpUwLw\/viewform?gxids%3D7628&amp;source=gmail&amp;ust=1616060959132000&amp;usg=AFQjCNFbyG56vHxdNyZ9B0rpAqn3LYVhwA\">https:\/\/docs.google.com\/forms\/<wbr \/>d\/e\/1FAIpQLScq-<wbr \/>jJVIv9sqoQTNW883sCkdnFrsgIjxbI<wbr \/>qtMUT4cznGpUwLw\/viewform?<wbr \/>gxids=7628<\/a><\/p>\n<p><span style=\"color: #000000;\">Per a m\u00e9s informaci\u00f3: <\/span><a href=\"http:\/\/residus.gencat.cat\/ca\/ambits_dactuacio\/prevencio\/setmana_europea\/lets_clean_up_europe\/\" target=\"_blank\" rel=\"noopener noreferrer\" data-saferedirecturl=\"https:\/\/www.google.com\/url?q=http:\/\/residus.gencat.cat\/ca\/ambits_dactuacio\/prevencio\/setmana_europea\/lets_clean_up_europe\/&amp;source=gmail&amp;ust=1616060959132000&amp;usg=AFQjCNHsW4U0A_a93Qo-u5LOv_yuTuzcEA\">http:\/\/residus.gencat.cat\/ca\/<wbr \/>ambits_dactuacio\/prevencio\/<wbr \/>setmana_europea\/lets_clean_up_<wbr \/>europe\/<\/a><\/p>\n<p>&nbsp;<\/p>\n<p style=\"text-align: justify;\">\n","protected":false},"excerpt":{"rendered":"<p>&#8211; Vaga clim\u00e0tica (19 mar\u00e7)<br \/>\n&#8211; Dia Mundial de l&#8217;Aigua (22 de mar\u00e7)<br \/>\n&#8211; CESIRE: C\u00e0psula de Medi (L\u2019Oce\u00e0 dins l\u2019aula. Qui agafa el repte?)<br \/>\n&#8211; Let&#8217;s Clean Up Europe!<\/p>\n","protected":false},"author":1,"featured_media":12733,"comment_status":"closed","ping_status":"closed","sticky":false,"template":"","format":"standard","meta":{"_bbp_topic_count":0,"_bbp_reply_count":0,"_bbp_total_topic_count":0,"_bbp_total_reply_count":0,"_bbp_voice_count":0,"_bbp_anonymous_reply_count":0,"_bbp_topic_count_hidden":0,"_bbp_reply_count_hidden":0,"_bbp_forum_subforum_count":0,"site-sidebar-layout":"default","site-content-layout":"","ast-site-content-layout":"","site-content-style":"default","site-sidebar-style":"default","ast-global-header-display":"","ast-banner-title-visibility":"","ast-main-header-display":"","ast-hfb-above-header-display":"","ast-hfb-below-header-display":"","ast-hfb-mobile-header-display":"","site-post-title":"","ast-breadcrumbs-content":"","ast-featured-img":"","footer-sml-layout":"","theme-transparent-header-meta":"","adv-header-id-meta":"","stick-header-meta":"","header-above-stick-meta":"","header-main-stick-meta":"","header-below-stick-meta":"","astra-migrate-meta-layouts":"default","ast-page-background-enabled":"default","ast-page-background-meta":{"desktop":{"background-color":"var(--ast-global-color-4)","background-image":"","background-repeat":"repeat","background-position":"center center","background-size":"auto","background-attachment":"scroll","background-type":"","background-media":"","overlay-type":"","overlay-color":"","overlay-opacity":"","overlay-gradient":""},"tablet":{"background-color":"","background-image":"","background-repeat":"repeat","background-position":"center center","background-size":"auto","background-attachment":"scroll","background-type":"","background-media":"","overlay-type":"","overlay-color":"","overlay-opacity":"","overlay-gradient":""},"mobile":{"background-color":"","background-image":"","background-repeat":"repeat","background-position":"center center","background-size":"auto","background-attachment":"scroll","background-type":"","background-media":"","overlay-type":"","overlay-color":"","overlay-opacity":"","overlay-gradient":""}},"ast-content-background-meta":{"desktop":{"background-color":"var(--ast-global-color-5)","background-image":"","background-repeat":"repeat","background-position":"center center","background-size":"auto","background-attachment":"scroll","background-type":"","background-media":"","overlay-type":"","overlay-color":"","overlay-opacity":"","overlay-gradient":""},"tablet":{"background-color":"var(--ast-global-color-5)","background-image":"","background-repeat":"repeat","background-position":"center center","background-size":"auto","background-attachment":"scroll","background-type":"","background-media":"","overlay-type":"","overlay-color":"","overlay-opacity":"","overlay-gradient":""},"mobile":{"background-color":"var(--ast-global-color-5)","background-image":"","background-repeat":"repeat","background-position":"center center","background-size":"auto","background-attachment":"scroll","background-type":"","background-media":"","overlay-type":"","overlay-color":"","overlay-opacity":"","overlay-gradient":""}},"footnotes":""},"categories":[65,66,350,268,29,76],"tags":[732,297,589,299,352,351],"class_list":["post-12732","post","type-post","status-publish","format-standard","has-post-thumbnail","hentry","category-crp","category-dinamitzacio","category-escoles-verdes","category-noticies-generals","category-portada","category-recursos","tag-dia-mundial-de-laigua","tag-ecologia","tag-emergencia-climatica","tag-escoles-verdes","tag-medi-ambient","tag-sostenibilitat"],"post_mailing_queue_ids":[],"_links":{"self":[{"href":"https:\/\/serveiseducatius.xtec.cat\/solsones\/wp-json\/wp\/v2\/posts\/12732","targetHints":{"allow":["GET"]}}],"collection":[{"href":"https:\/\/serveiseducatius.xtec.cat\/solsones\/wp-json\/wp\/v2\/posts"}],"about":[{"href":"https:\/\/serveiseducatius.xtec.cat\/solsones\/wp-json\/wp\/v2\/types\/post"}],"author":[{"embeddable":true,"href":"https:\/\/serveiseducatius.xtec.cat\/solsones\/wp-json\/wp\/v2\/users\/1"}],"replies":[{"embeddable":true,"href":"https:\/\/serveiseducatius.xtec.cat\/solsones\/wp-json\/wp\/v2\/comments?post=12732"}],"version-history":[{"count":3,"href":"https:\/\/serveiseducatius.xtec.cat\/solsones\/wp-json\/wp\/v2\/posts\/12732\/revisions"}],"predecessor-version":[{"id":12789,"href":"https:\/\/serveiseducatius.xtec.cat\/solsones\/wp-json\/wp\/v2\/posts\/12732\/revisions\/12789"}],"wp:featuredmedia":[{"embeddable":true,"href":"https:\/\/serveiseducatius.xtec.cat\/solsones\/wp-json\/wp\/v2\/media\/12733"}],"wp:attachment":[{"href":"https:\/\/serveiseducatius.xtec.cat\/solsones\/wp-json\/wp\/v2\/media?parent=12732"}],"wp:term":[{"taxonomy":"category","embeddable":true,"href":"https:\/\/serveiseducatius.xtec.cat\/solsones\/wp-json\/wp\/v2\/categories?post=12732"},{"taxonomy":"post_tag","embeddable":true,"href":"https:\/\/serveiseducatius.xtec.cat\/solsones\/wp-json\/wp\/v2\/tags?post=12732"}],"curies":[{"name":"wp","href":"https:\/\/api.w.org\/{rel}","templated":true}]}}