{"id":12514,"date":"2021-03-02T16:06:01","date_gmt":"2021-03-02T15:06:01","guid":{"rendered":"http:\/\/serveiseducatius.xtec.cat\/solsones\/?p=12514"},"modified":"2021-03-02T16:06:01","modified_gmt":"2021-03-02T15:06:01","slug":"8-de-marc-dia-internacional-de-la-dona-2","status":"publish","type":"post","link":"https:\/\/serveiseducatius.xtec.cat\/solsones\/portada\/8-de-marc-dia-internacional-de-la-dona-2\/","title":{"rendered":"8 de mar\u00e7: Dia Internacional de la Dona"},"content":{"rendered":"<p>&nbsp;<\/p>\n<p>El Departament d\u2019Educaci\u00f3, en commemoraci\u00f3 del\u00a0<a href=\"https:\/\/dones.gencat.cat\/ca\/ambits\/campanyes\/8m-dia-internacional-dones\/\">Dia Internacional de les Dones<\/a>, proposa activitats per visibilitzar i conscienciar l\u2019alumnat i tota la comunitat educativa sobre els drets de les dones.\u00a0 Es basen en aquests cinc eixos:<\/p>\n<p>&#8211; Expliquem contes<img loading=\"lazy\" decoding=\"async\" class=\"wp-image-12515 alignright\" src=\"https:\/\/serveiseducatius.xtec.cat\/solsones\/wp-content\/uploads\/usu1176\/2021\/03\/Captura.jpg\" alt=\"\" width=\"430\" height=\"172\" srcset=\"https:\/\/serveiseducatius.xtec.cat\/solsones\/wp-content\/uploads\/usu1176\/2021\/03\/Captura.jpg 725w, https:\/\/serveiseducatius.xtec.cat\/solsones\/wp-content\/uploads\/usu1176\/2021\/03\/Captura-300x120.jpg 300w\" sizes=\"auto, (max-width: 430px) 100vw, 430px\" \/><\/p>\n<p>&#8211; Mirem pel\u00b7l\u00edcules<\/p>\n<p>&#8211; Fem itineraris<\/p>\n<p>&#8211; Parlem del feminisme<\/p>\n<p>&#8211; Fem teatre<\/p>\n<p>Trobareu les activitats en el seg\u00fcent enlla\u00e7 <a href=\"http:\/\/xtec.gencat.cat\/ca\/centres\/celebracions\/2021\/dia-internacional-de-les-dones-2021\/\">Recursos i propostes d\u2019actuaci\u00f3<\/a> de la p\u00e0gina de l&#8217;XTEC.<\/p>\n<div class=\"fusion-text\">\n<ul>\n<li><a href=\"https:\/\/blocs.xtec.cat\/coeducacioiigualtat\/?_ga=2.253802440.1599512571.1603790134-635808204.1413654475\" target=\"_blank\" rel=\"noopener noreferrer\">Blog del Coeduca\u2019t<\/a><\/li>\n<li><a href=\"http:\/\/xtec.gencat.cat\/ca\/centres\/projeducatiu\/convivencia\/prog-form-prev-violencia-masclista\/families\/\">Programa formatiu de prevenci\u00f3 de la viol\u00e8ncia masclista<\/a><\/li>\n<li><a href=\"http:\/\/educacio.gencat.cat\/ca\/arees-actuacio\/families\/\" target=\"_blank\" rel=\"noopener noreferrer\">Fam\u00edlies<\/a><\/li>\n<li><a href=\"http:\/\/educacio.gencat.cat\/ca\/arees-actuacio\/centres-serveis-educatius\/programes-innovacio-pedagogica\/educacio-infantil-primaria-secundaria-batxillerat\/steam-cat\" target=\"_blank\" rel=\"noopener noreferrer\">Programa STEAMcat<\/a><\/li>\n<li><a href=\"https:\/\/espai.educacio.gencat.cat\/Recursos\/Biblioteca\/Novetats\/Pagines\/default.aspx\" target=\"_blank\" rel=\"noopener noreferrer\" data-saferedirecturl=\"https:\/\/www.google.com\/url?q=https:\/\/espai.educacio.gencat.cat\/Recursos\/Biblioteca\/Novetats\/Pagines\/default.aspx&amp;source=gmail&amp;ust=1614765392520000&amp;usg=AFQjCNFqUnmCdKSBzWLZWDVtMmiQVhQREQ\">Especial 8M<\/a><\/li>\n<li><a href=\"https:\/\/youtu.be\/g6mE5LOd3bU\" target=\"_blank\" rel=\"noopener noreferrer\" data-saferedirecturl=\"https:\/\/www.google.com\/url?q=https:\/\/youtu.be\/g6mE5LOd3bU&amp;source=gmail&amp;ust=1614765392520000&amp;usg=AFQjCNH1cRtWVVlC96m_fgCY1q_OSKYCkg\">Pol\u00edtiques de g\u00e8nere, de qu\u00e8 estem parlant?<\/a><\/li>\n<li><a href=\"https:\/\/treballiaferssocials.gencat.cat\/ca\/ambits_tematics\/families\/usos_i_gestio_dels_temps\/campanya_compartim_el_temps\/caixa_eines_intern\/capsa_eines\/test_compartim_el_temps\/\" target=\"_blank\" rel=\"noopener noreferrer\">Capsa d\u2019eines de la corresponsabilitat per a les fam\u00edlies<\/a><\/li>\n<li><a href=\"https:\/\/youtu.be\/agiiJ9jhiAI\" target=\"_blank\" rel=\"noopener noreferrer\">Acte Institucional del\u00a0Dia Internacional de les Dones<\/a><\/li>\n<\/ul>\n<\/div>\n<p>Altres recursos interessants per commemorar el Dia Internacional de les Dones:<\/p>\n<ul>\n<li class=\"title-1 mb-4\"><a href=\"https:\/\/www.rosasensat.org\/perspectiva-de-genere-i-coeducacio-lectures-infantils-i-juvenils-per-treballar-dins-i-fora-laula\/\">Perspectiva de g\u00e8nere i coeducaci\u00f3: lectures infantils i juvenils per treballar dins i fora l\u2019aula &#8211; Rosa Sensat<\/a><\/li>\n<li><a href=\"http:\/\/xtec.gencat.cat\/ca\/curriculum\/coeducacio\/recursos\/\">Recursos curriculars per treballar la igualtat de g\u00e8nere &#8211; XTEC<\/a><\/li>\n<li><a href=\"https:\/\/www.youtube.com\/watch?v=2EoBdFXPi1k\">Canc\u00f3 &#8220;Les criades&#8221; &#8211; Roba Estesa<\/a><\/li>\n<li><a href=\"https:\/\/www.youtube.com\/watch?v=Rn5_9wOZRvQ\">V\u00eddeo de la campanya per la igualtat de g\u00e8nere &#8211; Diputaci\u00f3 de Barcelona<\/a><\/li>\n<li><a href=\"https:\/\/www.youtube.com\/watch?v=kR1epOhsiu0\">V\u00eddeo sobre estereotips i rols de g\u00e8nere &#8211; Universitat de Val\u00e8ncia<\/a><\/li>\n<li><a href=\"https:\/\/www.youtube.com\/watch?v=83Z9O-NT2Fg\">V\u00eddeo animat explicatiu sobre els estereotips de g\u00e8nere &#8211; Pla Local de la Dona de Blanes<\/a><\/li>\n<li><a href=\"https:\/\/www.youtube.com\/watch?v=i_xU7VbF09I\">V\u00eddeo The Dream Gap Project &#8211; Barbie <\/a><\/li>\n<li><a href=\"https:\/\/www.mujerpalabra.net\/pensamiento\/lenguaje\/eulalialledocunill\/2008IcdXuletaEducacio.pdf\">Receptes per visibilitzar les dones en l\u2019\u00e0mbit de l\u2019educaci\u00f3 &#8211; Institut Catal\u00e0 de les Dones<\/a><\/li>\n<\/ul>\n<p>Podeu compartir les vostres activitats en els centres amb el hashtags: <span class=\"r-18u37iz\"><a class=\"css-4rbku5 css-18t94o4 css-901oao css-16my406 r-1n1174f r-1loqt21 r-poiln3 r-bcqeeo r-qvutc0\" dir=\"ltr\" role=\"link\" href=\"https:\/\/twitter.com\/hashtag\/alscentres?src=hashtag_click\" data-focusable=\"true\">#alscentres<\/a><\/span> <span class=\"r-18u37iz\"><a class=\"css-4rbku5 css-18t94o4 css-901oao css-16my406 r-1n1174f r-1loqt21 r-poiln3 r-b88u0q r-bcqeeo r-qvutc0\" dir=\"ltr\" role=\"link\" href=\"https:\/\/twitter.com\/hashtag\/Som8deMar%C3%A7?src=hashtag_click\" data-focusable=\"true\">#Som8deMar\u00e7<\/a><\/span> <span class=\"r-18u37iz\"><a class=\"css-4rbku5 css-18t94o4 css-901oao css-16my406 r-1n1174f r-1loqt21 r-poiln3 r-bcqeeo r-1ny4l3l r-1ddef8g r-qvutc0\" dir=\"ltr\" role=\"link\" href=\"https:\/\/twitter.com\/hashtag\/SomCorresponsables?src=hashtag_click\" data-focusable=\"true\">#SomCorresponsables<\/a><\/span><\/p>\n<p>&nbsp;<\/p>\n<p>&nbsp;<\/p>\n<div class=\"addtoany_share_save_container addtoany_content addtoany_content_bottom\">\n<div class=\"a2a_kit a2a_kit_size_32 addtoany_list\" data-a2a-url=\"https:\/\/serveiseducatius.xtec.cat\/solsones\/portada\/8-de-marc-dia-internacional-de-la-dona\/\" data-a2a-title=\"8 de mar\u00e7. Dia internacional de la Dona\"><a class=\"a2a_dd addtoany_share_save addtoany_share\" href=\"https:\/\/www.addtoany.com\/share#url=https%3A%2F%2Fserveiseducatius.xtec.cat%2Fsolsones%2Fportada%2F8-de-marc-dia-internacional-de-la-dona%2F&amp;title=8%20de%20mar%C3%A7.%20Dia%20internacional%20de%20la%20Dona\"><span class=\"a2a_label a2a_localize\" data-a2a-localize=\"inner,Share\">Compartir<\/span><\/a><\/div>\n<\/div>\n","protected":false},"excerpt":{"rendered":"<p>Recull de propostes i activitats per realitzar a les aules per commemorar el 8 de mar\u00e7, Dia Internacional de les Dones<\/p>\n","protected":false},"author":1,"featured_media":12519,"comment_status":"closed","ping_status":"closed","sticky":false,"template":"","format":"standard","meta":{"_bbp_topic_count":0,"_bbp_reply_count":0,"_bbp_total_topic_count":0,"_bbp_total_reply_count":0,"_bbp_voice_count":0,"_bbp_anonymous_reply_count":0,"_bbp_topic_count_hidden":0,"_bbp_reply_count_hidden":0,"_bbp_forum_subforum_count":0,"site-sidebar-layout":"default","site-content-layout":"","ast-site-content-layout":"","site-content-style":"default","site-sidebar-style":"default","ast-global-header-display":"","ast-banner-title-visibility":"","ast-main-header-display":"","ast-hfb-above-header-display":"","ast-hfb-below-header-display":"","ast-hfb-mobile-header-display":"","site-post-title":"","ast-breadcrumbs-content":"","ast-featured-img":"","footer-sml-layout":"","theme-transparent-header-meta":"","adv-header-id-meta":"","stick-header-meta":"","header-above-stick-meta":"","header-main-stick-meta":"","header-below-stick-meta":"","astra-migrate-meta-layouts":"default","ast-page-background-enabled":"default","ast-page-background-meta":{"desktop":{"background-color":"var(--ast-global-color-4)","background-image":"","background-repeat":"repeat","background-position":"center center","background-size":"auto","background-attachment":"scroll","background-type":"","background-media":"","overlay-type":"","overlay-color":"","overlay-opacity":"","overlay-gradient":""},"tablet":{"background-color":"","background-image":"","background-repeat":"repeat","background-position":"center center","background-size":"auto","background-attachment":"scroll","background-type":"","background-media":"","overlay-type":"","overlay-color":"","overlay-opacity":"","overlay-gradient":""},"mobile":{"background-color":"","background-image":"","background-repeat":"repeat","background-position":"center center","background-size":"auto","background-attachment":"scroll","background-type":"","background-media":"","overlay-type":"","overlay-color":"","overlay-opacity":"","overlay-gradient":""}},"ast-content-background-meta":{"desktop":{"background-color":"var(--ast-global-color-5)","background-image":"","background-repeat":"repeat","background-position":"center center","background-size":"auto","background-attachment":"scroll","background-type":"","background-media":"","overlay-type":"","overlay-color":"","overlay-opacity":"","overlay-gradient":""},"tablet":{"background-color":"var(--ast-global-color-5)","background-image":"","background-repeat":"repeat","background-position":"center center","background-size":"auto","background-attachment":"scroll","background-type":"","background-media":"","overlay-type":"","overlay-color":"","overlay-opacity":"","overlay-gradient":""},"mobile":{"background-color":"var(--ast-global-color-5)","background-image":"","background-repeat":"repeat","background-position":"center center","background-size":"auto","background-attachment":"scroll","background-type":"","background-media":"","overlay-type":"","overlay-color":"","overlay-opacity":"","overlay-gradient":""}},"footnotes":""},"categories":[269,29],"tags":[595,584,594,585],"class_list":["post-12514","post","type-post","status-publish","format-standard","has-post-thumbnail","hentry","category-noticies-se","category-portada","tag-8-de-marc","tag-coeducacio","tag-dia-de-la-dona","tag-igualtat-de-genere"],"post_mailing_queue_ids":[],"_links":{"self":[{"href":"https:\/\/serveiseducatius.xtec.cat\/solsones\/wp-json\/wp\/v2\/posts\/12514","targetHints":{"allow":["GET"]}}],"collection":[{"href":"https:\/\/serveiseducatius.xtec.cat\/solsones\/wp-json\/wp\/v2\/posts"}],"about":[{"href":"https:\/\/serveiseducatius.xtec.cat\/solsones\/wp-json\/wp\/v2\/types\/post"}],"author":[{"embeddable":true,"href":"https:\/\/serveiseducatius.xtec.cat\/solsones\/wp-json\/wp\/v2\/users\/1"}],"replies":[{"embeddable":true,"href":"https:\/\/serveiseducatius.xtec.cat\/solsones\/wp-json\/wp\/v2\/comments?post=12514"}],"version-history":[{"count":3,"href":"https:\/\/serveiseducatius.xtec.cat\/solsones\/wp-json\/wp\/v2\/posts\/12514\/revisions"}],"predecessor-version":[{"id":12522,"href":"https:\/\/serveiseducatius.xtec.cat\/solsones\/wp-json\/wp\/v2\/posts\/12514\/revisions\/12522"}],"wp:featuredmedia":[{"embeddable":true,"href":"https:\/\/serveiseducatius.xtec.cat\/solsones\/wp-json\/wp\/v2\/media\/12519"}],"wp:attachment":[{"href":"https:\/\/serveiseducatius.xtec.cat\/solsones\/wp-json\/wp\/v2\/media?parent=12514"}],"wp:term":[{"taxonomy":"category","embeddable":true,"href":"https:\/\/serveiseducatius.xtec.cat\/solsones\/wp-json\/wp\/v2\/categories?post=12514"},{"taxonomy":"post_tag","embeddable":true,"href":"https:\/\/serveiseducatius.xtec.cat\/solsones\/wp-json\/wp\/v2\/tags?post=12514"}],"curies":[{"name":"wp","href":"https:\/\/api.w.org\/{rel}","templated":true}]}}