{"id":12487,"date":"2021-02-25T10:36:20","date_gmt":"2021-02-25T09:36:20","guid":{"rendered":"http:\/\/serveiseducatius.xtec.cat\/solsones\/?p=12487"},"modified":"2021-02-25T10:36:20","modified_gmt":"2021-02-25T09:36:20","slug":"convocatoria-oberta-el-concurs-de-fotografia-i-patrimoni-per-a-joves","status":"publish","type":"post","link":"https:\/\/serveiseducatius.xtec.cat\/solsones\/portada\/convocatoria-oberta-el-concurs-de-fotografia-i-patrimoni-per-a-joves\/","title":{"rendered":"Convocat\u00f2ria oberta: EL CONCURS DE FOTOGRAFIA I PATRIMONI PER A JOVES"},"content":{"rendered":"<p><a href=\"http:\/\/patrimoni.gencat.cat\/ca\/efim\" target=\"_blank\" rel=\"noopener noreferrer\"><img loading=\"lazy\" decoding=\"async\" class=\"alignleft wp-image-12488\" src=\"https:\/\/serveiseducatius.xtec.cat\/solsones\/wp-content\/uploads\/usu1176\/2021\/02\/efim.jpg\" alt=\"\" width=\"550\" height=\"275\" srcset=\"https:\/\/serveiseducatius.xtec.cat\/solsones\/wp-content\/uploads\/usu1176\/2021\/02\/efim.jpg 640w, https:\/\/serveiseducatius.xtec.cat\/solsones\/wp-content\/uploads\/usu1176\/2021\/02\/efim-300x150.jpg 300w\" sizes=\"auto, (max-width: 550px) 100vw, 550px\" \/><\/a><\/p>\n<p style=\"text-align: justify;\">L\u2019EFIM \u00e9s un concurs de fotografia i patrimoni per a joves, que t\u00e9 per objectiu apropar-los al patrimoni cultural i monumental perqu\u00e8 el coneguin, el valorin i el gaudeixin.<\/p>\n<p style=\"text-align: justify;\">Amb la complicitat dels centres docents, l\u2019<strong>Experi\u00e8ncia Fotogr\u00e0fica Internacional dels Monuments<\/strong>\u00a0(EFIM) anima als i les alumnes de secund\u00e0ria,\u00a0batxillerat i cicles formatius\u00a0dels centres educatius de Catalunya a mirar el\u00a0<strong>patrimoni cultural monumental<\/strong>\u00a0i construir el seu propi relat a trav\u00e9s del\u00a0<strong>llenguatge fotogr\u00e0fic<\/strong>.<\/p>\n<p style=\"text-align: justify;\">Els\u00a0<strong>museus i monuments<\/strong>\u00a0segueixen oberts al p\u00fablic, complint amb totes les\u00a0<strong>mesures de seguretat sanit\u00e0ries<\/strong>. Tanmateix, amb l\u2019objectiu de\u00a0donar m\u00e9s opcions a la participaci\u00f3, hi ha\u00a0<strong>dues modalitats<\/strong>\u00a0diferents per a participar:\u00a0la\u00a0<strong>cl\u00e0ssica<\/strong>, que proposa fer\u00a0fotografies<em><strong>\u00a0in situ\u00a0<\/strong><\/em>al\u00a0patrimoni,\u00a0i la\u00a0<strong>nova<\/strong>, que proposa fer\u00a0<strong>fotomuntatges<\/strong>\u00a0amb fotografies del patrimoni cultural catal\u00e0 com a idea central.<\/p>\n<p style=\"text-align: justify;\">L\u2019alumnat que vulgui\u00a0participar s\u2019ha\u00a0d\u2019inscriure mitjan\u00e7ant el seu<strong>\u00a0centre educatiu<\/strong>. Les\u00a0<strong>fotografies,<\/strong>\u00a0que poden capturar-se amb el tel\u00e8fon m\u00f2bil o una c\u00e0mera de fotos, es compartiran a trav\u00e9s del perfil d\u2019<strong>Instagram<\/strong>\u00a0<a href=\"https:\/\/www.instagram.com\/efim.cat\/\" target=\"_blank\" rel=\"noopener noreferrer\">@efim.cat<\/a>.<\/p>\n<p style=\"text-align: justify;\">Els autors i les autores de les 10 millors fotografies guanyaran, entre altres coses,\u00a0 un viatge cultural que tindr\u00e0 lloc al mes de desembre, acompanyats de responsables de l\u2019Ag\u00e8ncia Catalana del Patrimoni Cultural, a una ciutat europea per descobrir el seu patrimoni cultural.<\/p>\n<p style=\"text-align: justify;\">M\u00e9s informaci\u00f3 i inscripcions:\u00a0<a href=\"http:\/\/patrimoni.gencat.cat\/ca\/efim\">http:\/\/patrimoni.gencat.cat\/ca\/efim<\/a><\/p>\n<p>&nbsp;<\/p>\n","protected":false},"excerpt":{"rendered":"<p>L\u2019EFIM \u00e9s un concurs de fotografia i patrimoni per a joves, que t\u00e9 per objectiu apropar-los al patrimoni cultural i monumental perqu\u00e8 el coneguin, el valorin i el gaudeixin. Amb la complicitat dels centres docents, l\u2019Experi\u00e8ncia Fotogr\u00e0fica Internacional dels Monuments\u00a0(EFIM) anima als i les alumnes de secund\u00e0ria,\u00a0batxillerat i cicles formatius\u00a0dels centres educatius de Catalunya a [&hellip;]<\/p>\n","protected":false},"author":1,"featured_media":12488,"comment_status":"closed","ping_status":"closed","sticky":false,"template":"","format":"standard","meta":{"_bbp_topic_count":0,"_bbp_reply_count":0,"_bbp_total_topic_count":0,"_bbp_total_reply_count":0,"_bbp_voice_count":0,"_bbp_anonymous_reply_count":0,"_bbp_topic_count_hidden":0,"_bbp_reply_count_hidden":0,"_bbp_forum_subforum_count":0,"site-sidebar-layout":"default","site-content-layout":"","ast-site-content-layout":"","site-content-style":"default","site-sidebar-style":"default","ast-global-header-display":"","ast-banner-title-visibility":"","ast-main-header-display":"","ast-hfb-above-header-display":"","ast-hfb-below-header-display":"","ast-hfb-mobile-header-display":"","site-post-title":"","ast-breadcrumbs-content":"","ast-featured-img":"","footer-sml-layout":"","theme-transparent-header-meta":"","adv-header-id-meta":"","stick-header-meta":"","header-above-stick-meta":"","header-main-stick-meta":"","header-below-stick-meta":"","astra-migrate-meta-layouts":"default","ast-page-background-enabled":"default","ast-page-background-meta":{"desktop":{"background-color":"var(--ast-global-color-4)","background-image":"","background-repeat":"repeat","background-position":"center center","background-size":"auto","background-attachment":"scroll","background-type":"","background-media":"","overlay-type":"","overlay-color":"","overlay-opacity":"","overlay-gradient":""},"tablet":{"background-color":"","background-image":"","background-repeat":"repeat","background-position":"center center","background-size":"auto","background-attachment":"scroll","background-type":"","background-media":"","overlay-type":"","overlay-color":"","overlay-opacity":"","overlay-gradient":""},"mobile":{"background-color":"","background-image":"","background-repeat":"repeat","background-position":"center center","background-size":"auto","background-attachment":"scroll","background-type":"","background-media":"","overlay-type":"","overlay-color":"","overlay-opacity":"","overlay-gradient":""}},"ast-content-background-meta":{"desktop":{"background-color":"var(--ast-global-color-5)","background-image":"","background-repeat":"repeat","background-position":"center center","background-size":"auto","background-attachment":"scroll","background-type":"","background-media":"","overlay-type":"","overlay-color":"","overlay-opacity":"","overlay-gradient":""},"tablet":{"background-color":"var(--ast-global-color-5)","background-image":"","background-repeat":"repeat","background-position":"center center","background-size":"auto","background-attachment":"scroll","background-type":"","background-media":"","overlay-type":"","overlay-color":"","overlay-opacity":"","overlay-gradient":""},"mobile":{"background-color":"var(--ast-global-color-5)","background-image":"","background-repeat":"repeat","background-position":"center center","background-size":"auto","background-attachment":"scroll","background-type":"","background-media":"","overlay-type":"","overlay-color":"","overlay-opacity":"","overlay-gradient":""}},"footnotes":""},"categories":[79,65,29],"tags":[722,179,357],"class_list":["post-12487","post","type-post","status-publish","format-standard","has-post-thumbnail","hentry","category-apadriem-el-nostre-patrimoni","category-crp","category-portada","tag-concurs-fotografic","tag-educacio-secundaria","tag-patrimoni"],"post_mailing_queue_ids":[],"_links":{"self":[{"href":"https:\/\/serveiseducatius.xtec.cat\/solsones\/wp-json\/wp\/v2\/posts\/12487","targetHints":{"allow":["GET"]}}],"collection":[{"href":"https:\/\/serveiseducatius.xtec.cat\/solsones\/wp-json\/wp\/v2\/posts"}],"about":[{"href":"https:\/\/serveiseducatius.xtec.cat\/solsones\/wp-json\/wp\/v2\/types\/post"}],"author":[{"embeddable":true,"href":"https:\/\/serveiseducatius.xtec.cat\/solsones\/wp-json\/wp\/v2\/users\/1"}],"replies":[{"embeddable":true,"href":"https:\/\/serveiseducatius.xtec.cat\/solsones\/wp-json\/wp\/v2\/comments?post=12487"}],"version-history":[{"count":1,"href":"https:\/\/serveiseducatius.xtec.cat\/solsones\/wp-json\/wp\/v2\/posts\/12487\/revisions"}],"predecessor-version":[{"id":12489,"href":"https:\/\/serveiseducatius.xtec.cat\/solsones\/wp-json\/wp\/v2\/posts\/12487\/revisions\/12489"}],"wp:featuredmedia":[{"embeddable":true,"href":"https:\/\/serveiseducatius.xtec.cat\/solsones\/wp-json\/wp\/v2\/media\/12488"}],"wp:attachment":[{"href":"https:\/\/serveiseducatius.xtec.cat\/solsones\/wp-json\/wp\/v2\/media?parent=12487"}],"wp:term":[{"taxonomy":"category","embeddable":true,"href":"https:\/\/serveiseducatius.xtec.cat\/solsones\/wp-json\/wp\/v2\/categories?post=12487"},{"taxonomy":"post_tag","embeddable":true,"href":"https:\/\/serveiseducatius.xtec.cat\/solsones\/wp-json\/wp\/v2\/tags?post=12487"}],"curies":[{"name":"wp","href":"https:\/\/api.w.org\/{rel}","templated":true}]}}