{"id":12473,"date":"2021-02-24T11:24:51","date_gmt":"2021-02-24T10:24:51","guid":{"rendered":"http:\/\/serveiseducatius.xtec.cat\/solsones\/?p=12473"},"modified":"2021-02-24T11:24:51","modified_gmt":"2021-02-24T10:24:51","slug":"i-jornada-dinnovacio-avancada-educacio-i-intelligencia-artificial","status":"publish","type":"post","link":"https:\/\/serveiseducatius.xtec.cat\/solsones\/portada\/i-jornada-dinnovacio-avancada-educacio-i-intelligencia-artificial\/","title":{"rendered":"I Jornada d\u2019Innovaci\u00f3 Avan\u00e7ada \u201cEducaci\u00f3 i intel\u00b7lig\u00e8ncia artificial\u201d"},"content":{"rendered":"<p><a href=\"https:\/\/projectes.xtec.cat\/claustreobert\/i-jornada-innovacio-avancada\/\" target=\"_blank\" rel=\"noopener noreferrer\"><img loading=\"lazy\" decoding=\"async\" class=\"wp-image-12474  alignleft\" src=\"https:\/\/serveiseducatius.xtec.cat\/solsones\/wp-content\/uploads\/usu1176\/2021\/02\/educacio-IA.jpg_1637373458.jpg\" alt=\"\" width=\"511\" height=\"343\" srcset=\"https:\/\/serveiseducatius.xtec.cat\/solsones\/wp-content\/uploads\/usu1176\/2021\/02\/educacio-IA.jpg_1637373458.jpg 410w, https:\/\/serveiseducatius.xtec.cat\/solsones\/wp-content\/uploads\/usu1176\/2021\/02\/educacio-IA.jpg_1637373458-300x201.jpg 300w\" sizes=\"auto, (max-width: 511px) 100vw, 511px\" \/><\/a>El Departament d\u2019Educaci\u00f3 presenta la\u00a0I Jornada d\u2019Innovaci\u00f3 Avan\u00e7ada \u201cEducaci\u00f3 i intel\u00b7lig\u00e8ncia artificial\u201d, organitzada per la Direcci\u00f3 General d\u2019Innovaci\u00f3, Recerca i Cultura Digital que tindr\u00e0 lloc de forma virtual el dimarts\u00a09 de mar\u00e7 de 17h a 19h.<\/p>\n<h5><strong>DESTINATARIS<\/strong><\/h5>\n<p>Professorat de tots els nivells educatius, i t\u00e8cnics i professionals de l\u2019\u00e0mbit de l\u2019educaci\u00f3 o de la intel\u00b7lig\u00e8ncia artificial.<\/p>\n<h5><strong>OBJECTIUS<\/strong><\/h5>\n<ul>\n<li>Compartir un llenguatge com\u00fa respecte a la intel\u00b7lig\u00e8ncia artificial.<\/li>\n<li>Presentar alguns projectes que incorporen l\u2019\u00fas de la intel\u00b7lig\u00e8ncia artificial als centres educatius.<\/li>\n<li>Explorar oportunitats perqu\u00e8\u00a0els centres puguin desenvolupar projectes d\u2019innovaci\u00f3 avan\u00e7ada per cobrir necessitats pr\u00e8viament identificades.<\/li>\n<\/ul>\n<p><strong>Podeu fer la inscripci\u00f3 i con\u00e8ixer el detall de la jornada a trav\u00e9s de la seva web,\u00a0<a href=\"https:\/\/projectes.xtec.cat\/claustreobert\/i-jornada-innovacio-avancada\/\">clicant aqu\u00ed.<\/a><\/strong><\/p>\n<div class=\"addtoany_share_save_container addtoany_content addtoany_content_bottom\">\n<div class=\"a2a_kit a2a_kit_size_25 addtoany_list\" data-a2a-url=\"https:\/\/serveiseducatius.xtec.cat\/vallesoriental2\/general\/i-jornada-dinnovacio-avancada-educacio-i-intelligencia-emocional\/\" data-a2a-title=\"I Jornada d\u2019Innovaci\u00f3 Avan\u00e7ada \u201cEducaci\u00f3 i intel\u00b7lig\u00e8ncia artificial\u201d\"><\/div>\n<\/div>\n<p>&nbsp;<\/p>\n","protected":false},"excerpt":{"rendered":"<p>El Departament d\u2019Educaci\u00f3 presenta la\u00a0I Jornada d\u2019Innovaci\u00f3 Avan\u00e7ada \u201cEducaci\u00f3 i intel\u00b7lig\u00e8ncia artificial\u201d, organitzada per la Direcci\u00f3 General d\u2019Innovaci\u00f3, Recerca i Cultura Digital que tindr\u00e0 lloc de forma virtual el dimarts\u00a09 de mar\u00e7 de 17h a 19h. DESTINATARIS Professorat de tots els nivells educatius, i t\u00e8cnics i professionals de l\u2019\u00e0mbit de l\u2019educaci\u00f3 o de la intel\u00b7lig\u00e8ncia [&hellip;]<\/p>\n","protected":false},"author":1,"featured_media":12474,"comment_status":"closed","ping_status":"closed","sticky":false,"template":"","format":"standard","meta":{"_bbp_topic_count":0,"_bbp_reply_count":0,"_bbp_total_topic_count":0,"_bbp_total_reply_count":0,"_bbp_voice_count":0,"_bbp_anonymous_reply_count":0,"_bbp_topic_count_hidden":0,"_bbp_reply_count_hidden":0,"_bbp_forum_subforum_count":0,"site-sidebar-layout":"default","site-content-layout":"","ast-site-content-layout":"","site-content-style":"default","site-sidebar-style":"default","ast-global-header-display":"","ast-banner-title-visibility":"","ast-main-header-display":"","ast-hfb-above-header-display":"","ast-hfb-below-header-display":"","ast-hfb-mobile-header-display":"","site-post-title":"","ast-breadcrumbs-content":"","ast-featured-img":"","footer-sml-layout":"","theme-transparent-header-meta":"","adv-header-id-meta":"","stick-header-meta":"","header-above-stick-meta":"","header-main-stick-meta":"","header-below-stick-meta":"","astra-migrate-meta-layouts":"default","ast-page-background-enabled":"default","ast-page-background-meta":{"desktop":{"background-color":"var(--ast-global-color-4)","background-image":"","background-repeat":"repeat","background-position":"center center","background-size":"auto","background-attachment":"scroll","background-type":"","background-media":"","overlay-type":"","overlay-color":"","overlay-opacity":"","overlay-gradient":""},"tablet":{"background-color":"","background-image":"","background-repeat":"repeat","background-position":"center center","background-size":"auto","background-attachment":"scroll","background-type":"","background-media":"","overlay-type":"","overlay-color":"","overlay-opacity":"","overlay-gradient":""},"mobile":{"background-color":"","background-image":"","background-repeat":"repeat","background-position":"center center","background-size":"auto","background-attachment":"scroll","background-type":"","background-media":"","overlay-type":"","overlay-color":"","overlay-opacity":"","overlay-gradient":""}},"ast-content-background-meta":{"desktop":{"background-color":"var(--ast-global-color-5)","background-image":"","background-repeat":"repeat","background-position":"center center","background-size":"auto","background-attachment":"scroll","background-type":"","background-media":"","overlay-type":"","overlay-color":"","overlay-opacity":"","overlay-gradient":""},"tablet":{"background-color":"var(--ast-global-color-5)","background-image":"","background-repeat":"repeat","background-position":"center center","background-size":"auto","background-attachment":"scroll","background-type":"","background-media":"","overlay-type":"","overlay-color":"","overlay-opacity":"","overlay-gradient":""},"mobile":{"background-color":"var(--ast-global-color-5)","background-image":"","background-repeat":"repeat","background-position":"center center","background-size":"auto","background-attachment":"scroll","background-type":"","background-media":"","overlay-type":"","overlay-color":"","overlay-opacity":"","overlay-gradient":""}},"footnotes":""},"categories":[65,29,78],"tags":[721,348,720,569,680],"class_list":["post-12473","post","type-post","status-publish","format-standard","has-post-thumbnail","hentry","category-crp","category-portada","category-tac","tag-cultura-digital","tag-innovacio-educativa","tag-intelligencia-artificial","tag-jornada-tac","tag-recerca-educativa"],"post_mailing_queue_ids":[],"_links":{"self":[{"href":"https:\/\/serveiseducatius.xtec.cat\/solsones\/wp-json\/wp\/v2\/posts\/12473","targetHints":{"allow":["GET"]}}],"collection":[{"href":"https:\/\/serveiseducatius.xtec.cat\/solsones\/wp-json\/wp\/v2\/posts"}],"about":[{"href":"https:\/\/serveiseducatius.xtec.cat\/solsones\/wp-json\/wp\/v2\/types\/post"}],"author":[{"embeddable":true,"href":"https:\/\/serveiseducatius.xtec.cat\/solsones\/wp-json\/wp\/v2\/users\/1"}],"replies":[{"embeddable":true,"href":"https:\/\/serveiseducatius.xtec.cat\/solsones\/wp-json\/wp\/v2\/comments?post=12473"}],"version-history":[{"count":1,"href":"https:\/\/serveiseducatius.xtec.cat\/solsones\/wp-json\/wp\/v2\/posts\/12473\/revisions"}],"predecessor-version":[{"id":12475,"href":"https:\/\/serveiseducatius.xtec.cat\/solsones\/wp-json\/wp\/v2\/posts\/12473\/revisions\/12475"}],"wp:featuredmedia":[{"embeddable":true,"href":"https:\/\/serveiseducatius.xtec.cat\/solsones\/wp-json\/wp\/v2\/media\/12474"}],"wp:attachment":[{"href":"https:\/\/serveiseducatius.xtec.cat\/solsones\/wp-json\/wp\/v2\/media?parent=12473"}],"wp:term":[{"taxonomy":"category","embeddable":true,"href":"https:\/\/serveiseducatius.xtec.cat\/solsones\/wp-json\/wp\/v2\/categories?post=12473"},{"taxonomy":"post_tag","embeddable":true,"href":"https:\/\/serveiseducatius.xtec.cat\/solsones\/wp-json\/wp\/v2\/tags?post=12473"}],"curies":[{"name":"wp","href":"https:\/\/api.w.org\/{rel}","templated":true}]}}