{"id":12099,"date":"2020-11-24T09:44:04","date_gmt":"2020-11-24T08:44:04","guid":{"rendered":"http:\/\/serveiseducatius.xtec.cat\/solsones\/?p=12099"},"modified":"2020-12-11T10:17:56","modified_gmt":"2020-12-11T09:17:56","slug":"recursos-perdues-dol-i-mort","status":"publish","type":"post","link":"https:\/\/serveiseducatius.xtec.cat\/solsones\/recursos\/perdues-dol-i-mort\/recursos-perdues-dol-i-mort\/","title":{"rendered":"Maleta pedag\u00f2gica: P\u00e8rdues, dol i mort (CRP del Solson\u00e8s)"},"content":{"rendered":"<p>Al CRP disposem de contes, llibres i pel\u00b7l\u00edcules per abordar el tema de la p\u00e8rdua, el dol i la mort des de\u00a0 l\u2019escola. Els\u00a0 materials disponibles comprenen diverses edats, diferents perspectives i enfoc dels temes. Tamb\u00e9 hi ha materials per al professorat, educadors i fam\u00edlies.<\/p>\n<p><strong>Recursos disponibles al CRP<\/strong><\/p>\n<table style=\"height: 779px; width: 951px; border-style: solid;\">\n<tbody>\n<tr style=\"height: 47px;\">\n<td style=\"width: 245px; height: 47px;\"><b>FILMOTECA<\/b><\/td>\n<td style=\"width: 340px; height: 47px;\"><strong>BIBLIOTECA<\/strong><\/td>\n<td style=\"width: 356px; height: 47px;\"><strong>MALETA PEDAG\u00d2GICA<\/strong><\/td>\n<\/tr>\n<tr style=\"height: 10px;\">\n<th style=\"width: 245px; height: 10px; text-align: left; vertical-align: top;\"><strong>CINEMASECUND\u00c0RIA, BATXILLERAT I\u00a0 ADULTS<\/strong><\/p>\n<ul>\n<li><a href=\"https:\/\/aplicacions.gestioeducativa.gencat.cat\/epergam\/web\/fitxa.jsp?id=4720600\" target=\"_blank\" rel=\"noopener noreferrer\">Mar adentro<\/a><\/li>\n<li><a href=\"https:\/\/aplicacions.gestioeducativa.gencat.cat\/epergam\/web\/fitxa.jsp?id=4668981\" target=\"_blank\" rel=\"noopener noreferrer\">Amelie<\/a><\/li>\n<li><a href=\"https:\/\/aplicacions.gestioeducativa.gencat.cat\/epergam\/web\/fitxa.jsp?id=17445847\" target=\"_blank\" rel=\"noopener noreferrer\">Moonlight<\/a><\/li>\n<li><a href=\"https:\/\/aplicacions.gestioeducativa.gencat.cat\/epergam\/web\/fitxa.jsp?id=4701221\" target=\"_blank\" rel=\"noopener noreferrer\">Buda exploto por verguenza<\/a><\/li>\n<li><a href=\"https:\/\/aplicacions.gestioeducativa.gencat.cat\/epergam\/web\/fitxa.jsp?id=16202501\" target=\"_blank\" rel=\"noopener noreferrer\">La vida de Grace<\/a><\/li>\n<li><a href=\"https:\/\/aplicacions.gestioeducativa.gencat.cat\/epergam\/web\/fitxa.jsp?id=4876761\" target=\"_blank\" rel=\"noopener noreferrer\">\u00bfY ahora ad\u00f3nde vamos?<\/a><\/li>\n<li><a href=\"https:\/\/aplicacions.gestioeducativa.gencat.cat\/epergam\/web\/fitxa.jsp?id=17783860\" target=\"_blank\" rel=\"noopener noreferrer\">La vida y nada m\u00e1s<\/a><\/li>\n<li><a href=\"https:\/\/aplicacions.gestioeducativa.gencat.cat\/epergam\/web\/fitxa.jsp?id=4891397\" target=\"_blank\" rel=\"noopener noreferrer\">La llave de Sarah<\/a><\/li>\n<li><a href=\"https:\/\/aplicacions.gestioeducativa.gencat.cat\/epergam\/web\/fitxa.jsp?id=4709263\" target=\"_blank\" rel=\"noopener noreferrer\">Propiedad privada<\/a><\/li>\n<li><a href=\"https:\/\/aplicacions.gestioeducativa.gencat.cat\/epergam\/web\/fitxa.jsp?id=4668435\" target=\"_blank\" rel=\"noopener noreferrer\">La decision de Anne<\/a><\/li>\n<li><a href=\"https:\/\/aplicacions.gestioeducativa.gencat.cat\/epergam\/web\/fitxa.jsp?id=16917592\" target=\"_blank\" rel=\"noopener noreferrer\">La isla m\u00ednima<\/a><\/li>\n<li><a href=\"https:\/\/aplicacions.gestioeducativa.gencat.cat\/epergam\/web\/fitxa.jsp?id=4678496\" target=\"_blank\" rel=\"noopener noreferrer\">Mi vida sin m\u00ed<\/a><\/li>\n<li><a href=\"https:\/\/aplicacions.gestioeducativa.gencat.cat\/epergam\/web\/fitxa.jsp?id=4818294\" target=\"_blank\" rel=\"noopener noreferrer\">Planta 4<\/a><\/li>\n<\/ul>\n<p><strong>CINEMA INFANTIL<\/strong><\/p>\n<ul>\n<li><a href=\"https:\/\/aplicacions.gestioeducativa.gencat.cat\/epergam\/web\/fitxa.jsp?id=4709333\" target=\"_blank\" rel=\"noopener noreferrer\">El rey Le\u00f3n<\/a><\/li>\n<li><a href=\"https:\/\/aplicacions.gestioeducativa.gencat.cat\/epergam\/web\/fitxa.jsp?id=18190397\" target=\"_blank\" rel=\"noopener noreferrer\">Dumbo<\/a><\/li>\n<li><a href=\"https:\/\/aplicacions.gestioeducativa.gencat.cat\/epergam\/web\/fitxa.jsp?id=17777689\" target=\"_blank\" rel=\"noopener noreferrer\">Coco<\/a><\/li>\n<li><a href=\"https:\/\/aplicacions.gestioeducativa.gencat.cat\/epergam\/web\/fitxa.jsp?id=4834721\" target=\"_blank\" rel=\"noopener noreferrer\">La invenci\u00f3n de Hugo<\/a><\/li>\n<li><a href=\"https:\/\/aplicacions.gestioeducativa.gencat.cat\/epergam\/web\/fitxa.jsp?id=17777801\" target=\"_blank\" rel=\"noopener noreferrer\">Emoji<\/a><\/li>\n<\/ul>\n<\/th>\n<td style=\"width: 340px; height: 10px; vertical-align: top;\"><strong>LLIBRES SECUND\u00c0RIA, BATXILLERAT I ADULTS\u00a0<\/strong><\/p>\n<ul>\n<li><strong><a href=\"https:\/\/aplicacions.gestioeducativa.gencat.cat\/epergam\/web\/fitxa.jsp?id=15864653\" target=\"_blank\" rel=\"noopener noreferrer\">La muerte explicada a mi hija<\/a>\u00a0<\/strong><\/li>\n<li><strong><a href=\"https:\/\/aplicacions.gestioeducativa.gencat.cat\/epergam\/web\/fitxa.jsp?id=15864725\" target=\"_blank\" rel=\"noopener noreferrer\">La muerte y el duelo en el contexto educativo<\/a><\/strong><\/li>\n<li><strong><a href=\"https:\/\/aplicacions.gestioeducativa.gencat.cat\/epergam\/web\/fitxa.jsp?id=15864619\" target=\"_blank\" rel=\"noopener noreferrer\">Aprender a morir-aprender a vivir<\/a><\/strong><\/li>\n<li><strong><a href=\"https:\/\/aplicacions.gestioeducativa.gencat.cat\/epergam\/web\/fitxa.jsp?id=15864256\">I ara, on \u00e9s?<\/a><\/strong><\/li>\n<li><strong><a href=\"https:\/\/aplicacions.gestioeducativa.gencat.cat\/epergam\/web\/fitxa.jsp?id=15863056\" target=\"_blank\" rel=\"noopener noreferrer\">Acompanyant en la p\u00e8rdua<\/a><\/strong><\/li>\n<li><strong><a href=\"https:\/\/aplicacions.gestioeducativa.gencat.cat\/epergam\/web\/fitxa.jsp?id=15864765\">Un dol observat<\/a><\/strong><\/li>\n<li><strong><a href=\"https:\/\/aplicacions.gestioeducativa.gencat.cat\/epergam\/web\/fitxa.jsp?id=15864834\" target=\"_blank\" rel=\"noopener noreferrer\">C\u00f3mo hablar con ni\u00f1os y j\u00f3venes sobre la muerte y el duelo<\/a><\/strong><\/li>\n<li><strong><a href=\"https:\/\/aplicacions.gestioeducativa.gencat.cat\/epergam\/web\/fitxa.jsp?id=15864705\" target=\"_blank\" rel=\"noopener noreferrer\">La mort \u00edntima<\/a><\/strong><\/li>\n<\/ul>\n<p>&nbsp;<\/p>\n<p>&nbsp;<\/p>\n<p><strong>LLIBRES INFANTILS\u00a0<\/strong><\/p>\n<ul>\n<li><strong><a href=\"https:\/\/aplicacions.gestioeducativa.gencat.cat\/epergam\/web\/fitxa.jsp?id=15858513\" target=\"_blank\" rel=\"noopener noreferrer\">Qu\u00e8 \u00e9s la vida?\u00a0<\/a> \u00a0\u00a0<\/strong><\/li>\n<li><strong><a href=\"https:\/\/aplicacions.gestioeducativa.gencat.cat\/epergam\/web\/fitxa.jsp?id=15865157\" target=\"_blank\" rel=\"noopener noreferrer\">Bona nit, avi!<\/a><\/strong><\/li>\n<li><strong><a href=\"https:\/\/aplicacions.gestioeducativa.gencat.cat\/epergam\/web\/fitxa.jsp?id=15864573\" target=\"_blank\" rel=\"noopener noreferrer\">S&#8217;ha mort l&#8217;avi<\/a><\/strong><\/li>\n<li><strong><a href=\"https:\/\/aplicacions.gestioeducativa.gencat.cat\/epergam\/web\/fitxa.jsp?id=15864870\" target=\"_blank\" rel=\"noopener noreferrer\">La J\u00falia t\u00e9 un estel<\/a><\/strong><\/li>\n<li><strong><a href=\"https:\/\/aplicacions.gestioeducativa.gencat.cat\/epergam\/web\/fitxa.jsp?id=15865083\" target=\"_blank\" rel=\"noopener noreferrer\">El cor damunt la sorra<\/a><\/strong><\/li>\n<li><strong><a href=\"https:\/\/aplicacions.gestioeducativa.gencat.cat\/epergam\/web\/fitxa.jsp?id=15865047\" target=\"_blank\" rel=\"noopener noreferrer\">Ad\u00e9u avi<\/a><\/strong><\/li>\n<li><strong><a href=\"https:\/\/aplicacions.gestioeducativa.gencat.cat\/epergam\/web\/fitxa.jsp?id=15863261\" target=\"_blank\" rel=\"noopener noreferrer\">L&#8217;avi d&#8217;en Tom ha mort<\/a><\/strong><\/li>\n<li><strong><a href=\"https:\/\/aplicacions.gestioeducativa.gencat.cat\/epergam\/web\/fitxa.jsp?id=15865178\" target=\"_blank\" rel=\"noopener noreferrer\">L&#8217;avi de l&#8217;Osset<\/a><\/strong><\/li>\n<li><strong><a href=\"https:\/\/aplicacions.gestioeducativa.gencat.cat\/epergam\/web\/fitxa.jsp?id=16177312\" target=\"_blank\" rel=\"noopener noreferrer\">El nen dels estels<\/a><\/strong><\/li>\n<li><strong><a href=\"https:\/\/aplicacions.gestioeducativa.gencat.cat\/epergam\/web\/fitxa.jsp?id=15865203\" target=\"_blank\" rel=\"noopener noreferrer\">Torna aviat, dol\u00e7or meva<\/a><\/strong><\/li>\n<li><strong><a href=\"https:\/\/aplicacions.gestioeducativa.gencat.cat\/epergam\/web\/fitxa.jsp?id=15864163\" target=\"_blank\" rel=\"noopener noreferrer\">M\u00e9s enll\u00e0 del gran riu<\/a><\/strong><\/li>\n<li><strong><a href=\"https:\/\/aplicacions.gestioeducativa.gencat.cat\/epergam\/web\/fitxa.jsp?id=15863184\" target=\"_blank\" rel=\"noopener noreferrer\">On \u00e9s el iaio?<\/a><\/strong><\/li>\n<li><strong><a href=\"https:\/\/aplicacions.gestioeducativa.gencat.cat\/epergam\/web\/fitxa.jsp?id=15861172\" target=\"_blank\" rel=\"noopener noreferrer\">Ad\u00e9u petit amic!<\/a><\/strong><\/li>\n<li><strong><a href=\"https:\/\/aplicacions.gestioeducativa.gencat.cat\/epergam\/web\/fitxa.jsp?id=15863214\" target=\"_blank\" rel=\"noopener noreferrer\">La mort d&#8217;en Tim<\/a><\/strong><\/li>\n<\/ul>\n<\/td>\n<th style=\"width: 356px; height: 10px; text-align: left; vertical-align: top;\"><strong>MALETA DE LES EMOCIONS<\/strong><\/p>\n<p><a href=\"https:\/\/serveiseducatius.xtec.cat\/solsones\/wp-content\/uploads\/usu1176\/2020\/11\/IMG_20201120_123633.jpg\"><img loading=\"lazy\" decoding=\"async\" class=\"alignnone wp-image-12112\" src=\"https:\/\/serveiseducatius.xtec.cat\/solsones\/wp-content\/uploads\/usu1176\/2020\/11\/IMG_20201120_123633-796x1024.jpg\" alt=\"\" width=\"342\" height=\"440\" srcset=\"https:\/\/serveiseducatius.xtec.cat\/solsones\/wp-content\/uploads\/usu1176\/2020\/11\/IMG_20201120_123633-796x1024.jpg 796w, https:\/\/serveiseducatius.xtec.cat\/solsones\/wp-content\/uploads\/usu1176\/2020\/11\/IMG_20201120_123633-233x300.jpg 233w, https:\/\/serveiseducatius.xtec.cat\/solsones\/wp-content\/uploads\/usu1176\/2020\/11\/IMG_20201120_123633-768x987.jpg 768w, https:\/\/serveiseducatius.xtec.cat\/solsones\/wp-content\/uploads\/usu1176\/2020\/11\/IMG_20201120_123633.jpg 1831w\" sizes=\"auto, (max-width: 342px) 100vw, 342px\" \/><\/a><\/p>\n<p><a href=\"https:\/\/serveiseducatius.xtec.cat\/solsones\/wp-content\/uploads\/usu1176\/2020\/11\/IMG_20201120_122958.jpg\"><img loading=\"lazy\" decoding=\"async\" class=\"alignnone size-large wp-image-12111\" src=\"https:\/\/serveiseducatius.xtec.cat\/solsones\/wp-content\/uploads\/usu1176\/2020\/11\/IMG_20201120_122958-906x1024.jpg\" alt=\"\" width=\"906\" height=\"1024\" srcset=\"https:\/\/serveiseducatius.xtec.cat\/solsones\/wp-content\/uploads\/usu1176\/2020\/11\/IMG_20201120_122958-906x1024.jpg 906w, https:\/\/serveiseducatius.xtec.cat\/solsones\/wp-content\/uploads\/usu1176\/2020\/11\/IMG_20201120_122958-265x300.jpg 265w, https:\/\/serveiseducatius.xtec.cat\/solsones\/wp-content\/uploads\/usu1176\/2020\/11\/IMG_20201120_122958-768x868.jpg 768w, https:\/\/serveiseducatius.xtec.cat\/solsones\/wp-content\/uploads\/usu1176\/2020\/11\/IMG_20201120_122958.jpg 1698w\" sizes=\"auto, (max-width: 906px) 100vw, 906px\" \/><\/a><\/p>\n<p>En el seg\u00fcent enlla\u00e7 trobareu una guia did\u00e0ctica per treballar aquesta maleta: <a href=\"https:\/\/maletaemocions.wordpress.com\/\" target=\"_blank\" rel=\"noopener noreferrer\">https:\/\/maletaemocions.wordpress.com\/<\/a><\/th>\n<\/tr>\n<\/tbody>\n<\/table>\n<p>&nbsp;<\/p>\n","protected":false},"excerpt":{"rendered":"<p>Al CRP disposem de contes, llibres i pel\u00b7l\u00edcules per abordar el tema de la p\u00e8rdua, el dol i la mort des de\u00a0 l\u2019escola. Els\u00a0 materials disponibles comprenen diverses edats, diferents perspectives i enfoc dels temes. Tamb\u00e9 hi ha materials per al professorat, educadors i fam\u00edlies. Recursos disponibles al CRP FILMOTECA BIBLIOTECA MALETA PEDAG\u00d2GICA CINEMASECUND\u00c0RIA, BATXILLERAT [&hellip;]<\/p>\n","protected":false},"author":1,"featured_media":12169,"comment_status":"closed","ping_status":"closed","sticky":true,"template":"","format":"standard","meta":{"_bbp_topic_count":0,"_bbp_reply_count":0,"_bbp_total_topic_count":0,"_bbp_total_reply_count":0,"_bbp_voice_count":0,"_bbp_anonymous_reply_count":0,"_bbp_topic_count_hidden":0,"_bbp_reply_count_hidden":0,"_bbp_forum_subforum_count":0,"site-sidebar-layout":"default","site-content-layout":"","ast-site-content-layout":"","site-content-style":"default","site-sidebar-style":"default","ast-global-header-display":"","ast-banner-title-visibility":"","ast-main-header-display":"","ast-hfb-above-header-display":"","ast-hfb-below-header-display":"","ast-hfb-mobile-header-display":"","site-post-title":"","ast-breadcrumbs-content":"","ast-featured-img":"","footer-sml-layout":"","theme-transparent-header-meta":"","adv-header-id-meta":"","stick-header-meta":"","header-above-stick-meta":"","header-main-stick-meta":"","header-below-stick-meta":"","astra-migrate-meta-layouts":"default","ast-page-background-enabled":"default","ast-page-background-meta":{"desktop":{"background-color":"var(--ast-global-color-4)","background-image":"","background-repeat":"repeat","background-position":"center center","background-size":"auto","background-attachment":"scroll","background-type":"","background-media":"","overlay-type":"","overlay-color":"","overlay-opacity":"","overlay-gradient":""},"tablet":{"background-color":"","background-image":"","background-repeat":"repeat","background-position":"center center","background-size":"auto","background-attachment":"scroll","background-type":"","background-media":"","overlay-type":"","overlay-color":"","overlay-opacity":"","overlay-gradient":""},"mobile":{"background-color":"","background-image":"","background-repeat":"repeat","background-position":"center center","background-size":"auto","background-attachment":"scroll","background-type":"","background-media":"","overlay-type":"","overlay-color":"","overlay-opacity":"","overlay-gradient":""}},"ast-content-background-meta":{"desktop":{"background-color":"var(--ast-global-color-5)","background-image":"","background-repeat":"repeat","background-position":"center center","background-size":"auto","background-attachment":"scroll","background-type":"","background-media":"","overlay-type":"","overlay-color":"","overlay-opacity":"","overlay-gradient":""},"tablet":{"background-color":"var(--ast-global-color-5)","background-image":"","background-repeat":"repeat","background-position":"center center","background-size":"auto","background-attachment":"scroll","background-type":"","background-media":"","overlay-type":"","overlay-color":"","overlay-opacity":"","overlay-gradient":""},"mobile":{"background-color":"var(--ast-global-color-5)","background-image":"","background-repeat":"repeat","background-position":"center center","background-size":"auto","background-attachment":"scroll","background-type":"","background-media":"","overlay-type":"","overlay-color":"","overlay-opacity":"","overlay-gradient":""}},"footnotes":""},"categories":[693],"tags":[610,694,637,296,696,695],"class_list":["post-12099","post","type-post","status-publish","format-standard","has-post-thumbnail","hentry","category-perdues-dol-i-mort","tag-cinema-i-educacio","tag-contes","tag-dol","tag-llibres","tag-mort","tag-perdua"],"post_mailing_queue_ids":[],"_links":{"self":[{"href":"https:\/\/serveiseducatius.xtec.cat\/solsones\/wp-json\/wp\/v2\/posts\/12099","targetHints":{"allow":["GET"]}}],"collection":[{"href":"https:\/\/serveiseducatius.xtec.cat\/solsones\/wp-json\/wp\/v2\/posts"}],"about":[{"href":"https:\/\/serveiseducatius.xtec.cat\/solsones\/wp-json\/wp\/v2\/types\/post"}],"author":[{"embeddable":true,"href":"https:\/\/serveiseducatius.xtec.cat\/solsones\/wp-json\/wp\/v2\/users\/1"}],"replies":[{"embeddable":true,"href":"https:\/\/serveiseducatius.xtec.cat\/solsones\/wp-json\/wp\/v2\/comments?post=12099"}],"version-history":[{"count":3,"href":"https:\/\/serveiseducatius.xtec.cat\/solsones\/wp-json\/wp\/v2\/posts\/12099\/revisions"}],"predecessor-version":[{"id":12148,"href":"https:\/\/serveiseducatius.xtec.cat\/solsones\/wp-json\/wp\/v2\/posts\/12099\/revisions\/12148"}],"wp:featuredmedia":[{"embeddable":true,"href":"https:\/\/serveiseducatius.xtec.cat\/solsones\/wp-json\/wp\/v2\/media\/12169"}],"wp:attachment":[{"href":"https:\/\/serveiseducatius.xtec.cat\/solsones\/wp-json\/wp\/v2\/media?parent=12099"}],"wp:term":[{"taxonomy":"category","embeddable":true,"href":"https:\/\/serveiseducatius.xtec.cat\/solsones\/wp-json\/wp\/v2\/categories?post=12099"},{"taxonomy":"post_tag","embeddable":true,"href":"https:\/\/serveiseducatius.xtec.cat\/solsones\/wp-json\/wp\/v2\/tags?post=12099"}],"curies":[{"name":"wp","href":"https:\/\/api.w.org\/{rel}","templated":true}]}}