{"id":11989,"date":"2020-11-09T10:14:19","date_gmt":"2020-11-09T09:14:19","guid":{"rendered":"http:\/\/serveiseducatius.xtec.cat\/solsones\/?p=11989"},"modified":"2020-11-30T12:38:37","modified_gmt":"2020-11-30T11:38:37","slug":"coeducat","status":"publish","type":"post","link":"https:\/\/serveiseducatius.xtec.cat\/solsones\/portada\/coeducat\/","title":{"rendered":"Coeducaci\u00f3 i Igualtat de g\u00e8nere"},"content":{"rendered":"<p><a href=\"https:\/\/serveiseducatius.xtec.cat\/solsones\/wp-content\/uploads\/usu1176\/2020\/11\/a10-508x457.png\"><img loading=\"lazy\" decoding=\"async\" class=\" wp-image-11990 alignleft\" src=\"https:\/\/serveiseducatius.xtec.cat\/solsones\/wp-content\/uploads\/usu1176\/2020\/11\/a10-508x457.png\" alt=\"\" width=\"249\" height=\"224\" srcset=\"https:\/\/serveiseducatius.xtec.cat\/solsones\/wp-content\/uploads\/usu1176\/2020\/11\/a10-508x457.png 508w, https:\/\/serveiseducatius.xtec.cat\/solsones\/wp-content\/uploads\/usu1176\/2020\/11\/a10-508x457-300x270.png 300w\" sizes=\"auto, (max-width: 249px) 100vw, 249px\" \/><\/a><\/p>\n<p>Coneixeu el\u00a0<a href=\"http:\/\/xtec.gencat.cat\/ca\/curriculum\/coeducacio\/\" target=\"_blank\" rel=\"noopener noreferrer\">programa COEDUCA&#8217;T<\/a>?<\/p>\n<p>Un programa que vol orientar els centres educatius en aspectes b\u00e0sics sobre coeducaci\u00f3, perspectiva de g\u00e8nere i sexualitat.<\/p>\n<p>La coeducaci\u00f3 \u00e9s l\u2019acci\u00f3 educativa fonamentada en el reconeixement de les potencialitats i individualitats de tot l\u2019alumnat, independentment del seu sexe permetent aix\u00ed la igualtat real d\u2019oportunitats. La igualtat de g\u00e8nere fa refer\u00e8ncia a la necessitat de corregir les discriminacions i valorar les difer\u00e8ncies enriquidores dels dos sexes. \u00c9s per aquest motiu que cal treballar per un sistema educatiu equitatiu, inclusiu i lliure d&#8217;estereotips sexistes.<\/p>\n<p>&nbsp;<\/p>\n<p>&nbsp;<\/p>\n<p>&nbsp;<\/p>\n<p>&nbsp;<\/p>\n","protected":false},"excerpt":{"rendered":"<p>Coneixeu el\u00a0programa COEDUCA&#8217;T? Un programa que vol orientar els centres educatius en aspectes b\u00e0sics sobre coeducaci\u00f3, perspectiva de g\u00e8nere i sexualitat. La coeducaci\u00f3 \u00e9s l\u2019acci\u00f3 educativa fonamentada en el reconeixement de les potencialitats i individualitats de tot l\u2019alumnat, independentment del seu sexe permetent aix\u00ed la igualtat real d\u2019oportunitats. La igualtat de g\u00e8nere fa refer\u00e8ncia a [&hellip;]<\/p>\n","protected":false},"author":1,"featured_media":11990,"comment_status":"closed","ping_status":"closed","sticky":false,"template":"","format":"standard","meta":{"_bbp_topic_count":0,"_bbp_reply_count":0,"_bbp_total_topic_count":0,"_bbp_total_reply_count":0,"_bbp_voice_count":0,"_bbp_anonymous_reply_count":0,"_bbp_topic_count_hidden":0,"_bbp_reply_count_hidden":0,"_bbp_forum_subforum_count":0,"site-sidebar-layout":"default","site-content-layout":"","ast-site-content-layout":"","site-content-style":"default","site-sidebar-style":"default","ast-global-header-display":"","ast-banner-title-visibility":"","ast-main-header-display":"","ast-hfb-above-header-display":"","ast-hfb-below-header-display":"","ast-hfb-mobile-header-display":"","site-post-title":"","ast-breadcrumbs-content":"","ast-featured-img":"","footer-sml-layout":"","theme-transparent-header-meta":"","adv-header-id-meta":"","stick-header-meta":"","header-above-stick-meta":"","header-main-stick-meta":"","header-below-stick-meta":"","astra-migrate-meta-layouts":"default","ast-page-background-enabled":"default","ast-page-background-meta":{"desktop":{"background-color":"var(--ast-global-color-4)","background-image":"","background-repeat":"repeat","background-position":"center center","background-size":"auto","background-attachment":"scroll","background-type":"","background-media":"","overlay-type":"","overlay-color":"","overlay-opacity":"","overlay-gradient":""},"tablet":{"background-color":"","background-image":"","background-repeat":"repeat","background-position":"center center","background-size":"auto","background-attachment":"scroll","background-type":"","background-media":"","overlay-type":"","overlay-color":"","overlay-opacity":"","overlay-gradient":""},"mobile":{"background-color":"","background-image":"","background-repeat":"repeat","background-position":"center center","background-size":"auto","background-attachment":"scroll","background-type":"","background-media":"","overlay-type":"","overlay-color":"","overlay-opacity":"","overlay-gradient":""}},"ast-content-background-meta":{"desktop":{"background-color":"var(--ast-global-color-5)","background-image":"","background-repeat":"repeat","background-position":"center center","background-size":"auto","background-attachment":"scroll","background-type":"","background-media":"","overlay-type":"","overlay-color":"","overlay-opacity":"","overlay-gradient":""},"tablet":{"background-color":"var(--ast-global-color-5)","background-image":"","background-repeat":"repeat","background-position":"center center","background-size":"auto","background-attachment":"scroll","background-type":"","background-media":"","overlay-type":"","overlay-color":"","overlay-opacity":"","overlay-gradient":""},"mobile":{"background-color":"var(--ast-global-color-5)","background-image":"","background-repeat":"repeat","background-position":"center center","background-size":"auto","background-attachment":"scroll","background-type":"","background-media":"","overlay-type":"","overlay-color":"","overlay-opacity":"","overlay-gradient":""}},"footnotes":""},"categories":[699,268,29],"tags":[584,585],"class_list":["post-11989","post","type-post","status-publish","format-standard","has-post-thumbnail","hentry","category-coeducacio","category-noticies-generals","category-portada","tag-coeducacio","tag-igualtat-de-genere"],"post_mailing_queue_ids":[],"_links":{"self":[{"href":"https:\/\/serveiseducatius.xtec.cat\/solsones\/wp-json\/wp\/v2\/posts\/11989","targetHints":{"allow":["GET"]}}],"collection":[{"href":"https:\/\/serveiseducatius.xtec.cat\/solsones\/wp-json\/wp\/v2\/posts"}],"about":[{"href":"https:\/\/serveiseducatius.xtec.cat\/solsones\/wp-json\/wp\/v2\/types\/post"}],"author":[{"embeddable":true,"href":"https:\/\/serveiseducatius.xtec.cat\/solsones\/wp-json\/wp\/v2\/users\/1"}],"replies":[{"embeddable":true,"href":"https:\/\/serveiseducatius.xtec.cat\/solsones\/wp-json\/wp\/v2\/comments?post=11989"}],"version-history":[{"count":3,"href":"https:\/\/serveiseducatius.xtec.cat\/solsones\/wp-json\/wp\/v2\/posts\/11989\/revisions"}],"predecessor-version":[{"id":12102,"href":"https:\/\/serveiseducatius.xtec.cat\/solsones\/wp-json\/wp\/v2\/posts\/11989\/revisions\/12102"}],"wp:featuredmedia":[{"embeddable":true,"href":"https:\/\/serveiseducatius.xtec.cat\/solsones\/wp-json\/wp\/v2\/media\/11990"}],"wp:attachment":[{"href":"https:\/\/serveiseducatius.xtec.cat\/solsones\/wp-json\/wp\/v2\/media?parent=11989"}],"wp:term":[{"taxonomy":"category","embeddable":true,"href":"https:\/\/serveiseducatius.xtec.cat\/solsones\/wp-json\/wp\/v2\/categories?post=11989"},{"taxonomy":"post_tag","embeddable":true,"href":"https:\/\/serveiseducatius.xtec.cat\/solsones\/wp-json\/wp\/v2\/tags?post=11989"}],"curies":[{"name":"wp","href":"https:\/\/api.w.org\/{rel}","templated":true}]}}