{"id":11788,"date":"2020-09-12T09:42:34","date_gmt":"2020-09-12T07:42:34","guid":{"rendered":"http:\/\/serveiseducatius.xtec.cat\/solsones\/?p=11788"},"modified":"2020-09-10T09:47:47","modified_gmt":"2020-09-10T07:47:47","slug":"una-comunitat-educativa-restaurativa-i-resilient","status":"publish","type":"post","link":"https:\/\/serveiseducatius.xtec.cat\/solsones\/portada\/una-comunitat-educativa-restaurativa-i-resilient\/","title":{"rendered":"Una comunitat educativa restaurativa i resilient"},"content":{"rendered":"<p><img loading=\"lazy\" decoding=\"async\" class=\" alignleft\" src=\"http:\/\/xtec.gencat.cat\/web\/.content\/centres\/projeducatiu\/convivencia\/una-comunitat-educativa-restaurativa-i-resilient\/marc-restauratiu\/imatges\/RESILIENT.png_1595044798.png\" width=\"268\" height=\"268\" \/>El\u00a0Pla d\u2019actuaci\u00f3 per al curs 2020-2021 per a centres educatius en el marc de la pand\u00e8mia, en el seu apartat 4.4, de Promoci\u00f3 de la salut i suport emocional, proposa que es realitzin activitats que permetin l\u2019adaptaci\u00f3 progressiva de l\u2019alumnat al nou curs i als canvis en el centre educatiu.<\/p>\n<p>A les Instruccions dels centres educatius de Catalunya d\u2019enguany es proposa que la Programaci\u00f3 General Anual faci \u00e8mfasi, entre d\u2019altres, en aspectes com l\u2019educaci\u00f3 i acompanyament emocional de l\u2019alumnat (activitats orientades al retrobament, l\u2019intercanvi de situacions viscudes\u2026), l\u2019acci\u00f3 tutorial i orientaci\u00f3 en col\u00b7laboraci\u00f3 amb les fam\u00edlies, tot incidint tant en els processos cognitius com en els factors socioemocionals de l\u2019aprenentatge.<\/p>\n<p>Per donar-hi resposta , des de la Subdirecci\u00f3 general de suport i atenci\u00f3 a la comunitat educativa, i concretament des del Servei d\u2019Escola i Fam\u00edlia es proposen un seguit de recursos pels centres educatius i les fam\u00edlies que promouen la creaci\u00f3 de vincles i comunitat, d\u2019espais segurs i de confian\u00e7a per compartir experi\u00e8ncies, hist\u00f2ries personals, emocions i necessitats partint de l\u2019<strong>enfocament restauratiu<\/strong>. El nou apartat web\u00a0\u00a0<a href=\"http:\/\/xtec.gencat.cat\/ca\/centres\/projeducatiu\/convivencia\/una-comunitat-educativa-restaurativa-i-resilient\/\" target=\"_blank\" rel=\"noopener noreferrer\" data-saferedirecturl=\"https:\/\/www.google.com\/url?q=http:\/\/xtec.gencat.cat\/ca\/centres\/projeducatiu\/convivencia\/una-comunitat-educativa-restaurativa-i-resilient\/&amp;source=gmail&amp;ust=1599805103713000&amp;usg=AFQjCNFjsBWdrIGIzy5i6SKikE69JZYIBg\"><b>Una comunitat educativa restaurativa i resilient<\/b><\/a>\u00a0, dins del Projecte de Conviv\u00e8ncia, compta amb aspectes te\u00f2rics del marc restauratiu, exemples pr\u00e0ctics de com aplicar i crear cercles, propostes per treballar en comunitat i fam\u00edlies, principis i preguntes restauratives i diferents recursos.<\/p>\n","protected":false},"excerpt":{"rendered":"<p>El\u00a0Pla d\u2019actuaci\u00f3 per al curs 2020-2021 per a centres educatius en el marc de la pand\u00e8mia, en el seu apartat 4.4, de Promoci\u00f3 de la salut i suport emocional, proposa que es realitzin activitats que permetin l\u2019adaptaci\u00f3 progressiva de l\u2019alumnat al nou curs i als canvis en el centre educatiu. A les Instruccions dels centres [&hellip;]<\/p>\n","protected":false},"author":1,"featured_media":11789,"comment_status":"closed","ping_status":"closed","sticky":false,"template":"","format":"standard","meta":{"_bbp_topic_count":0,"_bbp_reply_count":0,"_bbp_total_topic_count":0,"_bbp_total_reply_count":0,"_bbp_voice_count":0,"_bbp_anonymous_reply_count":0,"_bbp_topic_count_hidden":0,"_bbp_reply_count_hidden":0,"_bbp_forum_subforum_count":0,"site-sidebar-layout":"default","site-content-layout":"","ast-site-content-layout":"","site-content-style":"default","site-sidebar-style":"default","ast-global-header-display":"","ast-banner-title-visibility":"","ast-main-header-display":"","ast-hfb-above-header-display":"","ast-hfb-below-header-display":"","ast-hfb-mobile-header-display":"","site-post-title":"","ast-breadcrumbs-content":"","ast-featured-img":"","footer-sml-layout":"","theme-transparent-header-meta":"","adv-header-id-meta":"","stick-header-meta":"","header-above-stick-meta":"","header-main-stick-meta":"","header-below-stick-meta":"","astra-migrate-meta-layouts":"default","ast-page-background-enabled":"default","ast-page-background-meta":{"desktop":{"background-color":"var(--ast-global-color-4)","background-image":"","background-repeat":"repeat","background-position":"center center","background-size":"auto","background-attachment":"scroll","background-type":"","background-media":"","overlay-type":"","overlay-color":"","overlay-opacity":"","overlay-gradient":""},"tablet":{"background-color":"","background-image":"","background-repeat":"repeat","background-position":"center center","background-size":"auto","background-attachment":"scroll","background-type":"","background-media":"","overlay-type":"","overlay-color":"","overlay-opacity":"","overlay-gradient":""},"mobile":{"background-color":"","background-image":"","background-repeat":"repeat","background-position":"center center","background-size":"auto","background-attachment":"scroll","background-type":"","background-media":"","overlay-type":"","overlay-color":"","overlay-opacity":"","overlay-gradient":""}},"ast-content-background-meta":{"desktop":{"background-color":"var(--ast-global-color-5)","background-image":"","background-repeat":"repeat","background-position":"center center","background-size":"auto","background-attachment":"scroll","background-type":"","background-media":"","overlay-type":"","overlay-color":"","overlay-opacity":"","overlay-gradient":""},"tablet":{"background-color":"var(--ast-global-color-5)","background-image":"","background-repeat":"repeat","background-position":"center center","background-size":"auto","background-attachment":"scroll","background-type":"","background-media":"","overlay-type":"","overlay-color":"","overlay-opacity":"","overlay-gradient":""},"mobile":{"background-color":"var(--ast-global-color-5)","background-image":"","background-repeat":"repeat","background-position":"center center","background-size":"auto","background-attachment":"scroll","background-type":"","background-media":"","overlay-type":"","overlay-color":"","overlay-opacity":"","overlay-gradient":""}},"footnotes":""},"categories":[268,29],"tags":[658,655,657,656],"class_list":["post-11788","post","type-post","status-publish","format-standard","has-post-thumbnail","hentry","category-noticies-generals","category-portada","tag-comunitat-educativa","tag-families","tag-projecte-de-convivencia","tag-resiliencia"],"post_mailing_queue_ids":[],"_links":{"self":[{"href":"https:\/\/serveiseducatius.xtec.cat\/solsones\/wp-json\/wp\/v2\/posts\/11788","targetHints":{"allow":["GET"]}}],"collection":[{"href":"https:\/\/serveiseducatius.xtec.cat\/solsones\/wp-json\/wp\/v2\/posts"}],"about":[{"href":"https:\/\/serveiseducatius.xtec.cat\/solsones\/wp-json\/wp\/v2\/types\/post"}],"author":[{"embeddable":true,"href":"https:\/\/serveiseducatius.xtec.cat\/solsones\/wp-json\/wp\/v2\/users\/1"}],"replies":[{"embeddable":true,"href":"https:\/\/serveiseducatius.xtec.cat\/solsones\/wp-json\/wp\/v2\/comments?post=11788"}],"version-history":[{"count":1,"href":"https:\/\/serveiseducatius.xtec.cat\/solsones\/wp-json\/wp\/v2\/posts\/11788\/revisions"}],"predecessor-version":[{"id":11790,"href":"https:\/\/serveiseducatius.xtec.cat\/solsones\/wp-json\/wp\/v2\/posts\/11788\/revisions\/11790"}],"wp:featuredmedia":[{"embeddable":true,"href":"https:\/\/serveiseducatius.xtec.cat\/solsones\/wp-json\/wp\/v2\/media\/11789"}],"wp:attachment":[{"href":"https:\/\/serveiseducatius.xtec.cat\/solsones\/wp-json\/wp\/v2\/media?parent=11788"}],"wp:term":[{"taxonomy":"category","embeddable":true,"href":"https:\/\/serveiseducatius.xtec.cat\/solsones\/wp-json\/wp\/v2\/categories?post=11788"},{"taxonomy":"post_tag","embeddable":true,"href":"https:\/\/serveiseducatius.xtec.cat\/solsones\/wp-json\/wp\/v2\/tags?post=11788"}],"curies":[{"name":"wp","href":"https:\/\/api.w.org\/{rel}","templated":true}]}}