{"id":11688,"date":"2020-07-13T13:52:46","date_gmt":"2020-07-13T11:52:46","guid":{"rendered":"http:\/\/serveiseducatius.xtec.cat\/solsones\/?p=11688"},"modified":"2020-07-13T13:59:03","modified_gmt":"2020-07-13T11:59:03","slug":"linstitut-francesc-ribalta-de-solsona-es-converteix-en-centre-batxibac","status":"publish","type":"post","link":"https:\/\/serveiseducatius.xtec.cat\/solsones\/general\/linstitut-francesc-ribalta-de-solsona-es-converteix-en-centre-batxibac\/","title":{"rendered":"L&#8217;institut Francesc Ribalta de Solsona es converteix en centre Batxibac"},"content":{"rendered":"<p><a href=\"https:\/\/serveiseducatius.xtec.cat\/solsones\/wp-content\/uploads\/usu1176\/2020\/07\/frCaptura.png\"><img loading=\"lazy\" decoding=\"async\" class=\"wp-image-11689 alignleft\" src=\"https:\/\/serveiseducatius.xtec.cat\/solsones\/wp-content\/uploads\/usu1176\/2020\/07\/frCaptura.png\" alt=\"\" width=\"540\" height=\"238\" srcset=\"https:\/\/serveiseducatius.xtec.cat\/solsones\/wp-content\/uploads\/usu1176\/2020\/07\/frCaptura.png 692w, https:\/\/serveiseducatius.xtec.cat\/solsones\/wp-content\/uploads\/usu1176\/2020\/07\/frCaptura-300x132.png 300w\" sizes=\"auto, (max-width: 540px) 100vw, 540px\" \/><\/a><\/p>\n<p>L&#8217;institut Francesc Ribalta de\u00a0Solsona ser\u00e0 des del curs vinent un centre Batxibac, el que significa que oferir\u00e0 la possibilitat d&#8217;obtenir el t\u00edtol del batxillerat espanyol i el de <em>baccalaur\u00e9at<\/em>\u00a0franc\u00e8s a la vegada complint els requisits que tots dos pa\u00efsos van acordar el 10 de gener del 2008.<\/p>\n<p>El Francesc Ribalta ser\u00e0 el nov\u00e8 institut de la\u00a0Catalunya Central que oferir\u00e0 aquest model el curs vinent.<\/p>\n<p>El batxibac<strong>\u00a0t\u00e9 com a objectius validar els estudis de formaci\u00f3 multicultural i multiling\u00fce<\/strong>, afavorir la mobilitat dels joves en l&#8217;espai europeu i facilitar la inserci\u00f3 professional i la mobilitat dins del m\u00f3n del treball, tot donant a l&#8217;alumnat que l&#8217;ha cursat el plus de coneixement d&#8217;una llengua i cultura que ens s\u00f3n molt properes.<\/p>\n<p>&nbsp;<\/p>\n","protected":false},"excerpt":{"rendered":"<p>L&#8217;institut Francesc Ribalta de\u00a0Solsona ser\u00e0 des del curs vinent un centre Batxibac, el que significa que oferir\u00e0 la possibilitat d&#8217;obtenir el t\u00edtol del batxillerat espanyol i el de baccalaur\u00e9at\u00a0franc\u00e8s a la vegada complint els requisits que tots dos pa\u00efsos van acordar el 10 de gener del 2008. El Francesc Ribalta ser\u00e0 el nov\u00e8 institut de [&hellip;]<\/p>\n","protected":false},"author":1,"featured_media":11689,"comment_status":"closed","ping_status":"closed","sticky":false,"template":"","format":"standard","meta":{"_bbp_topic_count":0,"_bbp_reply_count":0,"_bbp_total_topic_count":0,"_bbp_total_reply_count":0,"_bbp_voice_count":0,"_bbp_anonymous_reply_count":0,"_bbp_topic_count_hidden":0,"_bbp_reply_count_hidden":0,"_bbp_forum_subforum_count":0,"site-sidebar-layout":"default","site-content-layout":"","ast-site-content-layout":"","site-content-style":"default","site-sidebar-style":"default","ast-global-header-display":"","ast-banner-title-visibility":"","ast-main-header-display":"","ast-hfb-above-header-display":"","ast-hfb-below-header-display":"","ast-hfb-mobile-header-display":"","site-post-title":"","ast-breadcrumbs-content":"","ast-featured-img":"","footer-sml-layout":"","theme-transparent-header-meta":"","adv-header-id-meta":"","stick-header-meta":"","header-above-stick-meta":"","header-main-stick-meta":"","header-below-stick-meta":"","astra-migrate-meta-layouts":"default","ast-page-background-enabled":"default","ast-page-background-meta":{"desktop":{"background-color":"var(--ast-global-color-4)","background-image":"","background-repeat":"repeat","background-position":"center center","background-size":"auto","background-attachment":"scroll","background-type":"","background-media":"","overlay-type":"","overlay-color":"","overlay-opacity":"","overlay-gradient":""},"tablet":{"background-color":"","background-image":"","background-repeat":"repeat","background-position":"center center","background-size":"auto","background-attachment":"scroll","background-type":"","background-media":"","overlay-type":"","overlay-color":"","overlay-opacity":"","overlay-gradient":""},"mobile":{"background-color":"","background-image":"","background-repeat":"repeat","background-position":"center center","background-size":"auto","background-attachment":"scroll","background-type":"","background-media":"","overlay-type":"","overlay-color":"","overlay-opacity":"","overlay-gradient":""}},"ast-content-background-meta":{"desktop":{"background-color":"var(--ast-global-color-5)","background-image":"","background-repeat":"repeat","background-position":"center center","background-size":"auto","background-attachment":"scroll","background-type":"","background-media":"","overlay-type":"","overlay-color":"","overlay-opacity":"","overlay-gradient":""},"tablet":{"background-color":"var(--ast-global-color-5)","background-image":"","background-repeat":"repeat","background-position":"center center","background-size":"auto","background-attachment":"scroll","background-type":"","background-media":"","overlay-type":"","overlay-color":"","overlay-opacity":"","overlay-gradient":""},"mobile":{"background-color":"var(--ast-global-color-5)","background-image":"","background-repeat":"repeat","background-position":"center center","background-size":"auto","background-attachment":"scroll","background-type":"","background-media":"","overlay-type":"","overlay-color":"","overlay-opacity":"","overlay-gradient":""}},"footnotes":""},"categories":[64,65,1,268,29],"tags":[644,597,169,645],"class_list":["post-11688","post","type-post","status-publish","format-standard","has-post-thumbnail","hentry","category-comunitat","category-crp","category-general","category-noticies-generals","category-portada","tag-batxibac","tag-francesc-ribalta","tag-llengua","tag-llengua-francesa"],"post_mailing_queue_ids":[],"_links":{"self":[{"href":"https:\/\/serveiseducatius.xtec.cat\/solsones\/wp-json\/wp\/v2\/posts\/11688","targetHints":{"allow":["GET"]}}],"collection":[{"href":"https:\/\/serveiseducatius.xtec.cat\/solsones\/wp-json\/wp\/v2\/posts"}],"about":[{"href":"https:\/\/serveiseducatius.xtec.cat\/solsones\/wp-json\/wp\/v2\/types\/post"}],"author":[{"embeddable":true,"href":"https:\/\/serveiseducatius.xtec.cat\/solsones\/wp-json\/wp\/v2\/users\/1"}],"replies":[{"embeddable":true,"href":"https:\/\/serveiseducatius.xtec.cat\/solsones\/wp-json\/wp\/v2\/comments?post=11688"}],"version-history":[{"count":2,"href":"https:\/\/serveiseducatius.xtec.cat\/solsones\/wp-json\/wp\/v2\/posts\/11688\/revisions"}],"predecessor-version":[{"id":11691,"href":"https:\/\/serveiseducatius.xtec.cat\/solsones\/wp-json\/wp\/v2\/posts\/11688\/revisions\/11691"}],"wp:featuredmedia":[{"embeddable":true,"href":"https:\/\/serveiseducatius.xtec.cat\/solsones\/wp-json\/wp\/v2\/media\/11689"}],"wp:attachment":[{"href":"https:\/\/serveiseducatius.xtec.cat\/solsones\/wp-json\/wp\/v2\/media?parent=11688"}],"wp:term":[{"taxonomy":"category","embeddable":true,"href":"https:\/\/serveiseducatius.xtec.cat\/solsones\/wp-json\/wp\/v2\/categories?post=11688"},{"taxonomy":"post_tag","embeddable":true,"href":"https:\/\/serveiseducatius.xtec.cat\/solsones\/wp-json\/wp\/v2\/tags?post=11688"}],"curies":[{"name":"wp","href":"https:\/\/api.w.org\/{rel}","templated":true}]}}