{"id":11452,"date":"2020-04-03T11:50:43","date_gmt":"2020-04-03T09:50:43","guid":{"rendered":"http:\/\/serveiseducatius.xtec.cat\/solsones\/?p=11452"},"modified":"2020-04-03T11:50:43","modified_gmt":"2020-04-03T09:50:43","slug":"horari-i-enllacos-directes-a-la-programacio-audiovisual-educativa","status":"publish","type":"post","link":"https:\/\/serveiseducatius.xtec.cat\/solsones\/general\/horari-i-enllacos-directes-a-la-programacio-audiovisual-educativa\/","title":{"rendered":"Horari i enlla\u00e7os directes a la programaci\u00f3 audiovisual educativa"},"content":{"rendered":"<p>L&#8217;equip del SE de\u00a0 Badalona ha\u00a0 preparat una graella on podreu trobar una extensa programaci\u00f3 educativa de la televisi\u00f3 o la r\u00e0dio.<\/p>\n<p><a href=\"https:\/\/drive.google.com\/open?id=10bg1qUIWlidTm6H_HAE2KLy4b6abfrpr\">Clicant a la imatge<\/a>\u00a0podeu accedir a tota la programaci\u00f3 audiovisual anal\u00f2gica endre\u00e7ada per dies de la setmana i horari d\u2019emissi\u00f3.<\/p>\n<p>En qualsevol moment tots aquests programes tamb\u00e9 es poden <a href=\"https:\/\/drive.google.com\/file\/d\/10bg1qUIWlidTm6H_HAE2KLy4b6abfrpr\/view\" target=\"_blank\" rel=\"noopener noreferrer\">visualitzar online clicant als enlla\u00e7os.<\/a><\/p>\n<p><a href=\"https:\/\/drive.google.com\/file\/d\/10bg1qUIWlidTm6H_HAE2KLy4b6abfrpr\/view\" target=\"_blank\" rel=\"noopener noreferrer\"><img loading=\"lazy\" decoding=\"async\" class=\"aligncenter wp-image-11453\" src=\"https:\/\/serveiseducatius.xtec.cat\/solsones\/wp-content\/uploads\/usu1176\/2020\/04\/proposta-audiovisual-badalona-768x494.png\" alt=\"\" width=\"672\" height=\"432\" srcset=\"https:\/\/serveiseducatius.xtec.cat\/solsones\/wp-content\/uploads\/usu1176\/2020\/04\/proposta-audiovisual-badalona-768x494.png 768w, https:\/\/serveiseducatius.xtec.cat\/solsones\/wp-content\/uploads\/usu1176\/2020\/04\/proposta-audiovisual-badalona-768x494-300x193.png 300w\" sizes=\"auto, (max-width: 672px) 100vw, 672px\" \/><\/a><\/p>\n<p>Hem\u00a0 seleccionat tamb\u00e9,\u00a0 alguns\u00a0<a href=\"https:\/\/drive.google.com\/open?id=1Z4llgofl7gwAO9FqwkbTr2pLYwYGPBS6\">programes educatius online<\/a>\u00a0per poder gaudir durant aquests dies de confinament.<\/p>\n","protected":false},"excerpt":{"rendered":"<p>Clicant a la imatge\u00a0podeu accedir a tota la programaci\u00f3 audiovisual anal\u00f2gica endre\u00e7ada per dies de la setmana i horari d\u2019emissi\u00f3.\u00a0En qualsevol moment tots aquests programes tamb\u00e9 es poden visualitzar online clicant als enlla\u00e7os.<\/p>\n","protected":false},"author":1,"featured_media":11453,"comment_status":"closed","ping_status":"closed","sticky":false,"template":"","format":"standard","meta":{"_bbp_topic_count":0,"_bbp_reply_count":0,"_bbp_total_topic_count":0,"_bbp_total_reply_count":0,"_bbp_voice_count":0,"_bbp_anonymous_reply_count":0,"_bbp_topic_count_hidden":0,"_bbp_reply_count_hidden":0,"_bbp_forum_subforum_count":0,"site-sidebar-layout":"default","site-content-layout":"","ast-site-content-layout":"","site-content-style":"default","site-sidebar-style":"default","ast-global-header-display":"","ast-banner-title-visibility":"","ast-main-header-display":"","ast-hfb-above-header-display":"","ast-hfb-below-header-display":"","ast-hfb-mobile-header-display":"","site-post-title":"","ast-breadcrumbs-content":"","ast-featured-img":"","footer-sml-layout":"","theme-transparent-header-meta":"","adv-header-id-meta":"","stick-header-meta":"","header-above-stick-meta":"","header-main-stick-meta":"","header-below-stick-meta":"","astra-migrate-meta-layouts":"default","ast-page-background-enabled":"default","ast-page-background-meta":{"desktop":{"background-color":"var(--ast-global-color-4)","background-image":"","background-repeat":"repeat","background-position":"center center","background-size":"auto","background-attachment":"scroll","background-type":"","background-media":"","overlay-type":"","overlay-color":"","overlay-opacity":"","overlay-gradient":""},"tablet":{"background-color":"","background-image":"","background-repeat":"repeat","background-position":"center center","background-size":"auto","background-attachment":"scroll","background-type":"","background-media":"","overlay-type":"","overlay-color":"","overlay-opacity":"","overlay-gradient":""},"mobile":{"background-color":"","background-image":"","background-repeat":"repeat","background-position":"center center","background-size":"auto","background-attachment":"scroll","background-type":"","background-media":"","overlay-type":"","overlay-color":"","overlay-opacity":"","overlay-gradient":""}},"ast-content-background-meta":{"desktop":{"background-color":"var(--ast-global-color-5)","background-image":"","background-repeat":"repeat","background-position":"center center","background-size":"auto","background-attachment":"scroll","background-type":"","background-media":"","overlay-type":"","overlay-color":"","overlay-opacity":"","overlay-gradient":""},"tablet":{"background-color":"var(--ast-global-color-5)","background-image":"","background-repeat":"repeat","background-position":"center center","background-size":"auto","background-attachment":"scroll","background-type":"","background-media":"","overlay-type":"","overlay-color":"","overlay-opacity":"","overlay-gradient":""},"mobile":{"background-color":"var(--ast-global-color-5)","background-image":"","background-repeat":"repeat","background-position":"center center","background-size":"auto","background-attachment":"scroll","background-type":"","background-media":"","overlay-type":"","overlay-color":"","overlay-opacity":"","overlay-gradient":""}},"footnotes":""},"categories":[63,65,1,269,29,76,271],"tags":[37,499,613],"class_list":["post-11452","post","type-post","status-publish","format-standard","has-post-thumbnail","hentry","category-catalegs-tematics","category-crp","category-general","category-noticies-se","category-portada","category-recursos","category-serveis-educatius","tag-audiovisuals","tag-consell-audiovisual-de-catalunya","tag-covid19"],"post_mailing_queue_ids":[],"_links":{"self":[{"href":"https:\/\/serveiseducatius.xtec.cat\/solsones\/wp-json\/wp\/v2\/posts\/11452","targetHints":{"allow":["GET"]}}],"collection":[{"href":"https:\/\/serveiseducatius.xtec.cat\/solsones\/wp-json\/wp\/v2\/posts"}],"about":[{"href":"https:\/\/serveiseducatius.xtec.cat\/solsones\/wp-json\/wp\/v2\/types\/post"}],"author":[{"embeddable":true,"href":"https:\/\/serveiseducatius.xtec.cat\/solsones\/wp-json\/wp\/v2\/users\/1"}],"replies":[{"embeddable":true,"href":"https:\/\/serveiseducatius.xtec.cat\/solsones\/wp-json\/wp\/v2\/comments?post=11452"}],"version-history":[{"count":1,"href":"https:\/\/serveiseducatius.xtec.cat\/solsones\/wp-json\/wp\/v2\/posts\/11452\/revisions"}],"predecessor-version":[{"id":11454,"href":"https:\/\/serveiseducatius.xtec.cat\/solsones\/wp-json\/wp\/v2\/posts\/11452\/revisions\/11454"}],"wp:featuredmedia":[{"embeddable":true,"href":"https:\/\/serveiseducatius.xtec.cat\/solsones\/wp-json\/wp\/v2\/media\/11453"}],"wp:attachment":[{"href":"https:\/\/serveiseducatius.xtec.cat\/solsones\/wp-json\/wp\/v2\/media?parent=11452"}],"wp:term":[{"taxonomy":"category","embeddable":true,"href":"https:\/\/serveiseducatius.xtec.cat\/solsones\/wp-json\/wp\/v2\/categories?post=11452"},{"taxonomy":"post_tag","embeddable":true,"href":"https:\/\/serveiseducatius.xtec.cat\/solsones\/wp-json\/wp\/v2\/tags?post=11452"}],"curies":[{"name":"wp","href":"https:\/\/api.w.org\/{rel}","templated":true}]}}