{"id":11383,"date":"2020-03-19T20:22:28","date_gmt":"2020-03-19T19:22:28","guid":{"rendered":"http:\/\/serveiseducatius.xtec.cat\/solsones\/?p=11383"},"modified":"2020-03-31T12:52:48","modified_gmt":"2020-03-31T10:52:48","slug":"nou-nodes-de-formacio-i-recursos-per-a-docents-joemquedoacasa","status":"publish","type":"post","link":"https:\/\/serveiseducatius.xtec.cat\/solsones\/portada\/nou-nodes-de-formacio-i-recursos-per-a-docents-joemquedoacasa\/","title":{"rendered":"Nou Nodes de formaci\u00f3 i recursos per a docents. #joemquedoacasa"},"content":{"rendered":"<p><a href=\"https:\/\/projectes.xtec.cat\/joemquedoacasa\/\" target=\"_blank\" rel=\"noopener noreferrer\"><img loading=\"lazy\" decoding=\"async\" class=\"aligncenter wp-image-11384 size-full\" src=\"https:\/\/serveiseducatius.xtec.cat\/solsones\/wp-content\/uploads\/usu1176\/2020\/03\/Screenshot.png\" alt=\"\" width=\"981\" height=\"182\" srcset=\"https:\/\/serveiseducatius.xtec.cat\/solsones\/wp-content\/uploads\/usu1176\/2020\/03\/Screenshot.png 981w, https:\/\/serveiseducatius.xtec.cat\/solsones\/wp-content\/uploads\/usu1176\/2020\/03\/Screenshot-300x56.png 300w, https:\/\/serveiseducatius.xtec.cat\/solsones\/wp-content\/uploads\/usu1176\/2020\/03\/Screenshot-768x142.png 768w\" sizes=\"auto, (max-width: 981px) 100vw, 981px\" \/><\/a><\/p>\n<p>El\u00a0<strong>Departament d\u2019Educaci\u00f3<\/strong>\u00a0ha creat aquest\u00a0<a href=\"https:\/\/projectes.xtec.cat\/joemquedoacasa\/\" target=\"_blank\" rel=\"noopener noreferrer\">espai Nodes<\/a>\u00a0per aprofitar aquests dies de confinament i aprofundir en aquells aspectes que tenen a veure amb la pr\u00e0ctica docent i tamb\u00e9 per prendre part en diferents activitats de formaci\u00f3 a dist\u00e0ncia. Per fer-ho, ofereix un recull actualitzat de recursos i\u00a0<strong>activitats did\u00e0ctiques en l\u00ednia<\/strong>\u00a0que poden ser d\u2019ajut tant a l\u2019hora d\u2019elaborar propostes did\u00e0ctiques com si voleu fer-lo arribar al vostre alumnat per tal que pugui avan\u00e7ar en el seu proc\u00e9s d\u2019aprenentatge, malgrat l\u2019aturada de l\u2019activitat presencial.<\/p>\n","protected":false},"excerpt":{"rendered":"<p>El\u00a0Departament d\u2019Educaci\u00f3\u00a0ha creat aquest\u00a0espai Nodes\u00a0per aprofitar aquests dies de confinament i aprofundir en aquells aspectes que tenen a veure amb la pr\u00e0ctica docent i tamb\u00e9 per prendre part en diferents activitats de formaci\u00f3 a dist\u00e0ncia. Per fer-ho, ofereix un recull actualitzat de recursos i\u00a0activitats did\u00e0ctiques en l\u00ednia\u00a0que poden ser d\u2019ajut tant a l\u2019hora d\u2019elaborar propostes [&hellip;]<\/p>\n","protected":false},"author":1,"featured_media":11384,"comment_status":"closed","ping_status":"closed","sticky":false,"template":"","format":"standard","meta":{"_bbp_topic_count":0,"_bbp_reply_count":0,"_bbp_total_topic_count":0,"_bbp_total_reply_count":0,"_bbp_voice_count":0,"_bbp_anonymous_reply_count":0,"_bbp_topic_count_hidden":0,"_bbp_reply_count_hidden":0,"_bbp_forum_subforum_count":0,"site-sidebar-layout":"default","site-content-layout":"","ast-site-content-layout":"","site-content-style":"default","site-sidebar-style":"default","ast-global-header-display":"","ast-banner-title-visibility":"","ast-main-header-display":"","ast-hfb-above-header-display":"","ast-hfb-below-header-display":"","ast-hfb-mobile-header-display":"","site-post-title":"","ast-breadcrumbs-content":"","ast-featured-img":"","footer-sml-layout":"","theme-transparent-header-meta":"","adv-header-id-meta":"","stick-header-meta":"","header-above-stick-meta":"","header-main-stick-meta":"","header-below-stick-meta":"","astra-migrate-meta-layouts":"default","ast-page-background-enabled":"default","ast-page-background-meta":{"desktop":{"background-color":"var(--ast-global-color-4)","background-image":"","background-repeat":"repeat","background-position":"center center","background-size":"auto","background-attachment":"scroll","background-type":"","background-media":"","overlay-type":"","overlay-color":"","overlay-opacity":"","overlay-gradient":""},"tablet":{"background-color":"","background-image":"","background-repeat":"repeat","background-position":"center center","background-size":"auto","background-attachment":"scroll","background-type":"","background-media":"","overlay-type":"","overlay-color":"","overlay-opacity":"","overlay-gradient":""},"mobile":{"background-color":"","background-image":"","background-repeat":"repeat","background-position":"center center","background-size":"auto","background-attachment":"scroll","background-type":"","background-media":"","overlay-type":"","overlay-color":"","overlay-opacity":"","overlay-gradient":""}},"ast-content-background-meta":{"desktop":{"background-color":"var(--ast-global-color-5)","background-image":"","background-repeat":"repeat","background-position":"center center","background-size":"auto","background-attachment":"scroll","background-type":"","background-media":"","overlay-type":"","overlay-color":"","overlay-opacity":"","overlay-gradient":""},"tablet":{"background-color":"var(--ast-global-color-5)","background-image":"","background-repeat":"repeat","background-position":"center center","background-size":"auto","background-attachment":"scroll","background-type":"","background-media":"","overlay-type":"","overlay-color":"","overlay-opacity":"","overlay-gradient":""},"mobile":{"background-color":"var(--ast-global-color-5)","background-image":"","background-repeat":"repeat","background-position":"center center","background-size":"auto","background-attachment":"scroll","background-type":"","background-media":"","overlay-type":"","overlay-color":"","overlay-opacity":"","overlay-gradient":""}},"footnotes":""},"categories":[65,154,156,269,29],"tags":[611,606,226,224,215],"class_list":["post-11383","post","type-post","status-publish","format-standard","has-post-thumbnail","hentry","category-crp","category-formacio","category-materials-de-formacio","category-noticies-se","category-portada","tag-joaprencacasa","tag-joemquedoacasa","tag-formacio","tag-formacio-continuada","tag-formacio-permanent-del-professorat"],"post_mailing_queue_ids":[],"_links":{"self":[{"href":"https:\/\/serveiseducatius.xtec.cat\/solsones\/wp-json\/wp\/v2\/posts\/11383","targetHints":{"allow":["GET"]}}],"collection":[{"href":"https:\/\/serveiseducatius.xtec.cat\/solsones\/wp-json\/wp\/v2\/posts"}],"about":[{"href":"https:\/\/serveiseducatius.xtec.cat\/solsones\/wp-json\/wp\/v2\/types\/post"}],"author":[{"embeddable":true,"href":"https:\/\/serveiseducatius.xtec.cat\/solsones\/wp-json\/wp\/v2\/users\/1"}],"replies":[{"embeddable":true,"href":"https:\/\/serveiseducatius.xtec.cat\/solsones\/wp-json\/wp\/v2\/comments?post=11383"}],"version-history":[{"count":1,"href":"https:\/\/serveiseducatius.xtec.cat\/solsones\/wp-json\/wp\/v2\/posts\/11383\/revisions"}],"predecessor-version":[{"id":11385,"href":"https:\/\/serveiseducatius.xtec.cat\/solsones\/wp-json\/wp\/v2\/posts\/11383\/revisions\/11385"}],"wp:featuredmedia":[{"embeddable":true,"href":"https:\/\/serveiseducatius.xtec.cat\/solsones\/wp-json\/wp\/v2\/media\/11384"}],"wp:attachment":[{"href":"https:\/\/serveiseducatius.xtec.cat\/solsones\/wp-json\/wp\/v2\/media?parent=11383"}],"wp:term":[{"taxonomy":"category","embeddable":true,"href":"https:\/\/serveiseducatius.xtec.cat\/solsones\/wp-json\/wp\/v2\/categories?post=11383"},{"taxonomy":"post_tag","embeddable":true,"href":"https:\/\/serveiseducatius.xtec.cat\/solsones\/wp-json\/wp\/v2\/tags?post=11383"}],"curies":[{"name":"wp","href":"https:\/\/api.w.org\/{rel}","templated":true}]}}