{"id":11211,"date":"2020-01-30T10:10:16","date_gmt":"2020-01-30T09:10:16","guid":{"rendered":"http:\/\/serveiseducatius.xtec.cat\/solsones\/?p=11211"},"modified":"2020-01-30T10:10:47","modified_gmt":"2020-01-30T09:10:47","slug":"dona-la-nota-encara-hi-som-a-temps","status":"publish","type":"post","link":"https:\/\/serveiseducatius.xtec.cat\/solsones\/portada\/dona-la-nota-encara-hi-som-a-temps\/","title":{"rendered":"DONA LA NOTA: \u201cEncara hi som a temps\u201d"},"content":{"rendered":"<p>&nbsp;<\/p>\n<p><a href=\"https:\/\/projectes.xtec.cat\/encara-hi-som-a-temps\/\"><img loading=\"lazy\" decoding=\"async\" class=\"alignleft wp-image-11214\" src=\"https:\/\/serveiseducatius.xtec.cat\/solsones\/wp-content\/uploads\/usu1176\/2020\/01\/nota1Captura.png\" alt=\"\" width=\"485\" height=\"337\" srcset=\"https:\/\/serveiseducatius.xtec.cat\/solsones\/wp-content\/uploads\/usu1176\/2020\/01\/nota1Captura.png 459w, https:\/\/serveiseducatius.xtec.cat\/solsones\/wp-content\/uploads\/usu1176\/2020\/01\/nota1Captura-300x208.png 300w\" sizes=\"auto, (max-width: 485px) 100vw, 485px\" \/><\/a>Aquesta iniciativa pret\u00e9n que nens i nenes, nois i noies dels centres educatius de Catalunya prenguin consci\u00e8ncia sobre el moment que vivim d\u2019emerg\u00e8ncia clim\u00e0tica i ambiental, i participin de forma activa en el seu entorn m\u00e9s proper. D\u2019una banda, integrant els valors de l\u2019educaci\u00f3 per a la sostenibilitat en tots els \u00e0mbits de la vida del centre (curr\u00edculum, gesti\u00f3, relacions amb l\u2019entorn, etc&#8230;). I d\u2019altra, afavorint un espai d\u2019intercanvi d\u2019experi\u00e8ncies a disposici\u00f3 dels centres.<\/p>\n<p>Emmarcat en tot aquest escenari apareix la iniciativa contra el canvi clim\u00e0tic, amb el lema\u00a0<a href=\"https:\/\/projectes.xtec.cat\/encara-hi-som-a-temps\/\" target=\"_blank\" rel=\"noopener noreferrer\">\u201cDONA LA NOTA, encara hi som a temps\u201d<\/a>.El punt de partida \u00e9s la proposta inicial del CdA Pau Casals, que s\u2019amplia amb la participaci\u00f3 d\u2019altres serveis de la Direcci\u00f3 General d\u2019Innovaci\u00f3, Recerca i Cultura Digital que pren el comprom\u00eds de lidera aquesta iniciativa, difondre-la, impulsar-la i destinar-hi els recursos necessaris.<\/p>\n<p>La iniciativa parteix d\u2019una proposta inicial\u00a0<a href=\"http:\/\/cdapaucasals.com\/\" target=\"_blank\" rel=\"noopener noreferrer\">CdA Pau Casals<\/a>, que s\u2019amplia amb la participaci\u00f3 d\u2019altres serveis de la Direcci\u00f3 General d\u2019Innovaci\u00f3, Recerca i Cultura Digital, del Departament d\u2019Educaci\u00f3.<\/p>\n<p><a href=\"https:\/\/projectes.xtec.cat\/encara-hi-som-a-temps\/portada\/no-ens-desdibuixeu\/\">Es convida a totes les escoles i instituts a cantar la can\u00e7\u00f3 NO ENS DESDIBUIXEU el dia 5 de juny de 2020, dia Mundial del Medi Ambient.<\/a><\/p>\n<p>&nbsp;<\/p>\n<p>&nbsp;<\/p>\n","protected":false},"excerpt":{"rendered":"<p>DONA LA NOTA: \u201cEncara hi som a temps\u201d.<br \/>\nEs convida a totes les escoles i instituts a cantar la can\u00e7\u00f3 NO ENS DESDIBUIXEU el dia 5 de juny de 2020, dia Mundial del Medi Ambient.<\/p>\n","protected":false},"author":1,"featured_media":11214,"comment_status":"closed","ping_status":"closed","sticky":false,"template":"","format":"standard","meta":{"_bbp_topic_count":0,"_bbp_reply_count":0,"_bbp_total_topic_count":0,"_bbp_total_reply_count":0,"_bbp_voice_count":0,"_bbp_anonymous_reply_count":0,"_bbp_topic_count_hidden":0,"_bbp_reply_count_hidden":0,"_bbp_forum_subforum_count":0,"site-sidebar-layout":"default","site-content-layout":"","ast-site-content-layout":"","site-content-style":"default","site-sidebar-style":"default","ast-global-header-display":"","ast-banner-title-visibility":"","ast-main-header-display":"","ast-hfb-above-header-display":"","ast-hfb-below-header-display":"","ast-hfb-mobile-header-display":"","site-post-title":"","ast-breadcrumbs-content":"","ast-featured-img":"","footer-sml-layout":"","theme-transparent-header-meta":"","adv-header-id-meta":"","stick-header-meta":"","header-above-stick-meta":"","header-main-stick-meta":"","header-below-stick-meta":"","astra-migrate-meta-layouts":"default","ast-page-background-enabled":"default","ast-page-background-meta":{"desktop":{"background-color":"var(--ast-global-color-4)","background-image":"","background-repeat":"repeat","background-position":"center center","background-size":"auto","background-attachment":"scroll","background-type":"","background-media":"","overlay-type":"","overlay-color":"","overlay-opacity":"","overlay-gradient":""},"tablet":{"background-color":"","background-image":"","background-repeat":"repeat","background-position":"center center","background-size":"auto","background-attachment":"scroll","background-type":"","background-media":"","overlay-type":"","overlay-color":"","overlay-opacity":"","overlay-gradient":""},"mobile":{"background-color":"","background-image":"","background-repeat":"repeat","background-position":"center center","background-size":"auto","background-attachment":"scroll","background-type":"","background-media":"","overlay-type":"","overlay-color":"","overlay-opacity":"","overlay-gradient":""}},"ast-content-background-meta":{"desktop":{"background-color":"var(--ast-global-color-5)","background-image":"","background-repeat":"repeat","background-position":"center center","background-size":"auto","background-attachment":"scroll","background-type":"","background-media":"","overlay-type":"","overlay-color":"","overlay-opacity":"","overlay-gradient":""},"tablet":{"background-color":"var(--ast-global-color-5)","background-image":"","background-repeat":"repeat","background-position":"center center","background-size":"auto","background-attachment":"scroll","background-type":"","background-media":"","overlay-type":"","overlay-color":"","overlay-opacity":"","overlay-gradient":""},"mobile":{"background-color":"var(--ast-global-color-5)","background-image":"","background-repeat":"repeat","background-position":"center center","background-size":"auto","background-attachment":"scroll","background-type":"","background-media":"","overlay-type":"","overlay-color":"","overlay-opacity":"","overlay-gradient":""}},"footnotes":""},"categories":[66,350,29],"tags":[354,329,276],"class_list":["post-11211","post","type-post","status-publish","format-standard","has-post-thumbnail","hentry","category-dinamitzacio","category-escoles-verdes","category-portada","tag-dia-mundial-del-medi-ambient","tag-dinamitzacio","tag-musica"],"post_mailing_queue_ids":[],"_links":{"self":[{"href":"https:\/\/serveiseducatius.xtec.cat\/solsones\/wp-json\/wp\/v2\/posts\/11211","targetHints":{"allow":["GET"]}}],"collection":[{"href":"https:\/\/serveiseducatius.xtec.cat\/solsones\/wp-json\/wp\/v2\/posts"}],"about":[{"href":"https:\/\/serveiseducatius.xtec.cat\/solsones\/wp-json\/wp\/v2\/types\/post"}],"author":[{"embeddable":true,"href":"https:\/\/serveiseducatius.xtec.cat\/solsones\/wp-json\/wp\/v2\/users\/1"}],"replies":[{"embeddable":true,"href":"https:\/\/serveiseducatius.xtec.cat\/solsones\/wp-json\/wp\/v2\/comments?post=11211"}],"version-history":[{"count":1,"href":"https:\/\/serveiseducatius.xtec.cat\/solsones\/wp-json\/wp\/v2\/posts\/11211\/revisions"}],"predecessor-version":[{"id":11215,"href":"https:\/\/serveiseducatius.xtec.cat\/solsones\/wp-json\/wp\/v2\/posts\/11211\/revisions\/11215"}],"wp:featuredmedia":[{"embeddable":true,"href":"https:\/\/serveiseducatius.xtec.cat\/solsones\/wp-json\/wp\/v2\/media\/11214"}],"wp:attachment":[{"href":"https:\/\/serveiseducatius.xtec.cat\/solsones\/wp-json\/wp\/v2\/media?parent=11211"}],"wp:term":[{"taxonomy":"category","embeddable":true,"href":"https:\/\/serveiseducatius.xtec.cat\/solsones\/wp-json\/wp\/v2\/categories?post=11211"},{"taxonomy":"post_tag","embeddable":true,"href":"https:\/\/serveiseducatius.xtec.cat\/solsones\/wp-json\/wp\/v2\/tags?post=11211"}],"curies":[{"name":"wp","href":"https:\/\/api.w.org\/{rel}","templated":true}]}}