{"id":11184,"date":"2020-02-10T16:55:40","date_gmt":"2020-02-10T15:55:40","guid":{"rendered":"http:\/\/serveiseducatius.xtec.cat\/solsones\/?p=11184"},"modified":"2020-02-10T17:30:40","modified_gmt":"2020-02-10T16:30:40","slug":"iii-debat-congres-educacio-publica-catalunya-central-solsones","status":"publish","type":"post","link":"https:\/\/serveiseducatius.xtec.cat\/solsones\/general\/iii-debat-congres-educacio-publica-catalunya-central-solsones\/","title":{"rendered":"Debat I Congr\u00e9s Educaci\u00f3 P\u00fablica &#8211; Catalunya Central -Solson\u00e8s"},"content":{"rendered":"<p style=\"padding-left: 40px;\"><a href=\"https:\/\/serveiseducatius.xtec.cat\/solsones\/wp-content\/uploads\/usu1176\/2020\/01\/image-e1579601940565.png\"><img loading=\"lazy\" decoding=\"async\" class=\" wp-image-11195 alignleft\" src=\"https:\/\/serveiseducatius.xtec.cat\/solsones\/wp-content\/uploads\/usu1176\/2020\/01\/image-e1579601940565.png\" alt=\"\" width=\"362\" height=\"506\" \/><\/a><\/p>\n<p style=\"padding-left: 40px;\">Dins el marc del I Congr\u00e9s d&#8217;educaci\u00f3 p\u00fablica, l&#8217;escola El Vinyet participa en l&#8217;organitzaci\u00f3 dels debats territorials de la Catalunya Central.<\/p>\n<p style=\"padding-left: 40px;\">Aquests debats pretenen ser l&#8217;inici de coordinaci\u00f3, reflexi\u00f3 i intercanvi dels centres educatius\u00a0 p\u00fablics de Catalunya per tal de visualitzar l&#8217;educaci\u00f3 p\u00fablica i definir propostes als reptes de la transformaci\u00f3 educativa.<\/p>\n<p style=\"padding-left: 40px;\">Aix\u00ed doncs, el proper\u00a0debat\u00a0que es realitzar\u00e0 a la Catalunya Central, Osona i Anoia ser\u00e0 el\u00a0<strong>18 de febrer a l&#8217;escola El Vinyet de Solsona de 17:00 a 20:00 sobre Inclusi\u00f3 i Equitat.\u00a0<\/strong><\/p>\n<p style=\"padding-left: 40px;\">HORARI: DE 17.30h A 19.30h.<\/p>\n<p style=\"padding-left: 40px;\">A continuaci\u00f3 us adjuntem l&#8217;enlla\u00e7 al formulari per tal que us hi pugueu inscriure <strong>fins el divendres 14 de febrer.\u00a0<\/strong><\/p>\n<p style=\"padding-left: 40px;\"><a href=\"https:\/\/docs.google.com\/forms\/d\/1yRgiWUm1QBOsZks3lo-MqJipGVeyU0H0Kb4ExOve4zY\/viewform?edit_requested=true\" target=\"_blank\" rel=\"noopener noreferrer\"><span style=\"color: #0000ff;\">INSCRIPCI\u00d3<\/span><\/a><\/p>\n<p style=\"padding-left: 40px;\">\n","protected":false},"excerpt":{"rendered":"<p>El\u00a018 de febrer a l&#8217;escola El Vinyet de Solsona de 17:00 a 20:00 es realitzar\u00e0 un debat sobre Inclusi\u00f3 i Equitat.\u00a0HORARI: DE 17.30h A 19.30h.<\/p>\n","protected":false},"author":1,"featured_media":11195,"comment_status":"closed","ping_status":"closed","sticky":false,"template":"","format":"standard","meta":{"_bbp_topic_count":0,"_bbp_reply_count":0,"_bbp_total_topic_count":0,"_bbp_total_reply_count":0,"_bbp_voice_count":0,"_bbp_anonymous_reply_count":0,"_bbp_topic_count_hidden":0,"_bbp_reply_count_hidden":0,"_bbp_forum_subforum_count":0,"site-sidebar-layout":"default","site-content-layout":"","ast-site-content-layout":"","site-content-style":"default","site-sidebar-style":"default","ast-global-header-display":"","ast-banner-title-visibility":"","ast-main-header-display":"","ast-hfb-above-header-display":"","ast-hfb-below-header-display":"","ast-hfb-mobile-header-display":"","site-post-title":"","ast-breadcrumbs-content":"","ast-featured-img":"","footer-sml-layout":"","theme-transparent-header-meta":"","adv-header-id-meta":"","stick-header-meta":"","header-above-stick-meta":"","header-main-stick-meta":"","header-below-stick-meta":"","astra-migrate-meta-layouts":"default","ast-page-background-enabled":"default","ast-page-background-meta":{"desktop":{"background-color":"var(--ast-global-color-4)","background-image":"","background-repeat":"repeat","background-position":"center center","background-size":"auto","background-attachment":"scroll","background-type":"","background-media":"","overlay-type":"","overlay-color":"","overlay-opacity":"","overlay-gradient":""},"tablet":{"background-color":"","background-image":"","background-repeat":"repeat","background-position":"center center","background-size":"auto","background-attachment":"scroll","background-type":"","background-media":"","overlay-type":"","overlay-color":"","overlay-opacity":"","overlay-gradient":""},"mobile":{"background-color":"","background-image":"","background-repeat":"repeat","background-position":"center center","background-size":"auto","background-attachment":"scroll","background-type":"","background-media":"","overlay-type":"","overlay-color":"","overlay-opacity":"","overlay-gradient":""}},"ast-content-background-meta":{"desktop":{"background-color":"var(--ast-global-color-5)","background-image":"","background-repeat":"repeat","background-position":"center center","background-size":"auto","background-attachment":"scroll","background-type":"","background-media":"","overlay-type":"","overlay-color":"","overlay-opacity":"","overlay-gradient":""},"tablet":{"background-color":"var(--ast-global-color-5)","background-image":"","background-repeat":"repeat","background-position":"center center","background-size":"auto","background-attachment":"scroll","background-type":"","background-media":"","overlay-type":"","overlay-color":"","overlay-opacity":"","overlay-gradient":""},"mobile":{"background-color":"var(--ast-global-color-5)","background-image":"","background-repeat":"repeat","background-position":"center center","background-size":"auto","background-attachment":"scroll","background-type":"","background-media":"","overlay-type":"","overlay-color":"","overlay-opacity":"","overlay-gradient":""}},"footnotes":""},"categories":[64,1,29],"tags":[587,586,226,224,215,348],"class_list":["post-11184","post","type-post","status-publish","format-standard","has-post-thumbnail","hentry","category-comunitat","category-general","category-portada","tag-congres-educacio-publica","tag-debats-educatius","tag-formacio","tag-formacio-continuada","tag-formacio-permanent-del-professorat","tag-innovacio-educativa"],"post_mailing_queue_ids":[],"_links":{"self":[{"href":"https:\/\/serveiseducatius.xtec.cat\/solsones\/wp-json\/wp\/v2\/posts\/11184","targetHints":{"allow":["GET"]}}],"collection":[{"href":"https:\/\/serveiseducatius.xtec.cat\/solsones\/wp-json\/wp\/v2\/posts"}],"about":[{"href":"https:\/\/serveiseducatius.xtec.cat\/solsones\/wp-json\/wp\/v2\/types\/post"}],"author":[{"embeddable":true,"href":"https:\/\/serveiseducatius.xtec.cat\/solsones\/wp-json\/wp\/v2\/users\/1"}],"replies":[{"embeddable":true,"href":"https:\/\/serveiseducatius.xtec.cat\/solsones\/wp-json\/wp\/v2\/comments?post=11184"}],"version-history":[{"count":4,"href":"https:\/\/serveiseducatius.xtec.cat\/solsones\/wp-json\/wp\/v2\/posts\/11184\/revisions"}],"predecessor-version":[{"id":11263,"href":"https:\/\/serveiseducatius.xtec.cat\/solsones\/wp-json\/wp\/v2\/posts\/11184\/revisions\/11263"}],"wp:featuredmedia":[{"embeddable":true,"href":"https:\/\/serveiseducatius.xtec.cat\/solsones\/wp-json\/wp\/v2\/media\/11195"}],"wp:attachment":[{"href":"https:\/\/serveiseducatius.xtec.cat\/solsones\/wp-json\/wp\/v2\/media?parent=11184"}],"wp:term":[{"taxonomy":"category","embeddable":true,"href":"https:\/\/serveiseducatius.xtec.cat\/solsones\/wp-json\/wp\/v2\/categories?post=11184"},{"taxonomy":"post_tag","embeddable":true,"href":"https:\/\/serveiseducatius.xtec.cat\/solsones\/wp-json\/wp\/v2\/tags?post=11184"}],"curies":[{"name":"wp","href":"https:\/\/api.w.org\/{rel}","templated":true}]}}