{"id":11054,"date":"2019-10-17T14:18:33","date_gmt":"2019-10-17T12:18:33","guid":{"rendered":"http:\/\/serveiseducatius.xtec.cat\/solsones\/?p=11054"},"modified":"2019-10-17T14:18:33","modified_gmt":"2019-10-17T12:18:33","slug":"activitats-setmanabio-del-19-al-27-doctubre-de-2019","status":"publish","type":"post","link":"https:\/\/serveiseducatius.xtec.cat\/solsones\/general\/activitats-setmanabio-del-19-al-27-doctubre-de-2019\/","title":{"rendered":"Activitats #SetmanaBio. Del 19 al 27 d&#8217;octubre de 2019."},"content":{"rendered":"<p>Setena edici\u00f3 de la Setmana Bio per l\u2019alimentaci\u00f3 ecol\u00f2gica amb l\u2019objectiu com\u00fa de promocionar i donar a con\u00e8ixer la producci\u00f3 i alimentaci\u00f3 ecol\u00f2giques entre la poblaci\u00f3.<\/p>\n<p><a href=\"https:\/\/serveiseducatius.xtec.cat\/solsones\/wp-content\/uploads\/usu1176\/2019\/10\/setmanaBio.png\"><img loading=\"lazy\" decoding=\"async\" class=\"size-full wp-image-11055 aligncenter\" src=\"https:\/\/serveiseducatius.xtec.cat\/solsones\/wp-content\/uploads\/usu1176\/2019\/10\/setmanaBio.png\" alt=\"\" width=\"419\" height=\"195\" srcset=\"https:\/\/serveiseducatius.xtec.cat\/solsones\/wp-content\/uploads\/usu1176\/2019\/10\/setmanaBio.png 419w, https:\/\/serveiseducatius.xtec.cat\/solsones\/wp-content\/uploads\/usu1176\/2019\/10\/setmanaBio-300x140.png 300w\" sizes=\"auto, (max-width: 419px) 100vw, 419px\" \/><\/a><\/p>\n<p>Tamb\u00e9 hi ha l\u2019apartat dedicat a la comunitat educativa, que sota el nom de <a href=\"http:\/\/setmanabio.cat\/#!\/comarca\/solsones\"><strong>Setmana Bio a l\u2019escola<\/strong><\/a> est\u00e9n les activitats a l\u2019entorn educatiu, tant a l\u2019alumnat com a les fam\u00edlies.<\/p>\n<p>Enguany, la celebraci\u00f3 d\u2019aquesta setmana ser\u00e0 <strong>del 19 al 27 d\u2019octubre.<\/strong> El programa d\u2019activitats ser\u00e0 molt variat i la seva proposta i organitzaci\u00f3 anir\u00e0 a c\u00e0rrec de qualsevol persona o entitat interessada en aquest objectiu. M\u00e9s informaci\u00f3 a\u00a0<a href=\"http:\/\/setmanabio.cat\/setmana-bio\/\" target=\"_blank\" rel=\"noopener noreferrer\">Setmana Bio<\/a><\/p>\n","protected":false},"excerpt":{"rendered":"<p>Tamb\u00e9 hi ha l\u2019apartat dedicat a la comunitat educativa, que sota el nom de Setmana Bio a l\u2019escola est\u00e9n les activitats a l\u2019entorn educatiu, tant a l\u2019alumnat com a les fam\u00edlies. <\/p>\n","protected":false},"author":1,"featured_media":11055,"comment_status":"closed","ping_status":"closed","sticky":false,"template":"","format":"standard","meta":{"_bbp_topic_count":0,"_bbp_reply_count":0,"_bbp_total_topic_count":0,"_bbp_total_reply_count":0,"_bbp_voice_count":0,"_bbp_anonymous_reply_count":0,"_bbp_topic_count_hidden":0,"_bbp_reply_count_hidden":0,"_bbp_forum_subforum_count":0,"site-sidebar-layout":"default","site-content-layout":"","ast-site-content-layout":"","site-content-style":"default","site-sidebar-style":"default","ast-global-header-display":"","ast-banner-title-visibility":"","ast-main-header-display":"","ast-hfb-above-header-display":"","ast-hfb-below-header-display":"","ast-hfb-mobile-header-display":"","site-post-title":"","ast-breadcrumbs-content":"","ast-featured-img":"","footer-sml-layout":"","theme-transparent-header-meta":"","adv-header-id-meta":"","stick-header-meta":"","header-above-stick-meta":"","header-main-stick-meta":"","header-below-stick-meta":"","astra-migrate-meta-layouts":"default","ast-page-background-enabled":"default","ast-page-background-meta":{"desktop":{"background-color":"var(--ast-global-color-4)","background-image":"","background-repeat":"repeat","background-position":"center center","background-size":"auto","background-attachment":"scroll","background-type":"","background-media":"","overlay-type":"","overlay-color":"","overlay-opacity":"","overlay-gradient":""},"tablet":{"background-color":"","background-image":"","background-repeat":"repeat","background-position":"center center","background-size":"auto","background-attachment":"scroll","background-type":"","background-media":"","overlay-type":"","overlay-color":"","overlay-opacity":"","overlay-gradient":""},"mobile":{"background-color":"","background-image":"","background-repeat":"repeat","background-position":"center center","background-size":"auto","background-attachment":"scroll","background-type":"","background-media":"","overlay-type":"","overlay-color":"","overlay-opacity":"","overlay-gradient":""}},"ast-content-background-meta":{"desktop":{"background-color":"var(--ast-global-color-5)","background-image":"","background-repeat":"repeat","background-position":"center center","background-size":"auto","background-attachment":"scroll","background-type":"","background-media":"","overlay-type":"","overlay-color":"","overlay-opacity":"","overlay-gradient":""},"tablet":{"background-color":"var(--ast-global-color-5)","background-image":"","background-repeat":"repeat","background-position":"center center","background-size":"auto","background-attachment":"scroll","background-type":"","background-media":"","overlay-type":"","overlay-color":"","overlay-opacity":"","overlay-gradient":""},"mobile":{"background-color":"var(--ast-global-color-5)","background-image":"","background-repeat":"repeat","background-position":"center center","background-size":"auto","background-attachment":"scroll","background-type":"","background-media":"","overlay-type":"","overlay-color":"","overlay-opacity":"","overlay-gradient":""}},"footnotes":""},"categories":[64,1,268,29],"tags":[329,299,352],"class_list":["post-11054","post","type-post","status-publish","format-standard","has-post-thumbnail","hentry","category-comunitat","category-general","category-noticies-generals","category-portada","tag-dinamitzacio","tag-escoles-verdes","tag-medi-ambient"],"post_mailing_queue_ids":[],"_links":{"self":[{"href":"https:\/\/serveiseducatius.xtec.cat\/solsones\/wp-json\/wp\/v2\/posts\/11054","targetHints":{"allow":["GET"]}}],"collection":[{"href":"https:\/\/serveiseducatius.xtec.cat\/solsones\/wp-json\/wp\/v2\/posts"}],"about":[{"href":"https:\/\/serveiseducatius.xtec.cat\/solsones\/wp-json\/wp\/v2\/types\/post"}],"author":[{"embeddable":true,"href":"https:\/\/serveiseducatius.xtec.cat\/solsones\/wp-json\/wp\/v2\/users\/1"}],"replies":[{"embeddable":true,"href":"https:\/\/serveiseducatius.xtec.cat\/solsones\/wp-json\/wp\/v2\/comments?post=11054"}],"version-history":[{"count":1,"href":"https:\/\/serveiseducatius.xtec.cat\/solsones\/wp-json\/wp\/v2\/posts\/11054\/revisions"}],"predecessor-version":[{"id":11058,"href":"https:\/\/serveiseducatius.xtec.cat\/solsones\/wp-json\/wp\/v2\/posts\/11054\/revisions\/11058"}],"wp:featuredmedia":[{"embeddable":true,"href":"https:\/\/serveiseducatius.xtec.cat\/solsones\/wp-json\/wp\/v2\/media\/11055"}],"wp:attachment":[{"href":"https:\/\/serveiseducatius.xtec.cat\/solsones\/wp-json\/wp\/v2\/media?parent=11054"}],"wp:term":[{"taxonomy":"category","embeddable":true,"href":"https:\/\/serveiseducatius.xtec.cat\/solsones\/wp-json\/wp\/v2\/categories?post=11054"},{"taxonomy":"post_tag","embeddable":true,"href":"https:\/\/serveiseducatius.xtec.cat\/solsones\/wp-json\/wp\/v2\/tags?post=11054"}],"curies":[{"name":"wp","href":"https:\/\/api.w.org\/{rel}","templated":true}]}}