{"id":10847,"date":"2019-07-03T17:29:38","date_gmt":"2019-07-03T15:29:38","guid":{"rendered":"http:\/\/serveiseducatius.xtec.cat\/solsones\/?p=10847"},"modified":"2019-07-03T17:31:53","modified_gmt":"2019-07-03T15:31:53","slug":"la-neurociencia-dels-ambients","status":"publish","type":"post","link":"https:\/\/serveiseducatius.xtec.cat\/solsones\/portada\/la-neurociencia-dels-ambients\/","title":{"rendered":"La neuroci\u00e8ncia dels ambients"},"content":{"rendered":"<p><img loading=\"lazy\" decoding=\"async\" class=\"size-large aligncenter\" src=\"https:\/\/serveiseducatius.xtec.cat\/bages\/wp-content\/uploads\/usu776\/2019\/07\/xerrada-neuro.jpg\" width=\"377\" height=\"252\" \/><\/p>\n<p>El proper dijous<strong>\u00a05 de setembre,<\/strong>\u00a0a les\u00a0<strong>17.30h,<\/strong>\u00a0a la\u00a0<strong>Sala d\u2019Actes<\/strong>\u00a0de la FUB1 la Dra. Beatriz Fagundo i la Sra. Bianca Mur, ens oferiran de nou la confer\u00e8ncia\u00a0<strong><em>La neuroci\u00e8ncia dels<\/em><\/strong><em><strong>\u00a0ambients<\/strong>,\u00a0<\/em>xerrada que pret\u00e9n ser\u00a0una reflexi\u00f3 a partir de la pr\u00e0ctica, que uneix\u00a0<strong>educaci\u00f3 i neuroci\u00e8ncia<\/strong>. La confer\u00e8ncia \u00e9s gratu\u00efta i oberta a tothom, per\u00f2 cal<a href=\"https:\/\/www.inscriu.me\/ca\/conferencia-la-neurociencia-dels-ambients-a-carrec-de-beatriz-fagundo-i-bianca-mur-1\" target=\"_blank\" rel=\"noopener noreferrer\">\u00a0inscripci\u00f3 pr\u00e8via.<\/a>\u00a0Aqu\u00ed teniu\u00a0<a href=\"http:\/\/blocs.umanresa.cat\/educaciofub\/2019\/06\/28\/la-neurociencia-dels-ambients-setembre\/\" target=\"_blank\" rel=\"noopener noreferrer\">m\u00e9s informaci\u00f3\u00a0<\/a><\/p>\n","protected":false},"excerpt":{"rendered":"<p>El proper dijous\u00a05 de setembre,\u00a0a les\u00a017.30h,\u00a0a la\u00a0Sala d\u2019Actes\u00a0de la FUB1 la Dra. Beatriz Fagundo i la Sra. Bianca Mur, ens oferiran de nou la confer\u00e8ncia\u00a0La neuroci\u00e8ncia dels\u00a0ambients,\u00a0xerrada que pret\u00e9n ser\u00a0una reflexi\u00f3 a partir de la pr\u00e0ctica, que uneix\u00a0educaci\u00f3 i neuroci\u00e8ncia. La confer\u00e8ncia \u00e9s gratu\u00efta i oberta a tothom, per\u00f2 cal\u00a0inscripci\u00f3 pr\u00e8via.\u00a0Aqu\u00ed teniu\u00a0m\u00e9s informaci\u00f3\u00a0<\/p>\n","protected":false},"author":1,"featured_media":10848,"comment_status":"closed","ping_status":"closed","sticky":false,"template":"","format":"standard","meta":{"_bbp_topic_count":0,"_bbp_reply_count":0,"_bbp_total_topic_count":0,"_bbp_total_reply_count":0,"_bbp_voice_count":0,"_bbp_anonymous_reply_count":0,"_bbp_topic_count_hidden":0,"_bbp_reply_count_hidden":0,"_bbp_forum_subforum_count":0,"site-sidebar-layout":"default","site-content-layout":"","ast-site-content-layout":"","site-content-style":"default","site-sidebar-style":"default","ast-global-header-display":"","ast-banner-title-visibility":"","ast-main-header-display":"","ast-hfb-above-header-display":"","ast-hfb-below-header-display":"","ast-hfb-mobile-header-display":"","site-post-title":"","ast-breadcrumbs-content":"","ast-featured-img":"","footer-sml-layout":"","theme-transparent-header-meta":"","adv-header-id-meta":"","stick-header-meta":"","header-above-stick-meta":"","header-main-stick-meta":"","header-below-stick-meta":"","astra-migrate-meta-layouts":"default","ast-page-background-enabled":"default","ast-page-background-meta":{"desktop":{"background-color":"var(--ast-global-color-4)","background-image":"","background-repeat":"repeat","background-position":"center center","background-size":"auto","background-attachment":"scroll","background-type":"","background-media":"","overlay-type":"","overlay-color":"","overlay-opacity":"","overlay-gradient":""},"tablet":{"background-color":"","background-image":"","background-repeat":"repeat","background-position":"center center","background-size":"auto","background-attachment":"scroll","background-type":"","background-media":"","overlay-type":"","overlay-color":"","overlay-opacity":"","overlay-gradient":""},"mobile":{"background-color":"","background-image":"","background-repeat":"repeat","background-position":"center center","background-size":"auto","background-attachment":"scroll","background-type":"","background-media":"","overlay-type":"","overlay-color":"","overlay-opacity":"","overlay-gradient":""}},"ast-content-background-meta":{"desktop":{"background-color":"var(--ast-global-color-5)","background-image":"","background-repeat":"repeat","background-position":"center center","background-size":"auto","background-attachment":"scroll","background-type":"","background-media":"","overlay-type":"","overlay-color":"","overlay-opacity":"","overlay-gradient":""},"tablet":{"background-color":"var(--ast-global-color-5)","background-image":"","background-repeat":"repeat","background-position":"center center","background-size":"auto","background-attachment":"scroll","background-type":"","background-media":"","overlay-type":"","overlay-color":"","overlay-opacity":"","overlay-gradient":""},"mobile":{"background-color":"var(--ast-global-color-5)","background-image":"","background-repeat":"repeat","background-position":"center center","background-size":"auto","background-attachment":"scroll","background-type":"","background-media":"","overlay-type":"","overlay-color":"","overlay-opacity":"","overlay-gradient":""}},"footnotes":""},"categories":[268,235,29],"tags":[555,553],"class_list":["post-10847","post","type-post","status-publish","format-standard","has-post-thumbnail","hentry","category-noticies-generals","category-formacio_ins","category-portada","tag-neurociencia","tag-neuroeducacio"],"post_mailing_queue_ids":[],"_links":{"self":[{"href":"https:\/\/serveiseducatius.xtec.cat\/solsones\/wp-json\/wp\/v2\/posts\/10847","targetHints":{"allow":["GET"]}}],"collection":[{"href":"https:\/\/serveiseducatius.xtec.cat\/solsones\/wp-json\/wp\/v2\/posts"}],"about":[{"href":"https:\/\/serveiseducatius.xtec.cat\/solsones\/wp-json\/wp\/v2\/types\/post"}],"author":[{"embeddable":true,"href":"https:\/\/serveiseducatius.xtec.cat\/solsones\/wp-json\/wp\/v2\/users\/1"}],"replies":[{"embeddable":true,"href":"https:\/\/serveiseducatius.xtec.cat\/solsones\/wp-json\/wp\/v2\/comments?post=10847"}],"version-history":[{"count":2,"href":"https:\/\/serveiseducatius.xtec.cat\/solsones\/wp-json\/wp\/v2\/posts\/10847\/revisions"}],"predecessor-version":[{"id":10850,"href":"https:\/\/serveiseducatius.xtec.cat\/solsones\/wp-json\/wp\/v2\/posts\/10847\/revisions\/10850"}],"wp:featuredmedia":[{"embeddable":true,"href":"https:\/\/serveiseducatius.xtec.cat\/solsones\/wp-json\/wp\/v2\/media\/10848"}],"wp:attachment":[{"href":"https:\/\/serveiseducatius.xtec.cat\/solsones\/wp-json\/wp\/v2\/media?parent=10847"}],"wp:term":[{"taxonomy":"category","embeddable":true,"href":"https:\/\/serveiseducatius.xtec.cat\/solsones\/wp-json\/wp\/v2\/categories?post=10847"},{"taxonomy":"post_tag","embeddable":true,"href":"https:\/\/serveiseducatius.xtec.cat\/solsones\/wp-json\/wp\/v2\/tags?post=10847"}],"curies":[{"name":"wp","href":"https:\/\/api.w.org\/{rel}","templated":true}]}}