{"id":10703,"date":"2019-02-22T15:36:50","date_gmt":"2019-02-22T14:36:50","guid":{"rendered":"http:\/\/serveiseducatius.xtec.cat\/solsones\/?p=10703"},"modified":"2019-02-22T15:36:50","modified_gmt":"2019-02-22T14:36:50","slug":"laprenentatge-en-xarxa-de-la-interaccio-als-impactes","status":"publish","type":"post","link":"https:\/\/serveiseducatius.xtec.cat\/solsones\/portada\/laprenentatge-en-xarxa-de-la-interaccio-als-impactes\/","title":{"rendered":"L\u2019aprenentatge en xarxa: de la interacci\u00f3 als impactes"},"content":{"rendered":"<p dir=\"ltr\"><a href=\"https:\/\/blocs.xtec.cat\/enxarxa\/\" target=\"_blank\" rel=\"noopener\"><img loading=\"lazy\" decoding=\"async\" class=\"aligncenter \" src=\"https:\/\/blocs.xtec.cat\/enxarxa\/files\/2019\/02\/cropped-jornada.png\" width=\"745\" height=\"243\" \/><\/a><\/p>\n<p dir=\"ltr\">La jornada<a href=\"https:\/\/blocs.xtec.cat\/enxarxa\/\" target=\"_blank\" rel=\"noopener\"><em>\u00a0L\u2019aprenentatge en xarxa: de la interacci\u00f3 als impactes<\/em><\/a>\u00a0 tindr\u00e0 lloc a\u00a0<a href=\"https:\/\/goo.gl\/maps\/Z9XoVR2bHw42\" target=\"_blank\" rel=\"noopener\" data-saferedirecturl=\"https:\/\/www.google.com\/url?q=https:\/\/goo.gl\/maps\/Z9XoVR2bHw42&amp;source=gmail&amp;ust=1550925820394000&amp;usg=AFQjCNGtIBLe9pK8Yjgu00gIv9dFjbX5MA\">l\u2019espai Bital<\/a>\u00a0de l\u2019Hospitalet de Llobregat, el proper \u00a0dissabte 9 de mar\u00e7 i estar\u00e0 oberta a\u00a0tothom.<\/p>\n<p dir=\"ltr\">\u00c9s una jornada adre\u00e7ada a docents i persones relacionades amb el m\u00f3n educatiu amb l\u2019objectiu de posar en valor l\u2019aprenentatge en xarxa: d\u2019una banda, a partir de la participaci\u00f3\u00a0i el comprom\u00eds dels diferents agents educatius i, de l\u2019altra, posant \u00e8mfasi \u00a0tant en el proc\u00e9s com en l\u2019impacte que t\u00e9 en els centres.<\/p>\n<p dir=\"ltr\">Per tal de confirmar la vostra assist\u00e8ncia a l\u2019acte cal que us inscriviu a la p\u00e0gina:<\/p>\n<p dir=\"ltr\"><a href=\"https:\/\/docs.google.com\/forms\/d\/e\/1FAIpQLSfpHB25tpXKP5VLd-S4xK0bvQCekUsZxZZDoTA-OPAo-Q7eeQ\/viewform?usp=sf_link\" target=\"_blank\" rel=\"noopener\" data-saferedirecturl=\"https:\/\/www.google.com\/url?q=https:\/\/docs.google.com\/forms\/d\/e\/1FAIpQLSfpHB25tpXKP5VLd-S4xK0bvQCekUsZxZZDoTA-OPAo-Q7eeQ\/viewform?usp%3Dsf_link&amp;source=gmail&amp;ust=1550925820394000&amp;usg=AFQjCNFWc66ulPzMZZ3ksA7PaWWz6y6VHQ\">INSCRIPCI\u00d3<\/a><\/p>\n","protected":false},"excerpt":{"rendered":"<p>La jornada\u00a0L\u2019aprenentatge en xarxa: de la interacci\u00f3 als impactes\u00a0 tindr\u00e0 lloc a\u00a0l\u2019espai Bital\u00a0de l\u2019Hospitalet de Llobregat, el proper \u00a0dissabte 9 de mar\u00e7 i estar\u00e0 oberta a\u00a0tothom. \u00c9s una jornada adre\u00e7ada a docents i persones relacionades amb el m\u00f3n educatiu amb l\u2019objectiu de posar en valor l\u2019aprenentatge en xarxa: d\u2019una banda, a partir de la participaci\u00f3\u00a0i [&hellip;]<\/p>\n","protected":false},"author":1,"featured_media":10705,"comment_status":"closed","ping_status":"closed","sticky":false,"template":"","format":"standard","meta":{"_bbp_topic_count":0,"_bbp_reply_count":0,"_bbp_total_topic_count":0,"_bbp_total_reply_count":0,"_bbp_voice_count":0,"_bbp_anonymous_reply_count":0,"_bbp_topic_count_hidden":0,"_bbp_reply_count_hidden":0,"_bbp_forum_subforum_count":0,"site-sidebar-layout":"default","site-content-layout":"","ast-site-content-layout":"","site-content-style":"default","site-sidebar-style":"default","ast-global-header-display":"","ast-banner-title-visibility":"","ast-main-header-display":"","ast-hfb-above-header-display":"","ast-hfb-below-header-display":"","ast-hfb-mobile-header-display":"","site-post-title":"","ast-breadcrumbs-content":"","ast-featured-img":"","footer-sml-layout":"","theme-transparent-header-meta":"","adv-header-id-meta":"","stick-header-meta":"","header-above-stick-meta":"","header-main-stick-meta":"","header-below-stick-meta":"","astra-migrate-meta-layouts":"default","ast-page-background-enabled":"default","ast-page-background-meta":{"desktop":{"background-color":"var(--ast-global-color-4)","background-image":"","background-repeat":"repeat","background-position":"center center","background-size":"auto","background-attachment":"scroll","background-type":"","background-media":"","overlay-type":"","overlay-color":"","overlay-opacity":"","overlay-gradient":""},"tablet":{"background-color":"","background-image":"","background-repeat":"repeat","background-position":"center center","background-size":"auto","background-attachment":"scroll","background-type":"","background-media":"","overlay-type":"","overlay-color":"","overlay-opacity":"","overlay-gradient":""},"mobile":{"background-color":"","background-image":"","background-repeat":"repeat","background-position":"center center","background-size":"auto","background-attachment":"scroll","background-type":"","background-media":"","overlay-type":"","overlay-color":"","overlay-opacity":"","overlay-gradient":""}},"ast-content-background-meta":{"desktop":{"background-color":"var(--ast-global-color-5)","background-image":"","background-repeat":"repeat","background-position":"center center","background-size":"auto","background-attachment":"scroll","background-type":"","background-media":"","overlay-type":"","overlay-color":"","overlay-opacity":"","overlay-gradient":""},"tablet":{"background-color":"var(--ast-global-color-5)","background-image":"","background-repeat":"repeat","background-position":"center center","background-size":"auto","background-attachment":"scroll","background-type":"","background-media":"","overlay-type":"","overlay-color":"","overlay-opacity":"","overlay-gradient":""},"mobile":{"background-color":"var(--ast-global-color-5)","background-image":"","background-repeat":"repeat","background-position":"center center","background-size":"auto","background-attachment":"scroll","background-type":"","background-media":"","overlay-type":"","overlay-color":"","overlay-opacity":"","overlay-gradient":""}},"footnotes":""},"categories":[268,29],"tags":[561],"class_list":["post-10703","post","type-post","status-publish","format-standard","has-post-thumbnail","hentry","category-noticies-generals","category-portada","tag-aprenentatge-en-xarxa"],"post_mailing_queue_ids":[],"_links":{"self":[{"href":"https:\/\/serveiseducatius.xtec.cat\/solsones\/wp-json\/wp\/v2\/posts\/10703","targetHints":{"allow":["GET"]}}],"collection":[{"href":"https:\/\/serveiseducatius.xtec.cat\/solsones\/wp-json\/wp\/v2\/posts"}],"about":[{"href":"https:\/\/serveiseducatius.xtec.cat\/solsones\/wp-json\/wp\/v2\/types\/post"}],"author":[{"embeddable":true,"href":"https:\/\/serveiseducatius.xtec.cat\/solsones\/wp-json\/wp\/v2\/users\/1"}],"replies":[{"embeddable":true,"href":"https:\/\/serveiseducatius.xtec.cat\/solsones\/wp-json\/wp\/v2\/comments?post=10703"}],"version-history":[{"count":1,"href":"https:\/\/serveiseducatius.xtec.cat\/solsones\/wp-json\/wp\/v2\/posts\/10703\/revisions"}],"predecessor-version":[{"id":10704,"href":"https:\/\/serveiseducatius.xtec.cat\/solsones\/wp-json\/wp\/v2\/posts\/10703\/revisions\/10704"}],"wp:featuredmedia":[{"embeddable":true,"href":"https:\/\/serveiseducatius.xtec.cat\/solsones\/wp-json\/wp\/v2\/media\/10705"}],"wp:attachment":[{"href":"https:\/\/serveiseducatius.xtec.cat\/solsones\/wp-json\/wp\/v2\/media?parent=10703"}],"wp:term":[{"taxonomy":"category","embeddable":true,"href":"https:\/\/serveiseducatius.xtec.cat\/solsones\/wp-json\/wp\/v2\/categories?post=10703"},{"taxonomy":"post_tag","embeddable":true,"href":"https:\/\/serveiseducatius.xtec.cat\/solsones\/wp-json\/wp\/v2\/tags?post=10703"}],"curies":[{"name":"wp","href":"https:\/\/api.w.org\/{rel}","templated":true}]}}