{"id":10635,"date":"2019-01-21T17:21:00","date_gmt":"2019-01-21T16:21:00","guid":{"rendered":"http:\/\/serveiseducatius.xtec.cat\/solsones\/?p=10635"},"modified":"2019-01-22T09:58:49","modified_gmt":"2019-01-22T08:58:49","slug":"jornada-servei-comunitari-osona-30-i-31-de-gener","status":"publish","type":"post","link":"https:\/\/serveiseducatius.xtec.cat\/solsones\/portada\/jornada-servei-comunitari-osona-30-i-31-de-gener\/","title":{"rendered":"Jornada Servei Comunitari Osona 30 i 31 de gener"},"content":{"rendered":"<div><a href=\"https:\/\/serveiseducatius.xtec.cat\/solsones\/wp-content\/uploads\/usu1176\/2019\/01\/jornadaserveicomunitari.jpg\"><img loading=\"lazy\" decoding=\"async\" class=\"wp-image-10651 aligncenter\" src=\"https:\/\/serveiseducatius.xtec.cat\/solsones\/wp-content\/uploads\/usu1176\/2019\/01\/jornadaserveicomunitari.jpg\" alt=\"\" width=\"325\" height=\"251\" srcset=\"https:\/\/serveiseducatius.xtec.cat\/solsones\/wp-content\/uploads\/usu1176\/2019\/01\/jornadaserveicomunitari.jpg 591w, https:\/\/serveiseducatius.xtec.cat\/solsones\/wp-content\/uploads\/usu1176\/2019\/01\/jornadaserveicomunitari-300x231.jpg 300w\" sizes=\"auto, (max-width: 325px) 100vw, 325px\" \/><\/a><\/div>\n<div><span style=\"font-family: inherit; font-size: 1em;\">Jornada que t\u00e9 com a objectiu donar a con\u00e8ixer diferents experi\u00e8ncies de Servei Comunitari, afavorir l\u2019intercanvi entre centres i apropar entitats.<\/span><\/div>\n<div>\n<p>Lloc de realitzaci\u00f3: Institut Pous i Argila de Manlleu.<br \/>\nEst\u00e0 repartida en dos dies, 30 i 31 de gener de 2019 de 17:30 a 19:40.<\/p>\n<p><b>Dimecres dia 30<\/b><\/p>\n<p style=\"padding-left: 30px;\">Confer\u00e8ncia :<b>\u00a0Servei Comunitari: Canvis educatius i innovaci\u00f3. Nous Models organitzatius. Reflexi\u00f3\u00a0\u00a0<\/b><br \/>\nSr. Mart\u00ed Boneta,\u00a0t\u00e8cnic del Departament d\u2019Educaci\u00f3.<br \/>\nPon\u00e8ncia \/ taller :<b>\u00a0Eines per fomentar la reflexi\u00f3 als projectes de Servei Comunitari, amb metodologia d\u2019Aprenentatge Servei<\/b><br \/>\nSra. Marta Ballv\u00e9\u00a0\u00a0professora del Col\u00b7legi Mare de D\u00e9u dels\u00a0\u00c0ngels de Barcelona. Membre del seminari de formadors d\u2019ApS a l\u2019ICE de la Universitat de Barcelona.<\/p>\n<p><b>Dijous dia 31<\/b><\/p>\n<p style=\"padding-left: 30px;\">Presentacions simult\u00e0nies de diferents projectes de centres educatius i d\u2019entitats.<br \/>\n<em>Entitats:<\/em><br \/>\nAssociaci\u00f3 H\u00e0bitats<br \/>\nOsonament<br \/>\nSant Tom\u00e0s<br \/>\nADEFFA \u2013 Associaci\u00f3 en Defensa i Estudi de la Fauna i Flora Aut\u00f2ctona.<br \/>\n<em>Centres:<\/em><br \/>\nInstitut Vallbona d\u2019Anoia \u2013 Vallbona d\u2019Anoia<br \/>\nInstitut Escola Arrels \u2013 Solsona<br \/>\nInstitut Escola Sant Jordi \u2013 Nav\u00e0s<br \/>\nInstitut La Plana \u2013 Vic<br \/>\nInstitut de Gurb<br \/>\nCol\u00b7legi Sagrats cors \u2013 Centelles<\/p>\n<p><b>Inscripci\u00f3:\u00a0<\/b>Podeu fer-la a partir d\u2019aquest enlla\u00e7 i\u00a0 que tamb\u00e9 trobareu en el\u00a0<a href=\"https:\/\/drive.google.com\/file\/d\/1JflYN5umqs22i78xBhHonwS6BnthvlXx\/view\" target=\"_blank\" rel=\"noopener\">document adjunt<\/a>.<\/p>\n<p><a href=\"https:\/\/docs.google.com\/forms\/d\/e\/1FAIpQLSe5iExR1IgMTr4K2bIv1iv8kTDu05nZlw9JYhNMquNSxhnFFg\/viewform\" target=\"_blank\" rel=\"noopener\" data-saferedirecturl=\"https:\/\/www.google.com\/url?q=https:\/\/docs.google.com\/forms\/d\/e\/1FAIpQLSe5iExR1IgMTr4K2bIv1iv8kTDu05nZlw9JYhNMquNSxhnFFg\/viewform&amp;source=gmail&amp;ust=1547537870970000&amp;usg=AFQjCNG1U0hNOeK1dlF79XrV3_5KfEUtGw\">INSCRIPCI\u00d3 JORNADA<\/a><\/p>\n<\/div>\n","protected":false},"excerpt":{"rendered":"<p>Jornada que t\u00e9 com a objectiu donar a con\u00e8ixer diferents experi\u00e8ncies de Servei Comunitari, afavorir l\u2019intercanvi entre centres i apropar entitats. Lloc de realitzaci\u00f3: Institut Pous i Argila de Manlleu. Est\u00e0 repartida en dos dies, 30 i 31 de gener de 2019 de 17:30 a 19:40. Dimecres dia 30 Confer\u00e8ncia :\u00a0Servei Comunitari: Canvis educatius i [&hellip;]<\/p>\n","protected":false},"author":1,"featured_media":10651,"comment_status":"closed","ping_status":"closed","sticky":false,"template":"","format":"standard","meta":{"_bbp_topic_count":0,"_bbp_reply_count":0,"_bbp_total_topic_count":0,"_bbp_total_reply_count":0,"_bbp_voice_count":0,"_bbp_anonymous_reply_count":0,"_bbp_topic_count_hidden":0,"_bbp_reply_count_hidden":0,"_bbp_forum_subforum_count":0,"site-sidebar-layout":"default","site-content-layout":"","ast-site-content-layout":"","site-content-style":"default","site-sidebar-style":"default","ast-global-header-display":"","ast-banner-title-visibility":"","ast-main-header-display":"","ast-hfb-above-header-display":"","ast-hfb-below-header-display":"","ast-hfb-mobile-header-display":"","site-post-title":"","ast-breadcrumbs-content":"","ast-featured-img":"","footer-sml-layout":"","theme-transparent-header-meta":"","adv-header-id-meta":"","stick-header-meta":"","header-above-stick-meta":"","header-main-stick-meta":"","header-below-stick-meta":"","astra-migrate-meta-layouts":"default","ast-page-background-enabled":"default","ast-page-background-meta":{"desktop":{"background-color":"var(--ast-global-color-4)","background-image":"","background-repeat":"repeat","background-position":"center center","background-size":"auto","background-attachment":"scroll","background-type":"","background-media":"","overlay-type":"","overlay-color":"","overlay-opacity":"","overlay-gradient":""},"tablet":{"background-color":"","background-image":"","background-repeat":"repeat","background-position":"center center","background-size":"auto","background-attachment":"scroll","background-type":"","background-media":"","overlay-type":"","overlay-color":"","overlay-opacity":"","overlay-gradient":""},"mobile":{"background-color":"","background-image":"","background-repeat":"repeat","background-position":"center center","background-size":"auto","background-attachment":"scroll","background-type":"","background-media":"","overlay-type":"","overlay-color":"","overlay-opacity":"","overlay-gradient":""}},"ast-content-background-meta":{"desktop":{"background-color":"var(--ast-global-color-5)","background-image":"","background-repeat":"repeat","background-position":"center center","background-size":"auto","background-attachment":"scroll","background-type":"","background-media":"","overlay-type":"","overlay-color":"","overlay-opacity":"","overlay-gradient":""},"tablet":{"background-color":"var(--ast-global-color-5)","background-image":"","background-repeat":"repeat","background-position":"center center","background-size":"auto","background-attachment":"scroll","background-type":"","background-media":"","overlay-type":"","overlay-color":"","overlay-opacity":"","overlay-gradient":""},"mobile":{"background-color":"var(--ast-global-color-5)","background-image":"","background-repeat":"repeat","background-position":"center center","background-size":"auto","background-attachment":"scroll","background-type":"","background-media":"","overlay-type":"","overlay-color":"","overlay-opacity":"","overlay-gradient":""}},"footnotes":""},"categories":[268,29],"tags":[111],"class_list":["post-10635","post","type-post","status-publish","format-standard","has-post-thumbnail","hentry","category-noticies-generals","category-portada","tag-servei-comunitari"],"post_mailing_queue_ids":[],"_links":{"self":[{"href":"https:\/\/serveiseducatius.xtec.cat\/solsones\/wp-json\/wp\/v2\/posts\/10635","targetHints":{"allow":["GET"]}}],"collection":[{"href":"https:\/\/serveiseducatius.xtec.cat\/solsones\/wp-json\/wp\/v2\/posts"}],"about":[{"href":"https:\/\/serveiseducatius.xtec.cat\/solsones\/wp-json\/wp\/v2\/types\/post"}],"author":[{"embeddable":true,"href":"https:\/\/serveiseducatius.xtec.cat\/solsones\/wp-json\/wp\/v2\/users\/1"}],"replies":[{"embeddable":true,"href":"https:\/\/serveiseducatius.xtec.cat\/solsones\/wp-json\/wp\/v2\/comments?post=10635"}],"version-history":[{"count":3,"href":"https:\/\/serveiseducatius.xtec.cat\/solsones\/wp-json\/wp\/v2\/posts\/10635\/revisions"}],"predecessor-version":[{"id":10652,"href":"https:\/\/serveiseducatius.xtec.cat\/solsones\/wp-json\/wp\/v2\/posts\/10635\/revisions\/10652"}],"wp:featuredmedia":[{"embeddable":true,"href":"https:\/\/serveiseducatius.xtec.cat\/solsones\/wp-json\/wp\/v2\/media\/10651"}],"wp:attachment":[{"href":"https:\/\/serveiseducatius.xtec.cat\/solsones\/wp-json\/wp\/v2\/media?parent=10635"}],"wp:term":[{"taxonomy":"category","embeddable":true,"href":"https:\/\/serveiseducatius.xtec.cat\/solsones\/wp-json\/wp\/v2\/categories?post=10635"},{"taxonomy":"post_tag","embeddable":true,"href":"https:\/\/serveiseducatius.xtec.cat\/solsones\/wp-json\/wp\/v2\/tags?post=10635"}],"curies":[{"name":"wp","href":"https:\/\/api.w.org\/{rel}","templated":true}]}}