{"id":10037,"date":"2018-09-20T21:09:46","date_gmt":"2018-09-20T19:09:46","guid":{"rendered":"http:\/\/serveiseducatius.xtec.cat\/solsones\/?p=10037"},"modified":"2018-09-21T21:21:42","modified_gmt":"2018-09-21T19:21:42","slug":"lliga-de-debat-de-secundaria-i-batxillerat-2","status":"publish","type":"post","link":"https:\/\/serveiseducatius.xtec.cat\/solsones\/portada\/lliga-de-debat-de-secundaria-i-batxillerat-2\/","title":{"rendered":"Lliga de Debat de Secund\u00e0ria i Batxillerat"},"content":{"rendered":"<p><a href=\"http:\/\/serveiseducatius.xtec.cat\/solsones\/wp-content\/uploads\/usu1176\/2017\/09\/interior_ldsb_xvu.png\"><img loading=\"lazy\" decoding=\"async\" class=\"size-full wp-image-9306 aligncenter\" src=\"http:\/\/serveiseducatius.xtec.cat\/solsones\/wp-content\/uploads\/usu1176\/2017\/09\/interior_ldsb_xvu.png\" alt=\"\" width=\"428\" height=\"250\" srcset=\"https:\/\/serveiseducatius.xtec.cat\/solsones\/wp-content\/uploads\/usu1176\/2017\/09\/interior_ldsb_xvu.png 428w, https:\/\/serveiseducatius.xtec.cat\/solsones\/wp-content\/uploads\/usu1176\/2017\/09\/interior_ldsb_xvu-300x175.png 300w\" sizes=\"auto, (max-width: 428px) 100vw, 428px\" \/><\/a><\/p>\n<p>La\u00a0<a href=\"http:\/\/www.vives.org\/serveis\/lliga-de-debat\/lliga-de-debat-de-secundaria-i-batxillerat\/\" target=\"_blank\" rel=\"noopener\"><strong>Lliga de Debat de Secund\u00e0ria i Batxillerat<\/strong>\u00a0<\/a>\u00e9s una competici\u00f3 en la qual diversos equips d\u2019estudiants de 4t d\u2019ESO, batxillerat i cicles formatius (d\u2019edats entre 15 i 18 anys) de diferents centres docents debaten sobre un tema pol\u00e8mic i d\u2019actualitat. En aquesta ocasi\u00f3, el tema dels debats ser\u00e0: \u00ab<strong>Calen les fronteres entre pa\u00efsos?<\/strong>\u00bb.<\/p>\n<p>La participaci\u00f3 en la competici\u00f3 est\u00e0 oberta a l\u2019alumnat de 4t d\u2019ESO, batxillerat i cicles formatius (d\u2019edats entre 15 i 18 anys)<\/p>\n<p><a href=\"http:\/\/www.vives.org\/serveis\/lliga-de-debat\/lliga-de-debat-de-secundaria-i-batxillerat\/edicio-2019\/inscripcions-2019\/\" target=\"_blank\" rel=\"noopener\">Preinscripci\u00f3: de l\u20191 d\u2019octubre al 9 de novembre de 2018.<\/a><br \/>\nFormalitzaci\u00f3 d\u2019inscripcions: del 19 de novembre al 14 de desembre de 2018.<\/p>\n","protected":false},"excerpt":{"rendered":"<p>La\u00a0Lliga de Debat de Secund\u00e0ria i Batxillerat\u00a0\u00e9s una competici\u00f3 en la qual diversos equips d\u2019estudiants de 4t d\u2019ESO, batxillerat i cicles formatius (d\u2019edats entre 15 i 18 anys) de diferents centres docents debaten sobre un tema pol\u00e8mic i d\u2019actualitat. En aquesta ocasi\u00f3, el tema dels debats ser\u00e0: \u00abCalen les fronteres entre pa\u00efsos?\u00bb. La participaci\u00f3 en [&hellip;]<\/p>\n","protected":false},"author":1,"featured_media":9306,"comment_status":"closed","ping_status":"closed","sticky":false,"template":"","format":"standard","meta":{"_bbp_topic_count":0,"_bbp_reply_count":0,"_bbp_total_topic_count":0,"_bbp_total_reply_count":0,"_bbp_voice_count":0,"_bbp_anonymous_reply_count":0,"_bbp_topic_count_hidden":0,"_bbp_reply_count_hidden":0,"_bbp_forum_subforum_count":0,"site-sidebar-layout":"default","site-content-layout":"","ast-site-content-layout":"","site-content-style":"default","site-sidebar-style":"default","ast-global-header-display":"","ast-banner-title-visibility":"","ast-main-header-display":"","ast-hfb-above-header-display":"","ast-hfb-below-header-display":"","ast-hfb-mobile-header-display":"","site-post-title":"","ast-breadcrumbs-content":"","ast-featured-img":"","footer-sml-layout":"","theme-transparent-header-meta":"","adv-header-id-meta":"","stick-header-meta":"","header-above-stick-meta":"","header-main-stick-meta":"","header-below-stick-meta":"","astra-migrate-meta-layouts":"default","ast-page-background-enabled":"default","ast-page-background-meta":{"desktop":{"background-color":"var(--ast-global-color-4)","background-image":"","background-repeat":"repeat","background-position":"center center","background-size":"auto","background-attachment":"scroll","background-type":"","background-media":"","overlay-type":"","overlay-color":"","overlay-opacity":"","overlay-gradient":""},"tablet":{"background-color":"","background-image":"","background-repeat":"repeat","background-position":"center center","background-size":"auto","background-attachment":"scroll","background-type":"","background-media":"","overlay-type":"","overlay-color":"","overlay-opacity":"","overlay-gradient":""},"mobile":{"background-color":"","background-image":"","background-repeat":"repeat","background-position":"center center","background-size":"auto","background-attachment":"scroll","background-type":"","background-media":"","overlay-type":"","overlay-color":"","overlay-opacity":"","overlay-gradient":""}},"ast-content-background-meta":{"desktop":{"background-color":"var(--ast-global-color-5)","background-image":"","background-repeat":"repeat","background-position":"center center","background-size":"auto","background-attachment":"scroll","background-type":"","background-media":"","overlay-type":"","overlay-color":"","overlay-opacity":"","overlay-gradient":""},"tablet":{"background-color":"var(--ast-global-color-5)","background-image":"","background-repeat":"repeat","background-position":"center center","background-size":"auto","background-attachment":"scroll","background-type":"","background-media":"","overlay-type":"","overlay-color":"","overlay-opacity":"","overlay-gradient":""},"mobile":{"background-color":"var(--ast-global-color-5)","background-image":"","background-repeat":"repeat","background-position":"center center","background-size":"auto","background-attachment":"scroll","background-type":"","background-media":"","overlay-type":"","overlay-color":"","overlay-opacity":"","overlay-gradient":""}},"footnotes":""},"categories":[268,29],"tags":[490,541],"class_list":["post-10037","post","type-post","status-publish","format-standard","has-post-thumbnail","hentry","category-noticies-generals","category-portada","tag-debat","tag-lliga-de-debat"],"post_mailing_queue_ids":[],"_links":{"self":[{"href":"https:\/\/serveiseducatius.xtec.cat\/solsones\/wp-json\/wp\/v2\/posts\/10037","targetHints":{"allow":["GET"]}}],"collection":[{"href":"https:\/\/serveiseducatius.xtec.cat\/solsones\/wp-json\/wp\/v2\/posts"}],"about":[{"href":"https:\/\/serveiseducatius.xtec.cat\/solsones\/wp-json\/wp\/v2\/types\/post"}],"author":[{"embeddable":true,"href":"https:\/\/serveiseducatius.xtec.cat\/solsones\/wp-json\/wp\/v2\/users\/1"}],"replies":[{"embeddable":true,"href":"https:\/\/serveiseducatius.xtec.cat\/solsones\/wp-json\/wp\/v2\/comments?post=10037"}],"version-history":[{"count":1,"href":"https:\/\/serveiseducatius.xtec.cat\/solsones\/wp-json\/wp\/v2\/posts\/10037\/revisions"}],"predecessor-version":[{"id":10038,"href":"https:\/\/serveiseducatius.xtec.cat\/solsones\/wp-json\/wp\/v2\/posts\/10037\/revisions\/10038"}],"wp:featuredmedia":[{"embeddable":true,"href":"https:\/\/serveiseducatius.xtec.cat\/solsones\/wp-json\/wp\/v2\/media\/9306"}],"wp:attachment":[{"href":"https:\/\/serveiseducatius.xtec.cat\/solsones\/wp-json\/wp\/v2\/media?parent=10037"}],"wp:term":[{"taxonomy":"category","embeddable":true,"href":"https:\/\/serveiseducatius.xtec.cat\/solsones\/wp-json\/wp\/v2\/categories?post=10037"},{"taxonomy":"post_tag","embeddable":true,"href":"https:\/\/serveiseducatius.xtec.cat\/solsones\/wp-json\/wp\/v2\/tags?post=10037"}],"curies":[{"name":"wp","href":"https:\/\/api.w.org\/{rel}","templated":true}]}}